{"id":1875684,"date":"2026-04-10T12:26:45","date_gmt":"2026-04-10T09:26:45","guid":{"rendered":"https:\/\/analyse.optim.biz\/?p=1875684"},"modified":"2026-04-10T12:26:45","modified_gmt":"2026-04-10T09:26:45","slug":"barbat-gasit-in-coma-si-in-soc-hipotermic-pe-o-strada-din-suceava-stiri-suceava","status":"publish","type":"post","link":"https:\/\/analyse.optim.biz\/?p=1875684","title":{"rendered":"B\u0103rbat g\u0103sit \u00een com\u0103 \u0219i \u00een \u0219oc hipotermic, pe o strad\u0103 din Suceava &#8211; Stiri Suceava"},"content":{"rendered":"<p>[analyse_image type=&#8221;featured&#8221; src=&#8221;https:\/\/www.informatiata.ro\/wp-content\/uploads\/2019\/03\/ranit-upu.png&#8221;]<\/p>\n<div class=\"td-post-content tagdiv-type\">\n<div class=\"td-post-featured-image\"><a href=\"https:\/\/www.informatiata.ro\/wp-content\/uploads\/2019\/03\/ranit-upu.png\" data-caption><img loading=\"lazy\" decoding=\"async\" width=\"696\" height=\"392\" class=\"entry-thumb td-modal-image\" src=\"https:\/\/www.informatiata.ro\/wp-content\/uploads\/2019\/03\/ranit-upu-696x392.png\" alt title=\"r\u0103nit adus la Urgen\u021be Suceava\"><img loading=\"lazy\" decoding=\"async\" width=\"696\" height=\"392\" class=\"entry-thumb td-modal-image\" src=\"https:\/\/www.informatiata.ro\/wp-content\/uploads\/2019\/03\/ranit-upu-696x392.png\" alt title=\"r\u0103nit adus la Urgen\u021be Suceava\"><\/a><\/div>\n<p>B\u0103rbat g\u0103sit \u00een com\u0103 \u0219i \u00een \u0219oc hipotermic, pe o strad\u0103 din Suceava. Este vorba despre o persoan\u0103 care locuia \u00eentr-un centru de noapte \u0219i care se afla \u00een stare avansat\u0103 de ebrietate. <\/p>\n<p>La data de 09.04.2026, orele 23:45, Poli\u021bia Municipiului Suceava a fost sesizat\u0103 telefonic de c\u0103tre personalul medical din cadrul UPU Suceava \u2013 Spitalul Clinic Jude\u0163ean de Urgen\u0163\u0103 ,,Sf\u00e2ntul Ioan cel Nou\u201d cu privire la faptul c\u0103, la aceast\u0103 sec\u0163ie a fost adus cu Ambulan\u0163a o persoan\u0103 c\u0103zut\u0103 \u00een strad\u0103.<\/p>\n<div class=\"td-a-rec td-a-rec-id-content_inlineright  tdi_6 td_block_template_1\"><img loading=\"lazy\" decoding=\"async\" class=\"aligncenter size-full wp-image-64555\" src=\"https:\/\/www.informatiata.ro\/wp-content\/uploads\/2026\/04\/SAVCOM-13.gif\" alt width=\"299\" height=\"250\"><img loading=\"lazy\" decoding=\"async\" class=\"aligncenter size-full wp-image-64555\" src=\"https:\/\/www.informatiata.ro\/wp-content\/uploads\/2026\/04\/SAVCOM-13.gif\" alt width=\"299\" height=\"250\"><img loading=\"lazy\" decoding=\"async\" class=\"aligncenter size-full wp-image-64556\" src=\"https:\/\/www.informatiata.ro\/wp-content\/uploads\/2026\/04\/FACOS-11.gif\" alt width=\"300\" height=\"250\"><img loading=\"lazy\" decoding=\"async\" class=\"aligncenter size-full wp-image-64556\" src=\"https:\/\/www.informatiata.ro\/wp-content\/uploads\/2026\/04\/FACOS-11.gif\" alt width=\"300\" height=\"250\"><\/div>\n<p>La fa\u021ba locului s-a deplasat o patrul\u0103 din cadrul Biroului de Ordine Public\u0103. <\/p>\n<p>\u00cen urma cercet\u0103rilor efectuate de poli\u021bi\u0219ti, a rezultat c\u0103, \u00een zona Clinicii Ridere de pe Bld. George Enescu, vis-a-vis de magazinul Lidl, a fost identificat\u0103 o persoan\u0103 \u00een stare de ebrietate, c\u0103zut\u0103 jos \u0219i incon\u0219tient\u0103.<\/p>\n<p> La fa\u021ba locului s-a deplasat un echipaj medical de Ambulan\u021b\u0103 care a g\u0103sit o persoan\u0103 de sex masculin, sub influen\u021ba b\u0103uturilor alcoolice,  incon\u0219tient, acesta fiind transportat la sec\u021bia UPU. <\/p>\n<p>Ulterior, la UPU Suceava s-au deplasat organele de poli\u021bie care au stabilit c\u0103 persoana \u00een cauz\u0103 este un b\u0103rbat \u00een v\u00e2rst\u0103 de 46 ani,f\u0103r\u0103 locuin\u021b\u0103, consumator de b\u0103uturi alcoolice \u0219i care locuie\u0219te de mai mul\u021bi ani pe timp de noapte la \u201dCentrul social de noapte \u0219i Reinser\u021bie social\u0103 a persoanelor f\u0103r\u0103 ad\u0103post \u2013 Lumin\u0103 Lin\u0103\u201d aflat \u00een incinta cur\u021bii bisericii Sf. Vineri de pe Bd. George Enescu.<\/p>\n<p>Aceztuia i s-a stabilit diagnosticul ,,com\u0103 profund\u0103, hipotensiune sever\u0103, hipotermie sever\u0103, acidoz\u0103 metabolic\u0103 sever\u0103, etilism acut\u201d, el fiind internat pe sec\u021bia ATI.<\/p>\n<p>\u00cen cauz\u0103 a fost \u00eentocmit un proces verbal de constatare, cercet\u0103rile urm\u00e2nd a fi continuate, de c\u0103tre luc\u0103tori din cadrul Poli\u021biei Municipiului Suceava sub aspectul s\u0103v\u00e2r\u0219irii infrac\u021biunii de \u201dv\u0103t\u0103mare corporal\u0103 din culp\u0103\u201d. <\/p>\n<div class=\"td-a-rec td-a-rec-id-content_bottom  tdi_7 td_block_template_1\"><img loading=\"lazy\" decoding=\"async\" class=\"aligncenter size-large wp-image-64642\" src=\"https:\/\/www.informatiata.ro\/wp-content\/uploads\/2026\/04\/felicitare-bun-Dzimi-1024x612.jpg\" alt width=\"696\" height=\"416\"><img loading=\"lazy\" decoding=\"async\" class=\"aligncenter size-large wp-image-64642\" src=\"https:\/\/www.informatiata.ro\/wp-content\/uploads\/2026\/04\/felicitare-bun-Dzimi-1024x612.jpg\" alt width=\"696\" height=\"416\"><img loading=\"lazy\" decoding=\"async\" class=\"aligncenter size-large wp-image-64641\" src=\"https:\/\/www.informatiata.ro\/wp-content\/uploads\/2026\/04\/felicitare-bun-balan-1024x765.jpg\" alt width=\"696\" height=\"520\"><img loading=\"lazy\" decoding=\"async\" class=\"aligncenter size-large wp-image-64641\" src=\"https:\/\/www.informatiata.ro\/wp-content\/uploads\/2026\/04\/felicitare-bun-balan-1024x765.jpg\" alt width=\"696\" height=\"520\"><img loading=\"lazy\" decoding=\"async\" class=\"aligncenter size-large wp-image-64643\" src=\"https:\/\/www.informatiata.ro\/wp-content\/uploads\/2026\/04\/felicitare-bun-boliacu-1024x1024.jpg\" alt width=\"696\" height=\"696\"><img loading=\"lazy\" decoding=\"async\" class=\"aligncenter size-large wp-image-64643\" src=\"https:\/\/www.informatiata.ro\/wp-content\/uploads\/2026\/04\/felicitare-bun-boliacu-1024x1024.jpg\" alt width=\"696\" height=\"696\"><\/div>\n<\/div>\n<p>[analyse_source url=&#8221;https:\/\/www.informatiata.ro\/barbat-gasit-in-coma-pe-strada-suceava\/&#8221;]<\/p>\n","protected":false},"excerpt":{"rendered":"<p>[analyse_image type=&#8221;featured&#8221; src=&#8221;https:\/\/www.informatiata.ro\/wp-content\/uploads\/2019\/03\/ranit-upu.png&#8221;] B\u0103rbat g\u0103sit \u00een com\u0103 \u0219i \u00een \u0219oc hipotermic, pe o strad\u0103 din Suceava. Este vorba despre o persoan\u0103 care locuia \u00eentr-un centru de noapte \u0219i care se afla \u00een stare avansat\u0103 de ebrietate. La data de 09.04.2026, orele 23:45, Poli\u021bia Municipiului Suceava a fost sesizat\u0103 telefonic de c\u0103tre personalul medical din cadrul [&hellip;]<\/p>\n","protected":false},"author":1,"featured_media":0,"comment_status":"open","ping_status":"","sticky":false,"template":"","format":"standard","meta":{"footnotes":""},"categories":[89],"tags":[226,167],"class_list":["post-1875684","post","type-post","status-publish","format-standard","hentry","category-romania","tag-crawlmanager","tag-informatiata-ro"],"_links":{"self":[{"href":"https:\/\/analyse.optim.biz\/index.php?rest_route=\/wp\/v2\/posts\/1875684","targetHints":{"allow":["GET"]}}],"collection":[{"href":"https:\/\/analyse.optim.biz\/index.php?rest_route=\/wp\/v2\/posts"}],"about":[{"href":"https:\/\/analyse.optim.biz\/index.php?rest_route=\/wp\/v2\/types\/post"}],"author":[{"embeddable":true,"href":"https:\/\/analyse.optim.biz\/index.php?rest_route=\/wp\/v2\/users\/1"}],"replies":[{"embeddable":true,"href":"https:\/\/analyse.optim.biz\/index.php?rest_route=%2Fwp%2Fv2%2Fcomments&post=1875684"}],"version-history":[{"count":0,"href":"https:\/\/analyse.optim.biz\/index.php?rest_route=\/wp\/v2\/posts\/1875684\/revisions"}],"wp:attachment":[{"href":"https:\/\/analyse.optim.biz\/index.php?rest_route=%2Fwp%2Fv2%2Fmedia&parent=1875684"}],"wp:term":[{"taxonomy":"category","embeddable":true,"href":"https:\/\/analyse.optim.biz\/index.php?rest_route=%2Fwp%2Fv2%2Fcategories&post=1875684"},{"taxonomy":"post_tag","embeddable":true,"href":"https:\/\/analyse.optim.biz\/index.php?rest_route=%2Fwp%2Fv2%2Ftags&post=1875684"}],"curies":[{"name":"wp","href":"https:\/\/api.w.org\/{rel}","templated":true}]}}