{"id":187568,"date":"2015-01-20T13:45:44","date_gmt":"2015-01-20T10:45:44","guid":{"rendered":"https:\/\/analyse.optim.biz\/?p=187568"},"modified":"2015-01-20T13:45:44","modified_gmt":"2015-01-20T10:45:44","slug":"mediafax-deputatul-ionut-stroe-viitorul-purtator-de-cuvant-al-pnl-in-locul-alinei-gorghiu","status":"publish","type":"post","link":"https:\/\/analyse.optim.biz\/?p=187568","title":{"rendered":"Mediafax: Deputatul Ionu\u0163 Stroe, viitorul purt\u0103tor de cuv\u00e2nt al PNL, \u00een locul Alinei Gorghiu"},"content":{"rendered":"<div class=\"entry data-app-meta data-app-meta-article\" data-embed-base-url-canonical=\"https:\/\/www.digi24.ro\/embed\/stiri\/actualitate\/politica\/mediafax-deputatul-ionut-stroe-viitorul-purtator-de-cuvant-al-pnl-in-locul-alinei-gorghiu-349337\">\n<p data-index=\"1\"><img decoding=\"async\" src=\"https:\/\/analyse.optim.biz\/wp-content\/uploads\/2024\/09\/ytbmnwvjzddjyzy2mgfhnzyzm2u0mjixzwe-thumb_.jpg\" data-skip-htmlfix=\"1\" title=\"ytbmnwvjzddjyzy2mgfhnzyzm2u0mjixzwe-thumb_\"><\/p>\n<p data-index=\"2\"><em>(Foto Facebook)<\/em><\/p>\n<p data-index=\"3\">Propunerea lui <strong>Ionu\u0163 Stroe<\/strong> ca purt\u0103tor de cuv\u00e2nt al PNL vine la recomandarea pre\u015fedintelui forma\u0163iunii,\u00a0Alina Gorghiu, scrie Mediafax, care citeaz\u0103 surse din interiorul PNL.<\/p>\n<p data-index=\"4\"><strong><span>Ionu\u0163 Stroe este deputat de Dolj, vicelider al grupului parlamentar PNL \u015fi membru \u00een comisiile de politic\u0103 extern\u0103 \u015fi afaceri europene.<\/span><\/strong><\/p>\n<p data-index=\"5\"><strong>Prima \u015fedin\u0163\u0103 din 2015 a Biroului Politic Na\u0163ional al partidului va avea loc \u00een 23 ianuarie, la Ia\u015fi<\/strong>, unde sunt a\u015ftepta\u0163i liderii forma\u0163iuni pentru a participa la manifest\u0103rile dedicate Zilei Unirii.<\/p>\n<p data-index=\"6\">\u00cen cadrul \u015fedin\u0163ei, conducerea<strong> PNL<\/strong> ar trebui s\u0103 analizeze \u015fi situa\u0163ia unor vicepre\u015fedin\u0163i care au fost aresta\u0163i preventiv sau condamna\u0163i \u015fi dac\u0103 mandatele acestora vor fi vacantate \u015fi ocupate de liberalii situa\u0163i pe urm\u0103toarele pozi\u0163ii, conform situa\u0163iei voturilor de la congresul PNL.<\/p>\n<p data-index=\"7\">Este cazul deputatului PNL<strong>\u00a0Mircea Ro\u015fca<\/strong>, vicepre\u015fedinte al PNL, arestat preventiv din 20 noiembrie anul trecut.<\/p>\n<p data-index=\"8\">Un alt caz este cel al lui <strong>Artistotel C\u0103ncescu,<\/strong> vicepre\u015fedinte PNL \u015fi pre\u015fedintele suspendat al Consiliului Jude\u0163ean Bra\u015fov, de asemenea aflat \u00een arest preventiv.<\/p>\n<p data-index=\"9\">\u00cen plus, conducerea PNL va trebui s\u0103 stabileasc\u0103 dac\u0103 \u00een cazul pre\u015fedintelui Consiliului Jude\u0163ean Boto\u015fani,<strong> Florin \u0162urcanu<\/strong>, care este \u015fi vicepre\u015fedinte al PNL, va aplica o sanc\u0163iune dup\u0103 ce acesta a fost condamnat la \u015fase luni de \u00eenchisoare cu suspendare.<\/p>\n<p data-index=\"10\">Conform votului de la congresul PNL, pe urm\u0103toarele pozi\u0163ii de vicepre\u015fedinte se afl\u0103 senatorul PNL\u00a0<strong>Varujan Vosganian\u00a0<\/strong>\u015fi deputatul <strong>Cristina Pocora<\/strong>.<\/p>\n<\/div>\n<p> Source URL: https:\/\/www.digi24.ro\/stiri\/actualitate\/politica\/mediafax-deputatul-ionut-stroe-viitorul-purtator-de-cuvant-al-pnl-in-locul-alinei-gorghiu-349337<\/p>\n","protected":false},"excerpt":{"rendered":"<p>(Foto Facebook) Propunerea lui Ionu\u0163 Stroe ca purt\u0103tor de cuv\u00e2nt al PNL vine la recomandarea pre\u015fedintelui forma\u0163iunii,\u00a0Alina Gorghiu, scrie Mediafax, care citeaz\u0103 surse din interiorul PNL. Ionu\u0163 Stroe este deputat de Dolj, vicelider al grupului parlamentar PNL \u015fi membru \u00een comisiile de politic\u0103 extern\u0103 \u015fi afaceri europene. Prima \u015fedin\u0163\u0103 din 2015 a Biroului Politic Na\u0163ional [&hellip;]<\/p>\n","protected":false},"author":1,"featured_media":187569,"comment_status":"open","ping_status":"","sticky":false,"template":"","format":"standard","meta":{"footnotes":""},"categories":[2],"tags":[11],"class_list":["post-187568","post","type-post","status-publish","format-standard","has-post-thumbnail","hentry","category-politics","tag-digi24"],"_links":{"self":[{"href":"https:\/\/analyse.optim.biz\/index.php?rest_route=\/wp\/v2\/posts\/187568","targetHints":{"allow":["GET"]}}],"collection":[{"href":"https:\/\/analyse.optim.biz\/index.php?rest_route=\/wp\/v2\/posts"}],"about":[{"href":"https:\/\/analyse.optim.biz\/index.php?rest_route=\/wp\/v2\/types\/post"}],"author":[{"embeddable":true,"href":"https:\/\/analyse.optim.biz\/index.php?rest_route=\/wp\/v2\/users\/1"}],"replies":[{"embeddable":true,"href":"https:\/\/analyse.optim.biz\/index.php?rest_route=%2Fwp%2Fv2%2Fcomments&post=187568"}],"version-history":[{"count":0,"href":"https:\/\/analyse.optim.biz\/index.php?rest_route=\/wp\/v2\/posts\/187568\/revisions"}],"wp:featuredmedia":[{"embeddable":true,"href":"https:\/\/analyse.optim.biz\/index.php?rest_route=\/wp\/v2\/media\/187569"}],"wp:attachment":[{"href":"https:\/\/analyse.optim.biz\/index.php?rest_route=%2Fwp%2Fv2%2Fmedia&parent=187568"}],"wp:term":[{"taxonomy":"category","embeddable":true,"href":"https:\/\/analyse.optim.biz\/index.php?rest_route=%2Fwp%2Fv2%2Fcategories&post=187568"},{"taxonomy":"post_tag","embeddable":true,"href":"https:\/\/analyse.optim.biz\/index.php?rest_route=%2Fwp%2Fv2%2Ftags&post=187568"}],"curies":[{"name":"wp","href":"https:\/\/api.w.org\/{rel}","templated":true}]}}