{"id":1875654,"date":"2026-04-08T12:20:42","date_gmt":"2026-04-08T09:20:42","guid":{"rendered":"https:\/\/analyse.optim.biz\/?p=1875654"},"modified":"2026-04-08T12:20:42","modified_gmt":"2026-04-08T09:20:42","slug":"a-solicitat-anularea-unei-hotarari-clm-buzau","status":"publish","type":"post","link":"https:\/\/analyse.optim.biz\/?p=1875654","title":{"rendered":"A SOLICITAT ANULAREA UNEI HOT\u0102R\u00c2RI CLM BUZ\u0102U"},"content":{"rendered":"<p>[analyse_image type=&#8221;featured&#8221; src=&#8221;https:\/\/newss.ro\/wp-content\/uploads\/2022\/11\/prefectura-Buzau.jpg&#8221;]<\/p>\n<div class=\"td-post-content\">\n<div class=\"td-post-featured-image\"><a href=\"https:\/\/newss.ro\/wp-content\/uploads\/2022\/11\/prefectura-Buzau.jpg\" data-caption><img loading=\"lazy\" decoding=\"async\" width=\"696\" height=\"464\" class=\"entry-thumb td-modal-image\" src=\"https:\/\/newss.ro\/wp-content\/uploads\/2022\/11\/prefectura-Buzau-696x464.jpg\" alt title=\"prefectura Buzau\"><\/a><\/div>\n<p>Prefectura Buz\u0103u a decis s\u0103 solicite Consiliului Local Municipal Buz\u0103u anularea hot\u0103r\u00e2rii privind contractarea unor servicii juridice pentru reprezentarea Prim\u0103riei \u00een procesul privind \u201eContractul Climatic\u201d al municipiului \u2013 M100.<\/p>\n<p>Recent, Consiliul Local Buz\u0103u a aprobat angajarea unei case de avocatur\u0103 externe, pentru a sus\u021bine \u00een justi\u021bie apelul \u00een cazul \u201eContractului Climatic\u201d(M100), declarat nelegal de instan\u021ba de fond. Municipalitatea a optat pentru asisten\u021b\u0103 juridic\u0103 privat\u0103 \u00een aceast\u0103 spe\u021b\u0103, cu un onorariu de lux, 10.000 lei doar pentru studierea dosarului \u0219i 88 euro f\u0103r\u0103 TVA, pentru fiecare or\u0103 pe care casa de avocatur\u0103 o va aloca acestui caz, dar \u0219i alte cheltuieli aferente. \u00cen cazul \u00een care, Consiliul Local Buz\u0103u nu va revoca hot\u0103r\u00e2rea, p\u00e2n\u0103 pe 20 aprilie, Prefectura Buz\u0103u, se poate adresa instan\u021bei de contencios administrativ pentru anularea documentului.<\/p>\n<\/div>\n<div class=\"td-post-content\">\n<div class=\"td-post-featured-image\"><a href=\"https:\/\/newss.ro\/wp-content\/uploads\/2022\/11\/prefectura-Buzau.jpg\" data-caption><img loading=\"lazy\" decoding=\"async\" width=\"696\" height=\"464\" class=\"entry-thumb td-modal-image\" src=\"https:\/\/newss.ro\/wp-content\/uploads\/2022\/11\/prefectura-Buzau-696x464.jpg\" alt title=\"prefectura Buzau\"><\/a><\/div>\n<p>Prefectura Buz\u0103u a decis s\u0103 solicite Consiliului Local Municipal Buz\u0103u anularea hot\u0103r\u00e2rii privind contractarea unor servicii juridice pentru reprezentarea Prim\u0103riei \u00een procesul privind \u201eContractul Climatic\u201d al municipiului \u2013 M100.<\/p>\n<p>Recent, Consiliul Local Buz\u0103u a aprobat angajarea unei case de avocatur\u0103 externe, pentru a sus\u021bine \u00een justi\u021bie apelul \u00een cazul \u201eContractului Climatic\u201d(M100), declarat nelegal de instan\u021ba de fond. Municipalitatea a optat pentru asisten\u021b\u0103 juridic\u0103 privat\u0103 \u00een aceast\u0103 spe\u021b\u0103, cu un onorariu de lux, 10.000 lei doar pentru studierea dosarului \u0219i 88 euro f\u0103r\u0103 TVA, pentru fiecare or\u0103 pe care casa de avocatur\u0103 o va aloca acestui caz, dar \u0219i alte cheltuieli aferente. \u00cen cazul \u00een care, Consiliul Local Buz\u0103u nu va revoca hot\u0103r\u00e2rea, p\u00e2n\u0103 pe 20 aprilie, Prefectura Buz\u0103u, se poate adresa instan\u021bei de contencios administrativ pentru anularea documentului.<\/p>\n<\/div>\n<p>[analyse_source url=&#8221;https:\/\/newss.ro\/2026\/04\/08\/a-solicitat-anularea-unei-hotarari-clm-buzau\/&#8221;]<\/p>\n","protected":false},"excerpt":{"rendered":"<p>[analyse_image type=&#8221;featured&#8221; src=&#8221;https:\/\/newss.ro\/wp-content\/uploads\/2022\/11\/prefectura-Buzau.jpg&#8221;] Prefectura Buz\u0103u a decis s\u0103 solicite Consiliului Local Municipal Buz\u0103u anularea hot\u0103r\u00e2rii privind contractarea unor servicii juridice pentru reprezentarea Prim\u0103riei \u00een procesul privind \u201eContractul Climatic\u201d al municipiului \u2013 M100. Recent, Consiliul Local Buz\u0103u a aprobat angajarea unei case de avocatur\u0103 externe, pentru a sus\u021bine \u00een justi\u021bie apelul \u00een cazul \u201eContractului Climatic\u201d(M100), declarat [&hellip;]<\/p>\n","protected":false},"author":1,"featured_media":0,"comment_status":"open","ping_status":"","sticky":false,"template":"","format":"standard","meta":{"footnotes":""},"categories":[2],"tags":[226,73],"class_list":["post-1875654","post","type-post","status-publish","format-standard","hentry","category-politics","tag-crawlmanager","tag-newss-ro"],"_links":{"self":[{"href":"https:\/\/analyse.optim.biz\/index.php?rest_route=\/wp\/v2\/posts\/1875654","targetHints":{"allow":["GET"]}}],"collection":[{"href":"https:\/\/analyse.optim.biz\/index.php?rest_route=\/wp\/v2\/posts"}],"about":[{"href":"https:\/\/analyse.optim.biz\/index.php?rest_route=\/wp\/v2\/types\/post"}],"author":[{"embeddable":true,"href":"https:\/\/analyse.optim.biz\/index.php?rest_route=\/wp\/v2\/users\/1"}],"replies":[{"embeddable":true,"href":"https:\/\/analyse.optim.biz\/index.php?rest_route=%2Fwp%2Fv2%2Fcomments&post=1875654"}],"version-history":[{"count":0,"href":"https:\/\/analyse.optim.biz\/index.php?rest_route=\/wp\/v2\/posts\/1875654\/revisions"}],"wp:attachment":[{"href":"https:\/\/analyse.optim.biz\/index.php?rest_route=%2Fwp%2Fv2%2Fmedia&parent=1875654"}],"wp:term":[{"taxonomy":"category","embeddable":true,"href":"https:\/\/analyse.optim.biz\/index.php?rest_route=%2Fwp%2Fv2%2Fcategories&post=1875654"},{"taxonomy":"post_tag","embeddable":true,"href":"https:\/\/analyse.optim.biz\/index.php?rest_route=%2Fwp%2Fv2%2Ftags&post=1875654"}],"curies":[{"name":"wp","href":"https:\/\/api.w.org\/{rel}","templated":true}]}}