{"id":1875651,"date":"2026-04-07T14:26:20","date_gmt":"2026-04-07T11:26:20","guid":{"rendered":"https:\/\/analyse.optim.biz\/?p=1875651"},"modified":"2026-04-07T14:26:20","modified_gmt":"2026-04-07T11:26:20","slug":"restrictii-de-tonaj-pe-mai-multe-drumuri-din-tara-in-perioada-sarbatorilor-pascale","status":"publish","type":"post","link":"https:\/\/analyse.optim.biz\/?p=1875651","title":{"rendered":"RESTRIC\u021aII DE TONAJ PE MAI MULTE DRUMURI DIN \u021aAR\u0102, \u00ceN PERIOADA S\u0102RB\u0102TORILOR PASCALE"},"content":{"rendered":"<p>[analyse_image type=&#8221;featured&#8221; src=&#8221;https:\/\/newss.ro\/wp-content\/uploads\/2024\/07\/restritii-tonaj-75.webp&#8221;]<\/p>\n<div class=\"td-post-content\">\n<div class=\"td-post-featured-image\"><a href=\"https:\/\/newss.ro\/wp-content\/uploads\/2024\/07\/restritii-tonaj-75.webp\" data-caption><img loading=\"lazy\" decoding=\"async\" width=\"696\" height=\"387\" class=\"entry-thumb td-modal-image\" src=\"https:\/\/newss.ro\/wp-content\/uploads\/2024\/07\/restritii-tonaj-75-696x387.webp\" alt title=\"restritii tonaj 7,5\"><\/a><\/div>\n<p>Compania Na\u021bional\u0103 de Administrare a Infrastructurii Rutiere informeaz\u0103 c\u0103 circula\u021bia vehiculelor rutiere cu masa total\u0103 maxim\u0103 autorizat\u0103 mai mare de 7,5 tone, altele dec\u00e2t cele destinate exclusiv transportului de persoane, va fi restric\u021bionat\u0103 pe mai multe sectoare de drumuri na\u021bionale \u0219i autostr\u0103zi, \u00een perioada 9 \u2013 13 aprilie 2026, cu ocazia S\u0103rb\u0103torilor Pascale.<\/p>\n<p>Astfel, pe Autostrada A2 Bucure\u0219ti (intersec\u021bia A2 cu DNCB) \u2013 Constan\u021ba (intersec\u021bia A2 cu A4), restric\u021biile vor fi instituite pe ambele sensuri de circula\u021bie joi, 9 aprilie, \u0219i s\u00e2mb\u0103t\u0103, 11 aprilie, \u00een intervalul orar 16:00 \u2013 22:00, iar vineri, 10 aprilie, precum \u0219i duminic\u0103 \u0219i luni, 12 \u0219i 13 aprilie, \u00eentre orele 6:00 \u2013 22:00.<\/p>\n<p>Pe DN7, pe sectorul Pite\u0219ti (intersec\u021bia DN7 cu DN7C) \u2013 R\u00e2mnicu V\u00e2lcea \u2013 Vestem (intersec\u021bia DN7 cu DN1), restric\u021biile se aplic\u0103 \u00een acelea\u0219i zile, \u00een intervalul 18:00 \u2013 22:00 \u00een zilele de 9 \u0219i 11 aprilie, respectiv \u00eentre orele 6:00 \u2013 22:00 \u00een zilele de 10, 12 \u0219i 13 aprilie.<\/p>\n<p>De asemenea, pe DN39, \u00eentre Agigea (intersec\u021bia DN39 cu DN39A) \u0219i Mangalia (limita municipiului), circula\u021bia va fi restric\u021bionat\u0103 joi, 9 aprilie, \u0219i s\u00e2mb\u0103t\u0103, 11 aprilie, \u00eentre orele 16:00 \u2013 22:00, iar vineri, 10 aprilie, \u0219i \u00een zilele de 12 \u0219i 13 aprilie, \u00een intervalul 6:00 \u2013 22:00.<\/p>\n<p>CNAIR precizeaz\u0103 c\u0103 nerespectarea tuturor acestor restric\u021bii constituie contraven\u021bie \u0219i se sanc\u021bioneaz\u0103 cu amend\u0103.<\/p>\n<\/div>\n<div class=\"td-post-content\">\n<div class=\"td-post-featured-image\"><a href=\"https:\/\/newss.ro\/wp-content\/uploads\/2024\/07\/restritii-tonaj-75.webp\" data-caption><img loading=\"lazy\" decoding=\"async\" width=\"696\" height=\"387\" class=\"entry-thumb td-modal-image\" src=\"https:\/\/newss.ro\/wp-content\/uploads\/2024\/07\/restritii-tonaj-75-696x387.webp\" alt title=\"restritii tonaj 7,5\"><\/a><\/div>\n<p>Compania Na\u021bional\u0103 de Administrare a Infrastructurii Rutiere informeaz\u0103 c\u0103 circula\u021bia vehiculelor rutiere cu masa total\u0103 maxim\u0103 autorizat\u0103 mai mare de 7,5 tone, altele dec\u00e2t cele destinate exclusiv transportului de persoane, va fi restric\u021bionat\u0103 pe mai multe sectoare de drumuri na\u021bionale \u0219i autostr\u0103zi, \u00een perioada 9 \u2013 13 aprilie 2026, cu ocazia S\u0103rb\u0103torilor Pascale.<\/p>\n<p>Astfel, pe Autostrada A2 Bucure\u0219ti (intersec\u021bia A2 cu DNCB) \u2013 Constan\u021ba (intersec\u021bia A2 cu A4), restric\u021biile vor fi instituite pe ambele sensuri de circula\u021bie joi, 9 aprilie, \u0219i s\u00e2mb\u0103t\u0103, 11 aprilie, \u00een intervalul orar 16:00 \u2013 22:00, iar vineri, 10 aprilie, precum \u0219i duminic\u0103 \u0219i luni, 12 \u0219i 13 aprilie, \u00eentre orele 6:00 \u2013 22:00.<\/p>\n<p>Pe DN7, pe sectorul Pite\u0219ti (intersec\u021bia DN7 cu DN7C) \u2013 R\u00e2mnicu V\u00e2lcea \u2013 Vestem (intersec\u021bia DN7 cu DN1), restric\u021biile se aplic\u0103 \u00een acelea\u0219i zile, \u00een intervalul 18:00 \u2013 22:00 \u00een zilele de 9 \u0219i 11 aprilie, respectiv \u00eentre orele 6:00 \u2013 22:00 \u00een zilele de 10, 12 \u0219i 13 aprilie.<\/p>\n<p>De asemenea, pe DN39, \u00eentre Agigea (intersec\u021bia DN39 cu DN39A) \u0219i Mangalia (limita municipiului), circula\u021bia va fi restric\u021bionat\u0103 joi, 9 aprilie, \u0219i s\u00e2mb\u0103t\u0103, 11 aprilie, \u00eentre orele 16:00 \u2013 22:00, iar vineri, 10 aprilie, \u0219i \u00een zilele de 12 \u0219i 13 aprilie, \u00een intervalul 6:00 \u2013 22:00.<\/p>\n<p>CNAIR precizeaz\u0103 c\u0103 nerespectarea tuturor acestor restric\u021bii constituie contraven\u021bie \u0219i se sanc\u021bioneaz\u0103 cu amend\u0103.<\/p>\n<\/div>\n<p>[analyse_source url=&#8221;https:\/\/newss.ro\/2026\/04\/07\/restrictii-de-tonaj-pe-mai-multe-drumuri-din-tara-in-perioada-sarbatorilor-pascale\/&#8221;]<\/p>\n","protected":false},"excerpt":{"rendered":"<p>[analyse_image type=&#8221;featured&#8221; src=&#8221;https:\/\/newss.ro\/wp-content\/uploads\/2024\/07\/restritii-tonaj-75.webp&#8221;] Compania Na\u021bional\u0103 de Administrare a Infrastructurii Rutiere informeaz\u0103 c\u0103 circula\u021bia vehiculelor rutiere cu masa total\u0103 maxim\u0103 autorizat\u0103 mai mare de 7,5 tone, altele dec\u00e2t cele destinate exclusiv transportului de persoane, va fi restric\u021bionat\u0103 pe mai multe sectoare de drumuri na\u021bionale \u0219i autostr\u0103zi, \u00een perioada 9 \u2013 13 aprilie 2026, cu ocazia S\u0103rb\u0103torilor [&hellip;]<\/p>\n","protected":false},"author":1,"featured_media":0,"comment_status":"open","ping_status":"","sticky":false,"template":"","format":"standard","meta":{"footnotes":""},"categories":[2],"tags":[226,73],"class_list":["post-1875651","post","type-post","status-publish","format-standard","hentry","category-politics","tag-crawlmanager","tag-newss-ro"],"_links":{"self":[{"href":"https:\/\/analyse.optim.biz\/index.php?rest_route=\/wp\/v2\/posts\/1875651","targetHints":{"allow":["GET"]}}],"collection":[{"href":"https:\/\/analyse.optim.biz\/index.php?rest_route=\/wp\/v2\/posts"}],"about":[{"href":"https:\/\/analyse.optim.biz\/index.php?rest_route=\/wp\/v2\/types\/post"}],"author":[{"embeddable":true,"href":"https:\/\/analyse.optim.biz\/index.php?rest_route=\/wp\/v2\/users\/1"}],"replies":[{"embeddable":true,"href":"https:\/\/analyse.optim.biz\/index.php?rest_route=%2Fwp%2Fv2%2Fcomments&post=1875651"}],"version-history":[{"count":0,"href":"https:\/\/analyse.optim.biz\/index.php?rest_route=\/wp\/v2\/posts\/1875651\/revisions"}],"wp:attachment":[{"href":"https:\/\/analyse.optim.biz\/index.php?rest_route=%2Fwp%2Fv2%2Fmedia&parent=1875651"}],"wp:term":[{"taxonomy":"category","embeddable":true,"href":"https:\/\/analyse.optim.biz\/index.php?rest_route=%2Fwp%2Fv2%2Fcategories&post=1875651"},{"taxonomy":"post_tag","embeddable":true,"href":"https:\/\/analyse.optim.biz\/index.php?rest_route=%2Fwp%2Fv2%2Ftags&post=1875651"}],"curies":[{"name":"wp","href":"https:\/\/api.w.org\/{rel}","templated":true}]}}