{"id":1875647,"date":"2026-04-10T10:00:30","date_gmt":"2026-04-10T07:00:30","guid":{"rendered":"https:\/\/analyse.optim.biz\/?p=1875647"},"modified":"2026-04-10T10:00:30","modified_gmt":"2026-04-10T07:00:30","slug":"sedinta-extraordinara-dupa-pasti","status":"publish","type":"post","link":"https:\/\/analyse.optim.biz\/?p=1875647","title":{"rendered":"\u0218EDIN\u021a\u0102 EXTRAORDINAR\u0102 DUP\u0102 PA\u0218TI"},"content":{"rendered":"<p>[analyse_image type=&#8221;featured&#8221; src=&#8221;https:\/\/newss.ro\/wp-content\/uploads\/2026\/04\/SEDINTA-CLM-MARTIE-26.jpg&#8221;]<\/p>\n<div class=\"td-post-content\">\n<div class=\"td-post-featured-image\"><a href=\"https:\/\/newss.ro\/wp-content\/uploads\/2026\/04\/SEDINTA-CLM-MARTIE-26.jpg\" data-caption><img loading=\"lazy\" decoding=\"async\" width=\"696\" height=\"314\" class=\"entry-thumb td-modal-image\" src=\"https:\/\/newss.ro\/wp-content\/uploads\/2026\/04\/SEDINTA-CLM-MARTIE-26-696x314.jpg\" alt title=\"SEDINTA CLM MARTIE 26\"><\/a><\/div>\n<p>Consiliul Local Municipal R\u00e2mnicu S\u0103rat se va \u00eentruni, miercuri, 15 aprilie, de ora 15.00, \u00eentr-o \u0219edin\u021b\u0103 de lucru extraordinar\u0103. Pe ordinea de zi sunt cinci proiecte de hot\u0103r\u00e2re.<\/p>\n<p>Consilierii din Rm S\u0103rat vor supune la vot num\u0103rul maxim de posturi stabilit de c\u0103tre Prefectura Buz\u0103u pentru municipiul R\u00e2mnicu S\u0103rat. Tot miercuri, Consiliul Local va aproba darea \u00een administrare c\u0103tre Poli\u021bia Municipiului R\u00e2mnicu S\u0103rat, a imobilului de pe strada Tudor Vladimirescu, nr. 10, \u00een vederea mut\u0103rii personalului Poli\u021biei Municipiului \u0219i desf\u0103\u0219ur\u0103rii activit\u0103\u021bilor pe durata implement\u0103rii proiectului de consolidare structural\u0103 \u0219i reabilitare energetic\u0103 a corpurilor de cl\u0103dire C1 \u0219i C2 de la Poli\u021bia Municipiului R\u00e2mnicu S\u0103rat.<\/p>\n<\/div>\n<div class=\"td-post-content\">\n<div class=\"td-post-featured-image\"><a href=\"https:\/\/newss.ro\/wp-content\/uploads\/2026\/04\/SEDINTA-CLM-MARTIE-26.jpg\" data-caption><img loading=\"lazy\" decoding=\"async\" width=\"696\" height=\"314\" class=\"entry-thumb td-modal-image\" src=\"https:\/\/newss.ro\/wp-content\/uploads\/2026\/04\/SEDINTA-CLM-MARTIE-26-696x314.jpg\" alt title=\"SEDINTA CLM MARTIE 26\"><\/a><\/div>\n<p>Consiliul Local Municipal R\u00e2mnicu S\u0103rat se va \u00eentruni, miercuri, 15 aprilie, de ora 15.00, \u00eentr-o \u0219edin\u021b\u0103 de lucru extraordinar\u0103. Pe ordinea de zi sunt cinci proiecte de hot\u0103r\u00e2re.<\/p>\n<p>Consilierii din Rm S\u0103rat vor supune la vot num\u0103rul maxim de posturi stabilit de c\u0103tre Prefectura Buz\u0103u pentru municipiul R\u00e2mnicu S\u0103rat. Tot miercuri, Consiliul Local va aproba darea \u00een administrare c\u0103tre Poli\u021bia Municipiului R\u00e2mnicu S\u0103rat, a imobilului de pe strada Tudor Vladimirescu, nr. 10, \u00een vederea mut\u0103rii personalului Poli\u021biei Municipiului \u0219i desf\u0103\u0219ur\u0103rii activit\u0103\u021bilor pe durata implement\u0103rii proiectului de consolidare structural\u0103 \u0219i reabilitare energetic\u0103 a corpurilor de cl\u0103dire C1 \u0219i C2 de la Poli\u021bia Municipiului R\u00e2mnicu S\u0103rat.<\/p>\n<\/div>\n<p>[analyse_source url=&#8221;https:\/\/newss.ro\/2026\/04\/10\/sedinta-extraordinara-dupa-pasti\/&#8221;]<\/p>\n","protected":false},"excerpt":{"rendered":"<p>[analyse_image type=&#8221;featured&#8221; src=&#8221;https:\/\/newss.ro\/wp-content\/uploads\/2026\/04\/SEDINTA-CLM-MARTIE-26.jpg&#8221;] Consiliul Local Municipal R\u00e2mnicu S\u0103rat se va \u00eentruni, miercuri, 15 aprilie, de ora 15.00, \u00eentr-o \u0219edin\u021b\u0103 de lucru extraordinar\u0103. Pe ordinea de zi sunt cinci proiecte de hot\u0103r\u00e2re. Consilierii din Rm S\u0103rat vor supune la vot num\u0103rul maxim de posturi stabilit de c\u0103tre Prefectura Buz\u0103u pentru municipiul R\u00e2mnicu S\u0103rat. Tot miercuri, Consiliul [&hellip;]<\/p>\n","protected":false},"author":1,"featured_media":0,"comment_status":"open","ping_status":"","sticky":false,"template":"","format":"standard","meta":{"footnotes":""},"categories":[2],"tags":[226,73],"class_list":["post-1875647","post","type-post","status-publish","format-standard","hentry","category-politics","tag-crawlmanager","tag-newss-ro"],"_links":{"self":[{"href":"https:\/\/analyse.optim.biz\/index.php?rest_route=\/wp\/v2\/posts\/1875647","targetHints":{"allow":["GET"]}}],"collection":[{"href":"https:\/\/analyse.optim.biz\/index.php?rest_route=\/wp\/v2\/posts"}],"about":[{"href":"https:\/\/analyse.optim.biz\/index.php?rest_route=\/wp\/v2\/types\/post"}],"author":[{"embeddable":true,"href":"https:\/\/analyse.optim.biz\/index.php?rest_route=\/wp\/v2\/users\/1"}],"replies":[{"embeddable":true,"href":"https:\/\/analyse.optim.biz\/index.php?rest_route=%2Fwp%2Fv2%2Fcomments&post=1875647"}],"version-history":[{"count":0,"href":"https:\/\/analyse.optim.biz\/index.php?rest_route=\/wp\/v2\/posts\/1875647\/revisions"}],"wp:attachment":[{"href":"https:\/\/analyse.optim.biz\/index.php?rest_route=%2Fwp%2Fv2%2Fmedia&parent=1875647"}],"wp:term":[{"taxonomy":"category","embeddable":true,"href":"https:\/\/analyse.optim.biz\/index.php?rest_route=%2Fwp%2Fv2%2Fcategories&post=1875647"},{"taxonomy":"post_tag","embeddable":true,"href":"https:\/\/analyse.optim.biz\/index.php?rest_route=%2Fwp%2Fv2%2Ftags&post=1875647"}],"curies":[{"name":"wp","href":"https:\/\/api.w.org\/{rel}","templated":true}]}}