{"id":187557,"date":"2015-01-20T14:23:30","date_gmt":"2015-01-20T11:23:30","guid":{"rendered":"https:\/\/analyse.optim.biz\/?p=187557"},"modified":"2015-01-20T14:23:30","modified_gmt":"2015-01-20T11:23:30","slug":"ccr-sute-de-consilieri-risca-sa-piarda-mandatul","status":"publish","type":"post","link":"https:\/\/analyse.optim.biz\/?p=187557","title":{"rendered":"CCR: Sute de consilieri risc\u0103 s\u0103 piard\u0103 mandatul"},"content":{"rendered":"<div class=\"entry data-app-meta data-app-meta-article\" data-embed-base-url-canonical=\"https:\/\/www.digi24.ro\/embed\/stiri\/actualitate\/politica\/ccr-sute-de-consilieri-risca-sa-piarda-mandatul-349364\">\n<p data-index=\"1\">Nu \u015fi primarii \u015fi pre\u015fedin\u0163ii de Consilii Jude\u0163ene. Concluzia rezult\u0103 din motivarea Cur\u0163ii Constitu\u0163ionale care a decis c\u0103 Ordonan\u0163a privind migra\u0163ia politic\u0103, dat\u0103 \u00een apropierea alegerilor de Guvernul Ponta, este neconstitu\u0163ional\u0103.<\/p>\n<p data-index=\"2\">\u201e<strong>Rezult\u0103 c\u0103 sanc\u021biunea pierderii mandatului indiferent de modalitatea \u00een care se pierde calitatea de membru de partid<\/strong> &#8211; excludere sau demisie &#8211; vizeaz\u0103 numai consilierii locali \u0219i jude\u021beni, ace\u0219tia fiind ale\u0219i \u00een cadrul unui scrutin de list\u0103 &#8211; solu\u021bia legislativ\u0103 cuprins\u0103 \u00een art. 9 alin. 2 lit. h indice 1 din legea 393\/2004 este o exigen\u021b\u0103 ce rezult\u0103 direct din Constitu\u021bie, art. 8, o solu\u021bie legislativ\u0103 contrar\u0103 &#8211; care s\u0103 nu condi\u021bioneze \u00eencetarea mandatului de consilier de pierderea calit\u0103\u021bii de membru de partid put\u00e2nd fi acceptat\u0103 doar \u00een condi\u021biile modific\u0103rii tipului de scrutin \u00een cadrul c\u0103ruia sunt ale\u0219i consilierii\u201d, se arat\u0103 \u00een motivare.<\/p>\n<\/div>\n<p> Source URL: https:\/\/www.digi24.ro\/stiri\/actualitate\/politica\/ccr-sute-de-consilieri-risca-sa-piarda-mandatul-349364<\/p>\n","protected":false},"excerpt":{"rendered":"<p>Nu \u015fi primarii \u015fi pre\u015fedin\u0163ii de Consilii Jude\u0163ene. Concluzia rezult\u0103 din motivarea Cur\u0163ii Constitu\u0163ionale care a decis c\u0103 Ordonan\u0163a privind migra\u0163ia politic\u0103, dat\u0103 \u00een apropierea alegerilor de Guvernul Ponta, este neconstitu\u0163ional\u0103. \u201eRezult\u0103 c\u0103 sanc\u021biunea pierderii mandatului indiferent de modalitatea \u00een care se pierde calitatea de membru de partid &#8211; excludere sau demisie &#8211; vizeaz\u0103 numai [&hellip;]<\/p>\n","protected":false},"author":1,"featured_media":187558,"comment_status":"open","ping_status":"","sticky":false,"template":"","format":"standard","meta":{"footnotes":""},"categories":[2],"tags":[11],"class_list":["post-187557","post","type-post","status-publish","format-standard","has-post-thumbnail","hentry","category-politics","tag-digi24"],"_links":{"self":[{"href":"https:\/\/analyse.optim.biz\/index.php?rest_route=\/wp\/v2\/posts\/187557","targetHints":{"allow":["GET"]}}],"collection":[{"href":"https:\/\/analyse.optim.biz\/index.php?rest_route=\/wp\/v2\/posts"}],"about":[{"href":"https:\/\/analyse.optim.biz\/index.php?rest_route=\/wp\/v2\/types\/post"}],"author":[{"embeddable":true,"href":"https:\/\/analyse.optim.biz\/index.php?rest_route=\/wp\/v2\/users\/1"}],"replies":[{"embeddable":true,"href":"https:\/\/analyse.optim.biz\/index.php?rest_route=%2Fwp%2Fv2%2Fcomments&post=187557"}],"version-history":[{"count":0,"href":"https:\/\/analyse.optim.biz\/index.php?rest_route=\/wp\/v2\/posts\/187557\/revisions"}],"wp:featuredmedia":[{"embeddable":true,"href":"https:\/\/analyse.optim.biz\/index.php?rest_route=\/wp\/v2\/media\/187558"}],"wp:attachment":[{"href":"https:\/\/analyse.optim.biz\/index.php?rest_route=%2Fwp%2Fv2%2Fmedia&parent=187557"}],"wp:term":[{"taxonomy":"category","embeddable":true,"href":"https:\/\/analyse.optim.biz\/index.php?rest_route=%2Fwp%2Fv2%2Fcategories&post=187557"},{"taxonomy":"post_tag","embeddable":true,"href":"https:\/\/analyse.optim.biz\/index.php?rest_route=%2Fwp%2Fv2%2Ftags&post=187557"}],"curies":[{"name":"wp","href":"https:\/\/api.w.org\/{rel}","templated":true}]}}