{"id":1875508,"date":"2026-03-31T02:26:00","date_gmt":"2026-03-30T23:26:00","guid":{"rendered":"https:\/\/analyse.optim.biz\/?p=1875508"},"modified":"2026-03-31T02:26:00","modified_gmt":"2026-03-30T23:26:00","slug":"revivez-les-meilleures-performances-de-coachella-2025-avant-ledition-2026","status":"publish","type":"post","link":"https:\/\/analyse.optim.biz\/?p=1875508","title":{"rendered":"Revivez les meilleures performances de Coachella 2025 avant l\u2019\u00e9dition 2026"},"content":{"rendered":"<div class=\"entry-content\">\n<section class=\"single-header padding-top-s\">\n<div class=\"container\">\n<div class=\"row justify-content-between\">\n<div class=\"col-lg-9 col-xl-8\">\n<div class=\"video-container\">\n\t\t\t\t\t\t\t\t\t\t\t\t\t<\/div>\n<div class=\"container-img desktop\">\n\t\t\t\t\t\t\t\t<img decoding=\"async\" width=\"640\" height=\"408\" src=\"https:\/\/numero.com\/wp-content\/uploads\/2025\/04\/push-charli-xcx-coachella-2025-performance-numero-magazine-768x490.png\" class=\"img-fluid\" alt=\"Charli xcx et Lorde prennent la pose pendant le DJ set Coachella de la marque Guess Jeans.\" loading=\"lazy\">\t\t\t\t\t\t\t\t<\/p>\n<p class=\"number big\">10<\/p>\n<\/p><\/div>\n<div class=\"container-img mobile\">\n\t\t\t\t\t\t\t\t<img decoding=\"async\" width=\"640\" height=\"804\" src=\"https:\/\/numero.com\/wp-content\/uploads\/2025\/04\/thumb-charli-xcx-coachella-2025-guess-jeans-numero-magazine-768x965.png\" class=\"img-fluid\" alt=\"Charli xcx prend la pose pendant le DJ set Coachella de la marque Guess Jeans.\" loading=\"lazy\">\t\t\t\t\t\t\t\t<\/p>\n<p class=\"number big\">10<\/p>\n<\/p><\/div>\n<\/p><\/div>\n<div class=\"col col-lg-3 col-xl-4 desktop\">\n<div class=\"ad grand-angle desktop\">\n    <!-- \/21730003857\/numero-ad-unit\/numero-grand-angle --><\/p>\n<div id=\"div-gpt-ad-1757063143832-0\" class=\"px-0\">\n<p>            googletag.cmd.push(function () {<br \/>\n                googletag.display(&#8216;div-gpt-ad-1757063143832-0&#8217;);<br \/>\n            });<\/p><\/div>\n<\/div><\/div>\n<\/p><\/div>\n<\/p><\/div>\n<\/section>\n<section class=\"post-content\">\n<div class=\"container\">\n<div class=\"row g-0 justify-content-between\">\n<div class=\"col-lg-9 col-xl-8 padding-top-s\">\n<p class=\"share-widget\" id=\"share-widget\"><img decoding=\"async\" src=\"https:\/\/numero.com\/wp-content\/themes\/%09%09%09understrap-child-main\/src\/public\/images\/share.svg\" alt=\"share-widget\"><\/p>\n<div class=\"share-icons\" id=\"share-icons\">\n<p class=\"copy-link\"><img decoding=\"async\" src=\"https:\/\/numero.com\/wp-content\/themes\/understrap-child-main\/src\/public\/images\/copy-link.svg\" alt=\"copy-link\"><\/p>\n<p>\t\t\t\t\t\t\t<a href=\"https:\/\/www.facebook.com\/sharer\/sharer.php?u=https:\/\/numero.com\/culture\/musique\/festival-coachella-2025-meilleures-performances\/\" class=\"facebook\" target=\"_blank\" rel=\"noopener\"><img decoding=\"async\" src=\"https:\/\/numero.com\/wp-content\/themes\/understrap-child-main\/src\/public\/images\/facebook.svg\" alt=\"facebook\"><\/a><br \/>\n\t\t\t\t\t\t\t<a href=\"https:\/\/twitter.com\/share?url=https:\/\/numero.com\/culture\/musique\/festival-coachella-2025-meilleures-performances\/\" class=\"twitter\" target=\"_blank\" rel=\"noopener\"><img decoding=\"async\" src=\"https:\/\/numero.com\/wp-content\/themes\/understrap-child-main\/src\/public\/images\/twitter.svg\" alt=\"twitter\"><\/a>\n\t\t\t\t\t\t<\/div>\n<p>\t\t\t\t\t\t<span class id=\"custom-tooltip\">Lien copi\u00e9<\/span><\/p>\n<div class=\"col-lg-10\">\n<div class=\"meta d-flex justify-content-between align-items-center\">\n<div class=\"cat\">\n\t\t\t\t\t\t\t\t\t<a class=\"cat-title\" href=\"https:\/\/numero.com\/category\/culture\/musique\/\">Musique<\/a>\t\t\t\t\t\t\t\t<\/div>\n<p class=\"date\">\n\t\t\t\t\t\t\t\t\t10 avr 2026\t\t\t\t\t\t\t\t<\/p>\n<\/p><\/div>\n<h1>Revivez les meilleures performances de Coachella 2025 avant l\u2019\u00e9dition 2026<\/h1>\n<div class=\"introduction\">\n<p>Organis\u00e9 au beau milieu du d\u00e9sert d\u2019Indio, en Californie, le festival de musique Coachella est le rendez-vous des aficionados de musique. Chaque ann\u00e9e, pl\u00e9thore d\u2019interpr\u00e8tes sont r\u00e9unis par l\u2019\u00e9v\u00e8nement, livrant tour \u00e0 tour des performances sensationnelles. Alors que le premier week-end du Coachella 2025 d\u00e9marre ce vendredi 10 avril 2026, d\u00e9couvrez les temps forts qui ont marqu\u00e9 la derni\u00e8re \u00e9dition, de Lady Gaga \u00e0 Charli xcx, en passant par Tyla.<\/p>\n<\/div>\n<li class=\"credits d-flex\">\n<p>\n\t\t\t\t\t\t\t\t\t\t\tpar\t\t\t\t\t\t\t\t\t\t\t\t\t\t\t\t\t\t\t\t\t\t\t<a href=\"https:\/\/numero.com\/contributeur\/jordan-bako\/\">Jordan Bako<\/a>.\t\t\t\t\t\t\t\t\t\t\t\t\t\t\t\t\t\t\t\t\t<\/p>\n<\/li>\n<p class=\"edition-date\">Publi\u00e9 le 15 avril 2025. Modifi\u00e9 le 10 avril 2026.<\/p>\n<div id=\"ads03\" class=\"mobile\">\n<div class=\"ad-wrapper\">\n<div class=\"ad interscroller desktop\">\n<\/div>\n<p><!-- \/21730003857\/numero-ad-unit\/numero-interscroller --><\/p>\n<div id=\"div-gpt-ad-1757521738078-0\">\n<p>        googletag.cmd.push(function () {<br \/>\n            googletag.display(&#8216;div-gpt-ad-1757521738078-0&#8217;);<br \/>\n        });<\/p>\n<\/div><\/div>\n<\/p><\/div>\n<p>\t\t\t\t\t\t\t&lt;!&#8211; <\/p>\n<div class=\"padding-bottom-s\">\n\t\t\t\t\t\t\t\t\t\t\t\t\t\t\t<\/div>\n<p> &#8211;&gt;<\/p>\n<figure class=\"wp-block-embed is-type-video is-provider-youtube wp-block-embed-youtube wp-embed-aspect-16-9 wp-has-aspect-ratio\">\n<div class=\"wp-block-embed__wrapper\">\n<div class=\"cookieconsent-optout-statistics cookieconsent-optout-marketing\"><\/div>\n<\/div><figcaption class=\"wp-element-caption\">Lady Gaga au festival Coachella en 2025.<\/figcaption><\/figure>\n<h2 class=\"wp-block-heading\">Lady Gaga \u00e0 Coachella en 2025<\/h2>\n<p>C\u2019\u00e9tait sans doute l\u2019un des plus beaux concerts de sa carri\u00e8re. Il faut dire que <strong>Lady Gaga <\/strong>nous a habitu\u00e9s \u00e0 des spectacles de haute vol\u00e9e : de sa performance l\u00e9gendaire aux <a href=\"https:\/\/numero.com\/culture\/musique\/les-vmas-en-cinq-performances-scandaleuses\/\" target=\"_blank\" rel=\"noreferrer noopener\">MTV VMAS 2009<\/a> \u00e0 sa derni\u00e8re tourn\u00e9e en date, le Chromatica Ball Tour en 2021. En 2025, l\u2019artiste r\u00e9it\u00e8re l\u2019exploit sur l\u2019estrade du festival <strong>Coachella<\/strong>. Une seconde fois pour la chanteuses, qui s\u2019\u00e9tait produite en 2017 en remplacement de <strong>Beyonc\u00e9<\/strong>.<\/p>\n<p>T\u00eate d\u2019affiche de la premi\u00e8re journ\u00e9e du festival, <strong><a href=\"https:\/\/numero.com\/culture\/musique\/que-sait-on-du-nouvel-album-de-lady-gaga-avec-gesaffelstein\/\" target=\"_blank\" rel=\"noreferrer noopener\">Lady Gaga<\/a> <\/strong>s\u2019est m\u00e9tamorphos\u00e9e pour l\u2019occasion en cr\u00e9ature sortie tout droit d\u2019un autre monde. D\u00e8s les premi\u00e8res minutes de son show, elle donne au public le ton du spectacle qu\u2019ils appr\u00eatent \u00e0 d\u00e9couvrir. Un spectacle hybride, oscillant entre baroque et futurisme, burlesque et macabre, tr\u00e9sors enfouis de sa discographie et tubes d\u2019envergure plan\u00e9taire.<\/p>\n<p>D\u2019abord v\u00eatue d\u2019une robe \u00e9carlate monumentale, cachant dans ses jupons une immense cage contenant ses danseurs, <strong>Lady Gaga<\/strong> encha\u00eene les mues \u00e0 mesure que son set d\u00e9file. T\u00eates de mort et squelettes jouxtent clins d\u2019\u0153il aux printemps de sa carri\u00e8re (on croise par exemple la couronne arbor\u00e9e dans le clip de <em>Bad Romance<\/em>) et cr\u00e9ations d\u2019archivez sign\u00e9es <strong><a href=\"https:\/\/numero.com\/mode\/thierry-mugler-en-9-defiles-inoubliables\/\" target=\"_blank\" rel=\"noreferrer noopener\">Thierry Mugler<\/a> <\/strong>et <strong><a href=\"https:\/\/numero.com\/mode\/qui-est-lee-alexander-mcqueen-le-createur-qui-a-fait-de-la-mode-un-spectacle-sans-limite\/\" target=\"_blank\" rel=\"noreferrer noopener\">Alexander McQueen<\/a><\/strong>. Avec sa performance \u00e0<strong> Coachella 2025<\/strong>, <strong>Lady Gaga <\/strong>s\u2019\u00e9rige en maestra d\u2019\u00e9pop\u00e9es musicales, d\u00e9ployant avec une ardente th\u00e9\u00e2tralit\u00e9 l\u2019ampleur de ses talents de showgirl.<\/p>\n<figure class=\"wp-block-embed is-type-video is-provider-youtube wp-block-embed-youtube wp-embed-aspect-16-9 wp-has-aspect-ratio\">\n<div class=\"wp-block-embed__wrapper\">\n<div class=\"cookieconsent-optout-statistics cookieconsent-optout-marketing\"><\/div>\n<\/div><figcaption class=\"wp-element-caption\">Charli xcx et Billie Eilish \u2013 <em>Guess \u2013 Live at Coachella 2025<\/em>.<\/figcaption><\/figure>\n<h2 class=\"wp-block-heading\">Charli xcx transforme le d\u00e9sert en club \u00e0 ciel ouvert<\/h2>\n<p>Si on ne devait retenir qu\u2019un seul album de l\u2019\u00e9t\u00e9 2024, notre choix se porterait sans aucun doute sur le <em><strong><a href=\"https:\/\/numero.com\/culture\/musique\/comment-charli-xcx-a-invente-le-brat-summer\/\" target=\"_blank\" rel=\"noreferrer noopener\">Brat<\/a><\/strong> <\/em>de <strong><a href=\"https:\/\/numero.com\/mode\/charli-xcx-les-meilleurs-looks-brat-de-la-pop-star-de-lannee\/\" target=\"_blank\" rel=\"noreferrer noopener\">Charli xcx<\/a><\/strong>. Un disque qui redonnait au club ses lettres de noblesse, enivrant ses fans d\u2019imp\u00e9tueuses basses \u00e9lectro. Architecte du <em><strong>Brat Summer<\/strong><\/em>, la chanteuse britannique ne cesse de raviver la flamme de ce ph\u00e9nom\u00e8ne \u2014 qui a battu bien des pronostics de long\u00e9vit\u00e9.<\/p>\n<p>En atteste la performance livr\u00e9e par <strong>Charli xcx <\/strong>au festival <strong><a href=\"https:\/\/numero.com\/culture\/musique\/comment-charli-xcx-a-invente-le-brat-summer\/\" target=\"_blank\" rel=\"noreferrer noopener\">Coachella<\/a> 2025<\/strong>. Son set \u00e9tait \u00e0 l\u2019image du disque : un show rutilant, irr\u00e9v\u00e9rencieux, \u00e9nergique et teint\u00e9 d\u2019un d\u00e9braill\u00e9 savamment travaill\u00e9. La chanteuse fait succ\u00e9der sur un tempo effr\u00e9n\u00e9 les plus beaux titres de l\u2019opus, sans oublier de ravir ses fans les plus nostalgiques avec le morceau <em>I Love It<\/em>.<\/p>\n<figure data-wp-context='{\"imageId\":\"69d8d8d36bc12\"}' data-wp-interactive=\"core\/image\" data-wp-key=\"69d8d8d36bc12\" class=\"wp-block-image size-full wp-lightbox-container\"><img loading=\"lazy\" decoding=\"async\" width=\"1000\" height=\"666\" data-wp-class--hide=\"state.isContentHidden\" data-wp-class--show=\"state.isContentVisible\" data-wp-init=\"callbacks.setButtonStyles\" data-wp-on--click=\"actions.showLightbox\" data-wp-on--load=\"callbacks.setButtonStyles\" data-wp-on-window--resize=\"callbacks.setButtonStyles\" src=\"https:\/\/numero.com\/wp-content\/uploads\/2025\/04\/charli-xcx-coachella-2025-performance-guess-jeans-numero-magazine-2.jpg\" alt=\"Charli xcx et Lorde prennent la pose pendant le DJ set Coachella de la marque Guess Jeans.\" class=\"wp-image-666956\"><button class=\"lightbox-trigger\" type=\"button\" aria-haspopup=\"dialog\" aria-label=\"Agrandir\" data-wp-init=\"callbacks.initTriggerButton\" data-wp-on--click=\"actions.showLightbox\" data-wp-style--right=\"state.imageButtonRight\" data-wp-style--top=\"state.imageButtonTop\"><\/p>\n<p>\t\t<\/button><figcaption class=\"wp-element-caption\">Le DJ set surprise de Charli xcx avec Lorde pour le festival Coachella 2025 avec la marque Guess Jeans \u00a9 Courtesy of Guess Jeans.<\/figcaption><\/figure>\n<p>Son show se compl\u00e8te par des irruptions surprise de certains de ses plus fid\u00e8les collaborateurs. <strong><a href=\"https:\/\/numero.com\/culture\/musique\/billie-eilish-tout-ce-que-lon-sait-sur-son-nouvel-album-hit-me-hard-and-soft\/\" target=\"_blank\" rel=\"noreferrer noopener\">Billie Eilish<\/a> <\/strong>psalmodie au micro le refrain ent\u00eatant du remix <em>Guess<\/em>, tandis que <strong><a href=\"https:\/\/numero.com\/culture\/musique\/lorde-retour-chanteuse-nouvel-album-charli-xcx\/\" target=\"_blank\" rel=\"noreferrer noopener\">Lorde<\/a> <\/strong>et <strong>Troye Sivan <\/strong>rejoignent la Britannique sur leurs duos respectifs. <\/p>\n<p>Le <em>Brat Summer <\/em>est-il vraiment termin\u00e9 ? Si <strong><a href=\"https:\/\/numero.com\/culture\/musique\/comment-charli-xcx-a-invente-le-brat-summer\/\" target=\"_blank\" rel=\"noreferrer noopener\">Charli xcx<\/a> <\/strong>semble passer le b\u00e2ton en d\u00e9clarant l\u2019arriv\u00e9e imminente d\u2019un \u201c<em>Lorde Summer 2025<\/em>\u201d. Mais la chanteuse ach\u00e8ve son spectacle en projetant sur la sc\u00e8ne les mots \u201c<em>Je voudrais juste que ce moment dure pour l\u2019\u00e9ternit\u00e9, ne le laissez pas se terminer s\u2019il vous pla\u00eet<\/em> <em>!<\/em>\u201d Un DJ set surprise, organis\u00e9 par la chanteuse en marge du festival au domaine de la marque <strong>Guess Jeans<\/strong>, semble laisser penser que la fin des festivit\u00e9s n\u2019est pas pour demain\u2026<\/p>\n<figure class=\"wp-block-embed is-type-video is-provider-youtube wp-block-embed-youtube wp-embed-aspect-16-9 wp-has-aspect-ratio\">\n<div class=\"wp-block-embed__wrapper\">\n<div class=\"cookieconsent-optout-statistics cookieconsent-optout-marketing\"><\/div>\n<\/div><figcaption class=\"wp-element-caption\">Tyla \u00e0 Coachella en 2025.<\/figcaption><\/figure>\n<h2 class=\"wp-block-heading\">Tyla ressuscite les ann\u00e9es 2000 \u00e0 Coachella<\/h2>\n<p>Propuls\u00e9e par des titres au succ\u00e8s imm\u00e9diat sur la toile, <strong><a href=\"https:\/\/numero.com\/culture\/musique\/tyla-amapiano-rihanna-interview-chris-brown\/\" target=\"_blank\" rel=\"noreferrer noopener\">Tyla<\/a><\/strong> s\u2019est \u00e9rig\u00e9e comme l\u2019une des \u00e9toiles du R\u2019n\u2019B de demain. Nombreux sont ceux qui voient en la Sud-Africaine l\u2019une de cheffes de file de la renaissance des ann\u00e9es 2000. Une responsabilit\u00e9 de taille \u2013 que la chanteuse endossait \u00e0 l\u2019occasion de sa performance ce 11 avril \u00e0 <strong>Coachella<\/strong>.<\/p>\n<p>Sublim\u00e9e par un <em>look <\/em>d\u2019archives <strong><a href=\"https:\/\/numero.com\/mode\/fashion-week\/le-defile-dolce-gabbana-automne-hiver-2025-2026\/\" target=\"_blank\" rel=\"noreferrer noopener\">Dolce &amp; Gabbana<\/a><\/strong> printemps-\u00e9t\u00e9 2000, <strong>Tyla <\/strong>s\u00e9duisait son public avec un show survolt\u00e9. <em>Push 2 Start<\/em>, <em>On My Body <\/em>\u2013 durant lequel elle est accompagn\u00e9e par la Mexicaine <strong>Becky G<\/strong> \u2013 ou encore <em>Water <\/em>sur lequel elle s\u2019asperge d\u2019eau dans une piscine miniature\u2026 Les morceaux qu\u2019elle interpr\u00e8te se teintent de sa signature : un m\u00e9lange entre pop, R\u2019n\u2019B et amapiano chaloup\u00e9s. Un remix du titre <em>Rock the Boat <\/em>de <strong><a href=\"https:\/\/numero.com\/culture\/musique\/les-disques-disparus-daaliyah\/\" target=\"_blank\" rel=\"noreferrer noopener\">Aaliyah<\/a> <\/strong>atteste que <strong>Tyla <\/strong>marche sur les pas de la chanteuse disparue en 2001\u2026<\/p>\n<p>Autre \u00e9l\u00e9ment de sa performance qui retient notre attention ? Les chor\u00e9graphies de l\u2019artiste, r\u00e9cemment devenues virales sur la toile, qui confirment le futur radieux qui se pr\u00e9sage pour <strong><a href=\"https:\/\/numero.com\/culture\/musique\/tyla-amapiano-rihanna-interview-chris-brown\/\" target=\"_blank\" rel=\"noreferrer noopener\">Tyla<\/a> <\/strong>dans l\u2019industrie de l\u2019entertainment. Si ce spectacle \u00e9tait une premi\u00e8re pour la Sud-Africaine \u00e0 Coachella, il se pourrait bien qu\u2019elle soit de retour pour d\u2019autres shows<em> <\/em>\u00e0 l\u2019avenir\u2026<\/p>\n<figure class=\"wp-block-embed is-type-video is-provider-youtube wp-block-embed-youtube wp-embed-aspect-16-9 wp-has-aspect-ratio\">\n<div class=\"wp-block-embed__wrapper\">\n<div class=\"cookieconsent-optout-statistics cookieconsent-optout-marketing\"><\/div>\n<\/div><figcaption class=\"wp-element-caption\">Megan Thee Stallion \u00e0 Coachella en 2025.<\/figcaption><\/figure>\n<h2 class=\"wp-block-heading\">L\u2019ode de Megan Thee Stallion aux artisanes du hip-hop<\/h2>\n<p>Si on regrette que sa performance ait \u00e9t\u00e9 abruptement interrompue pour laisser place \u00e0 <strong><a href=\"https:\/\/numero.com\/culture\/musique\/doja-cat-joue-les-muses-denudees-dans-le-nouveau-clip-de-post-malone\/\" target=\"_blank\" rel=\"noreferrer noopener\">Post Malone<\/a><\/strong>, le concert de  <strong><a href=\"https:\/\/numero.com\/culture\/musique\/qui-est-megan-thee-stallion-la-nouvelle-cardi-b\/\" target=\"_blank\" rel=\"noreferrer noopener\">Megan Thee Stallion<\/a> <\/strong>sur l\u2019estrade de<strong> Coachella<\/strong> n\u2019avait pas besoin de ces derni\u00e8res minutes pour nous convaincre. Pour la deuxi\u00e8me fois de sa carri\u00e8re, la rappeuse texane a foul\u00e9 la sc\u00e8ne de Coachella ce 13 avril.<\/p>\n<p>Pyrotechnies, chapeaux de cowboy et chor\u00e9graphies d\u2019ensemble calcul\u00e9es au millim\u00e8tre pr\u00e8s\u2026 <strong>Megan Thee Stallion<\/strong> (alias Megan Pete \u00e0 la ville) livrait un spectacle remarquable. De son album-r\u00e9v\u00e9lation <em>Suga <\/em>(2020) au succ\u00e8s plus r\u00e9cent de son titre <em>Mamushi <\/em>(2024) entre anglais et japonais, l\u2019artiste encha\u00eene avec enthousiasme les couplets les plus remarqu\u00e9s de sa discographie.<\/p>\n<p>Mais au-del\u00e0 de ses tubes, <strong><a href=\"https:\/\/numero.com\/culture\/musique\/qui-est-megan-thee-stallion-la-nouvelle-cardi-b\/\" target=\"_blank\" rel=\"noreferrer noopener\">Megan Thee Stallion<\/a> <\/strong>a mis en lumi\u00e8re le travail d\u2019autres artistes noires, qui continuent de marquer les genres du hip-hop, du rap et du R\u2019n\u2019B. En t\u00e9moignent les apparitions surprise de <strong>Queen Latifah<\/strong>, sur les titres <em>Plan B<\/em> et <em>U.N.I.T.Y<\/em>. Et surtout, l\u2019arriv\u00e9e spectaculaire de la chanteuse <strong><a href=\"https:\/\/numero.com\/culture\/musique\/victoria-monet-la-revelation-des-grammy-2024-derriere-les-tubes-dariana-grande\/\" target=\"_blank\" rel=\"noreferrer noopener\">Victoria Mon\u00e9t<\/a><\/strong> a subjugu\u00e9 les spectateurs. Ensemble, elles d\u00e9livrent une performance aussi lascive que sensationnelle sur sc\u00e8ne. Le tandem avait d\u2019aileurs collabor\u00e9 sur le titre <em>Spin <\/em>de la rappeuse\u2026 Qui \u00e9tait d\u00e9j\u00e0 un beau moment.<\/p>\n<p><em>Le festival Coachella aura lieu du 10 au 19 avril 2026.<\/em><\/p>\n<\/p><\/div>\n<\/p><\/div>\n<div class=\"col-lg-3\">\n<div class=\"suggested-posts padding-top-s\">\n<div class=\"title\">Recommand\u00e9<\/div>\n<div class=\"post-card\">\n\t\t\t\t\t\t\t\t\t\t<a class=\"post-link d-flex\" href=\"https:\/\/numero.com\/culture\/cinema\/les-chanteuses-sont-elles-des-actrices-comme-les-autres\/\"><\/p>\n<div class=\"container-img\">\n\t\t\t\t\t\t\t\t\t\t\t\t<img decoding=\"async\" width=\"640\" height=\"804\" src=\"https:\/\/numero.com\/wp-content\/uploads\/2025\/11\/teyana-taylor-768x965.jpg\" class=\"img-fluid\" alt=\"La chanteuse et actrice Teyana Taylor.\" loading=\"lazy\">\t\t\t\t\t\t\t\t\t\t\t\t<\/p>\n<p class=\"number\">5<\/p>\n<\/p><\/div>\n<div class=\"card-info d-flex\">\n<div>\n<p class=\"cat-title\">Cin\u00e9ma<\/p>\n<h3 class=\"post-title\">Les chanteuses sont-elles des actrices comme les autres ?<\/h3>\n<\/p><\/div>\n<p class=\"date\">\n\t\t\t\t\t\t\t\t\t\t\t\t\t5 f\u00e9v 2026\t\t\t\t\t\t\t\t\t\t\t\t<\/p>\n<\/p><\/div>\n<p>\t\t\t\t\t\t\t\t\t\t<\/a>\n\t\t\t\t\t\t\t\t\t<\/div>\n<div class=\"post-card\">\n\t\t\t\t\t\t\t\t\t\t<a class=\"post-link d-flex\" href=\"https:\/\/numero.com\/culture\/cinema\/alexander-skarsgard-pillion-portrait\/\"><\/p>\n<div class=\"container-img\">\n\t\t\t\t\t\t\t\t\t\t\t\t<img decoding=\"async\" width=\"640\" height=\"804\" src=\"https:\/\/numero.com\/wp-content\/uploads\/2026\/01\/alexander-skarsgard-768x965.jpg\" class=\"img-fluid\" alt=\"L'acteur Alexander Skarsg\u00e5rd lors de la projection du film Pillion en novembre 2025 \u00e0 Londres. \u00a9 Jeff Spicer\/Getty Images.\" loading=\"lazy\">\t\t\t\t\t\t\t\t\t\t\t\t<\/p>\n<p class=\"number\">24<\/p>\n<\/p><\/div>\n<div class=\"card-info d-flex\">\n<div>\n<p class=\"cat-title\">Cin\u00e9ma<\/p>\n<h3 class=\"post-title\">Pourquoi l\u2019acteur Alexander Skarsg\u00e5rd, le biker charismatique de Pillion, nous fascine<\/h3>\n<\/p><\/div>\n<p class=\"date\">\n\t\t\t\t\t\t\t\t\t\t\t\t\t24 f\u00e9v 2026\t\t\t\t\t\t\t\t\t\t\t\t<\/p>\n<\/p><\/div>\n<p>\t\t\t\t\t\t\t\t\t\t<\/a>\n\t\t\t\t\t\t\t\t\t<\/div>\n<div class=\"post-card\">\n\t\t\t\t\t\t\t\t\t\t<a class=\"post-link d-flex\" href=\"https:\/\/numero.com\/culture\/musique\/festival-coachella-2026-programmation\/\"><\/p>\n<div class=\"container-img\">\n\t\t\t\t\t\t\t\t\t\t\t\t<img decoding=\"async\" width=\"640\" height=\"804\" src=\"https:\/\/numero.com\/wp-content\/uploads\/2025\/09\/sabrina-carpenter-coachella2-768x965.jpg\" class=\"img-fluid\" alt=\"Sabrina Carpenter en concert.\" loading=\"lazy\">\t\t\t\t\t\t\t\t\t\t\t\t<\/p>\n<p class=\"number\">30<\/p>\n<\/p><\/div>\n<div class=\"card-info d-flex\">\n<div>\n<p class=\"cat-title\">Musique<\/p>\n<h3 class=\"post-title\">Coachella 2026 : que nous r\u00e9serve la nouvelle \u00e9dition du festival ?<\/h3>\n<\/p><\/div>\n<p class=\"date\">\n\t\t\t\t\t\t\t\t\t\t\t\t\t30 mars 2026\t\t\t\t\t\t\t\t\t\t\t\t<\/p>\n<\/p><\/div>\n<p>\t\t\t\t\t\t\t\t\t\t<\/a>\n\t\t\t\t\t\t\t\t\t<\/div>\n<div class=\"post-card\">\n\t\t\t\t\t\t\t\t\t\t<a class=\"post-link d-flex\" href=\"https:\/\/numero.com\/culture\/musique\/la-playlist-d-avril-2026\/\"><\/p>\n<div class=\"container-img\">\n\t\t\t\t\t\t\t\t\t\t\t\t<img decoding=\"async\" width=\"640\" height=\"804\" src=\"https:\/\/numero.com\/wp-content\/uploads\/2026\/04\/lady-gaga-768x965.jpg\" class=\"img-fluid\" alt=\"Lady Gaga.\" loading=\"lazy\">\t\t\t\t\t\t\t\t\t\t\t\t<\/p>\n<p class=\"number\">10<\/p>\n<\/p><\/div>\n<div class=\"card-info d-flex\">\n<div>\n<p class=\"cat-title\">Musique<\/p>\n<h3 class=\"post-title\">La playlist d\u2019avril 2026 avec Lady Gaga, The Strokes et Anne Hathaway<\/h3>\n<\/p><\/div>\n<p class=\"date\">\n\t\t\t\t\t\t\t\t\t\t\t\t\t10 avr 2026\t\t\t\t\t\t\t\t\t\t\t\t<\/p>\n<\/p><\/div>\n<p>\t\t\t\t\t\t\t\t\t\t<\/a>\n\t\t\t\t\t\t\t\t\t<\/div>\n<\/p><\/div>\n<\/p><\/div>\n<\/p><\/div>\n<div class=\"padding-top-s\">\n<div class=\"ad banner desktop\">\n<div class=\"container\">\n<div class=\"row\">\n            <!-- \/21730003857\/numero-ad-unit\/numero-banner-1 --><\/p>\n<div id=\"div-gpt-ad-1757006327907-0\" style=\"min-width: 350px\">\n<p>                    googletag.cmd.push(function () {<br \/>\n                        googletag.display(&#8216;div-gpt-ad-1757006327907-0&#8217;);<br \/>\n                    });<\/p><\/div>\n<\/p><\/div>\n<\/p><\/div>\n<\/div><\/div>\n<\/p><\/div>\n<\/section>\n<p>        <button class=\"btn-newsletter btn-outline-white my-5\" id=\"open-modal-newsletter\">Inscrivez-vous \u00e0 la newsletter<\/button>\t\t<\/p>\n<section class=\"related-posts post-list padding-top-m padding-bottom-s\">\n<div class=\"container\">\n<h2 class=\"title mx-auto\">\u00c0 lire aussi<\/h2>\n<div class=\"row\">\n<div class=\"col-lg-3\">\n<div class=\"post-card desktop\">\n\t\t\t\t\t\t\t\t\t\t<a class=\"post-link\" href=\"https:\/\/numero.com\/culture\/musique\/la-playlist-d-avril-2026\/\"><\/p>\n<div class=\"container-img\">\n\t\t\t\t\t\t\t\t\t\t\t\t<img decoding=\"async\" width=\"640\" height=\"804\" src=\"https:\/\/numero.com\/wp-content\/uploads\/2026\/04\/lady-gaga-768x965.jpg\" class=\"img-fluid\" alt=\"Lady Gaga.\" loading=\"lazy\">\t\t\t\t\t\t\t\t\t\t\t\t<\/p>\n<div class=\"number\">10<\/div>\n<\/p><\/div>\n<div class=\"card-info\">\n<div class=\"meta d-flex justify-content-between\">\n<p class=\"cat-title\">Musique<\/p>\n<p class=\"date\">\n\t\t\t\t\t\t\t\t\t\t\t\t\t\t10 avr 2026\t\t\t\t\t\t\t\t\t\t\t\t\t<\/p>\n<\/p><\/div>\n<div class=\"post-title\">La playlist d\u2019avril 2026 avec Lady Gaga, The Strokes et Anne Hathaway<\/div>\n<\/p><\/div>\n<p>\t\t\t\t\t\t\t\t\t\t<\/a>\n\t\t\t\t\t\t\t\t\t<\/div>\n<div class=\"post-card mobile\">\n\t\t\t\t\t\t\t\t\t\t<a class=\"post-link d-flex\" href=\"https:\/\/numero.com\/culture\/musique\/la-playlist-d-avril-2026\/\"><\/p>\n<div class=\"container-img\">\n\t\t\t\t\t\t\t\t\t\t\t\t<img decoding=\"async\" width=\"640\" height=\"804\" src=\"https:\/\/numero.com\/wp-content\/uploads\/2026\/04\/lady-gaga-768x965.jpg\" class=\"img-fluid\" alt=\"Lady Gaga.\" loading=\"lazy\">\t\t\t\t\t\t\t\t\t\t\t\t<\/p>\n<div class=\"number\">10<\/div>\n<\/p><\/div>\n<div class=\"card-info d-flex\">\n<div>\n<p class=\"cat-title\">Musique<\/p>\n<h3 class=\"post-title\">La playlist d\u2019avril 2026 avec Lady Gaga, The Strokes et Anne Hathaway<\/h3>\n<\/p><\/div>\n<p class=\"date\">\n\t\t\t\t\t\t\t\t\t\t\t\t\t10 avr 2026\t\t\t\t\t\t\t\t\t\t\t\t<\/p>\n<\/p><\/div>\n<p>\t\t\t\t\t\t\t\t\t\t<\/a>\n\t\t\t\t\t\t\t\t\t<\/div>\n<\/p><\/div>\n<div class=\"col-lg-3\">\n<div class=\"post-card desktop\">\n\t\t\t\t\t\t\t\t\t\t<a class=\"post-link\" href=\"https:\/\/numero.com\/culture\/musique\/les-meilleures-concerts-de-coachella\/\"><\/p>\n<div class=\"container-img\">\n\t\t\t\t\t\t\t\t\t\t\t\t<img decoding=\"async\" width=\"640\" height=\"804\" src=\"https:\/\/numero.com\/wp-content\/uploads\/2025\/04\/beyonce-coachella-1-768x965.jpg\" class=\"img-fluid\" alt=\"Beyonc\u00e9 en concert \u00e0 Coachella.\" loading=\"lazy\">\t\t\t\t\t\t\t\t\t\t\t\t<\/p>\n<div class=\"number\">09<\/div>\n<\/p><\/div>\n<div class=\"card-info\">\n<div class=\"meta d-flex justify-content-between\">\n<p class=\"cat-title\">Musique<\/p>\n<p class=\"date\">\n\t\t\t\t\t\t\t\t\t\t\t\t\t\t9 avr 2026\t\t\t\t\t\t\t\t\t\t\t\t\t<\/p>\n<\/p><\/div>\n<div class=\"post-title\">Coachella : les meilleures performances de tous les temps, de Beyonc\u00e9 \u00e0 Daft Punk<\/div>\n<\/p><\/div>\n<p>\t\t\t\t\t\t\t\t\t\t<\/a>\n\t\t\t\t\t\t\t\t\t<\/div>\n<div class=\"post-card mobile\">\n\t\t\t\t\t\t\t\t\t\t<a class=\"post-link d-flex\" href=\"https:\/\/numero.com\/culture\/musique\/les-meilleures-concerts-de-coachella\/\"><\/p>\n<div class=\"container-img\">\n\t\t\t\t\t\t\t\t\t\t\t\t<img decoding=\"async\" width=\"640\" height=\"804\" src=\"https:\/\/numero.com\/wp-content\/uploads\/2025\/04\/beyonce-coachella-1-768x965.jpg\" class=\"img-fluid\" alt=\"Beyonc\u00e9 en concert \u00e0 Coachella.\" loading=\"lazy\">\t\t\t\t\t\t\t\t\t\t\t\t<\/p>\n<div class=\"number\">09<\/div>\n<\/p><\/div>\n<div class=\"card-info d-flex\">\n<div>\n<p class=\"cat-title\">Musique<\/p>\n<h3 class=\"post-title\">Coachella : les meilleures performances de tous les temps, de Beyonc\u00e9 \u00e0 Daft Punk<\/h3>\n<\/p><\/div>\n<p class=\"date\">\n\t\t\t\t\t\t\t\t\t\t\t\t\t9 avr 2026\t\t\t\t\t\t\t\t\t\t\t\t<\/p>\n<\/p><\/div>\n<p>\t\t\t\t\t\t\t\t\t\t<\/a>\n\t\t\t\t\t\t\t\t\t<\/div>\n<\/p><\/div>\n<div class=\"col-lg-3\">\n<div class=\"post-card desktop\">\n\t\t\t\t\t\t\t\t\t\t<a class=\"post-link\" href=\"https:\/\/numero.com\/culture\/musique\/the-strokes-5-choses-a-savoir\/\"><\/p>\n<div class=\"container-img\">\n\t\t\t\t\t\t\t\t\t\t\t\t<img decoding=\"async\" width=\"640\" height=\"804\" src=\"https:\/\/numero.com\/wp-content\/uploads\/2023\/08\/The-Strokes-2-768x965.jpg\" class=\"img-fluid\" alt=\"Julian Casablancas du groupe The Strokes au festival Lollapalooza Brazil, le 25 mars 2017 \u00e0 S\u00e3o Paulo. \u00a9 Raphael Dias\/Getty Images.\" loading=\"lazy\">\t\t\t\t\t\t\t\t\t\t\t\t<\/p>\n<div class=\"number\">09<\/div>\n<\/p><\/div>\n<div class=\"card-info\">\n<div class=\"meta d-flex justify-content-between\">\n<p class=\"cat-title\">Musique<\/p>\n<p class=\"date\">\n\t\t\t\t\t\t\t\t\t\t\t\t\t\t9 avr 2026\t\t\t\t\t\t\t\t\t\t\t\t\t<\/p>\n<\/p><\/div>\n<div class=\"post-title\">5 choses \u00e0 savoir sur The Strokes, le groupe culte de retour en 2026<\/div>\n<\/p><\/div>\n<p>\t\t\t\t\t\t\t\t\t\t<\/a>\n\t\t\t\t\t\t\t\t\t<\/div>\n<div class=\"post-card mobile\">\n\t\t\t\t\t\t\t\t\t\t<a class=\"post-link d-flex\" href=\"https:\/\/numero.com\/culture\/musique\/the-strokes-5-choses-a-savoir\/\"><\/p>\n<div class=\"container-img\">\n\t\t\t\t\t\t\t\t\t\t\t\t<img decoding=\"async\" width=\"640\" height=\"804\" src=\"https:\/\/numero.com\/wp-content\/uploads\/2023\/08\/The-Strokes-2-768x965.jpg\" class=\"img-fluid\" alt=\"Julian Casablancas du groupe The Strokes au festival Lollapalooza Brazil, le 25 mars 2017 \u00e0 S\u00e3o Paulo. \u00a9 Raphael Dias\/Getty Images.\" loading=\"lazy\">\t\t\t\t\t\t\t\t\t\t\t\t<\/p>\n<div class=\"number\">09<\/div>\n<\/p><\/div>\n<div class=\"card-info d-flex\">\n<div>\n<p class=\"cat-title\">Musique<\/p>\n<h3 class=\"post-title\">5 choses \u00e0 savoir sur The Strokes, le groupe culte de retour en 2026<\/h3>\n<\/p><\/div>\n<p class=\"date\">\n\t\t\t\t\t\t\t\t\t\t\t\t\t9 avr 2026\t\t\t\t\t\t\t\t\t\t\t\t<\/p>\n<\/p><\/div>\n<p>\t\t\t\t\t\t\t\t\t\t<\/a>\n\t\t\t\t\t\t\t\t\t<\/div>\n<\/p><\/div>\n<div class=\"col-lg-3\">\n<div class=\"post-card desktop\">\n\t\t\t\t\t\t\t\t\t\t<a class=\"post-link\" href=\"https:\/\/numero.com\/culture\/musique\/sabrina-carpenter-short-n-sweet\/\"><\/p>\n<div class=\"container-img\">\n\t\t\t\t\t\t\t\t\t\t\t\t<img decoding=\"async\" width=\"640\" height=\"804\" src=\"https:\/\/numero.com\/wp-content\/uploads\/2026\/04\/sabrina-carpenter2-768x965.jpg\" class=\"img-fluid\" alt=\"Sabrina Carpenter.\" loading=\"lazy\">\t\t\t\t\t\t\t\t\t\t\t\t<\/p>\n<div class=\"number\">08<\/div>\n<\/p><\/div>\n<div class=\"card-info\">\n<div class=\"meta d-flex justify-content-between\">\n<p class=\"cat-title\">Musique<\/p>\n<p class=\"date\">\n\t\t\t\t\t\t\t\t\t\t\t\t\t\t8 avr 2026\t\t\t\t\t\t\t\t\t\t\t\t\t<\/p>\n<\/p><\/div>\n<div class=\"post-title\">Short n\u2019 Sweet, l\u2019album cu(l)te de Sabrina Carpenter, atteint les 10 milliards d\u2019\u00e9coutes<\/div>\n<\/p><\/div>\n<p>\t\t\t\t\t\t\t\t\t\t<\/a>\n\t\t\t\t\t\t\t\t\t<\/div>\n<div class=\"post-card mobile\">\n\t\t\t\t\t\t\t\t\t\t<a class=\"post-link d-flex\" href=\"https:\/\/numero.com\/culture\/musique\/sabrina-carpenter-short-n-sweet\/\"><\/p>\n<div class=\"container-img\">\n\t\t\t\t\t\t\t\t\t\t\t\t<img decoding=\"async\" width=\"640\" height=\"804\" src=\"https:\/\/numero.com\/wp-content\/uploads\/2026\/04\/sabrina-carpenter2-768x965.jpg\" class=\"img-fluid\" alt=\"Sabrina Carpenter.\" loading=\"lazy\">\t\t\t\t\t\t\t\t\t\t\t\t<\/p>\n<div class=\"number\">08<\/div>\n<\/p><\/div>\n<div class=\"card-info d-flex\">\n<div>\n<p class=\"cat-title\">Musique<\/p>\n<h3 class=\"post-title\">Short n\u2019 Sweet, l\u2019album cu(l)te de Sabrina Carpenter, atteint les 10 milliards d\u2019\u00e9coutes<\/h3>\n<\/p><\/div>\n<p class=\"date\">\n\t\t\t\t\t\t\t\t\t\t\t\t\t8 avr 2026\t\t\t\t\t\t\t\t\t\t\t\t<\/p>\n<\/p><\/div>\n<p>\t\t\t\t\t\t\t\t\t\t<\/a>\n\t\t\t\t\t\t\t\t\t<\/div>\n<\/p><\/div>\n<\/p><\/div>\n<\/p><\/div>\n<\/section>\n<div class=\"padding-bottom-s\">\n<div class=\"ad banner desktop\">\n<div class=\"container\">\n<div class=\"row\">\n            <!-- \/21730003857\/numero-ad-unit\/numero-banner-1 --><\/p>\n<div id=\"div-gpt-ad-1757006327907-0\" style=\"min-width: 350px\">\n<p>                    googletag.cmd.push(function () {<br \/>\n                        googletag.display(&#8216;div-gpt-ad-1757006327907-0&#8217;);<br \/>\n                    });<\/p><\/div>\n<\/p><\/div>\n<\/p><\/div>\n<\/div><\/div>\n<\/p><\/div>\n","protected":false},"excerpt":{"rendered":"<p>10 10 googletag.cmd.push(function () { googletag.display(&#8216;div-gpt-ad-1757063143832-0&#8217;); }); Lien copi\u00e9 Musique 10 avr 2026 Revivez les meilleures performances de Coachella 2025 avant l\u2019\u00e9dition 2026 Organis\u00e9 au beau milieu du d\u00e9sert d\u2019Indio, en Californie, le festival de musique Coachella est le rendez-vous des aficionados de musique. Chaque ann\u00e9e, pl\u00e9thore d\u2019interpr\u00e8tes sont r\u00e9unis par l\u2019\u00e9v\u00e8nement, livrant tour \u00e0 [&hellip;]<\/p>\n","protected":false},"author":1,"featured_media":0,"comment_status":"open","ping_status":"","sticky":false,"template":"","format":"standard","meta":{"footnotes":""},"categories":[1],"tags":[226,258],"class_list":["post-1875508","post","type-post","status-publish","format-standard","hentry","category-uncategorized","tag-crawlmanager","tag-numero-com"],"_links":{"self":[{"href":"https:\/\/analyse.optim.biz\/index.php?rest_route=\/wp\/v2\/posts\/1875508","targetHints":{"allow":["GET"]}}],"collection":[{"href":"https:\/\/analyse.optim.biz\/index.php?rest_route=\/wp\/v2\/posts"}],"about":[{"href":"https:\/\/analyse.optim.biz\/index.php?rest_route=\/wp\/v2\/types\/post"}],"author":[{"embeddable":true,"href":"https:\/\/analyse.optim.biz\/index.php?rest_route=\/wp\/v2\/users\/1"}],"replies":[{"embeddable":true,"href":"https:\/\/analyse.optim.biz\/index.php?rest_route=%2Fwp%2Fv2%2Fcomments&post=1875508"}],"version-history":[{"count":0,"href":"https:\/\/analyse.optim.biz\/index.php?rest_route=\/wp\/v2\/posts\/1875508\/revisions"}],"wp:attachment":[{"href":"https:\/\/analyse.optim.biz\/index.php?rest_route=%2Fwp%2Fv2%2Fmedia&parent=1875508"}],"wp:term":[{"taxonomy":"category","embeddable":true,"href":"https:\/\/analyse.optim.biz\/index.php?rest_route=%2Fwp%2Fv2%2Fcategories&post=1875508"},{"taxonomy":"post_tag","embeddable":true,"href":"https:\/\/analyse.optim.biz\/index.php?rest_route=%2Fwp%2Fv2%2Ftags&post=1875508"}],"curies":[{"name":"wp","href":"https:\/\/api.w.org\/{rel}","templated":true}]}}