{"id":1875446,"date":"2026-04-10T09:21:02","date_gmt":"2026-04-10T06:21:02","guid":{"rendered":"https:\/\/analyse.optim.biz\/?p=1875446"},"modified":"2026-04-10T09:21:02","modified_gmt":"2026-04-10T06:21:02","slug":"sarbatori-pascale-in-siguranta","status":"publish","type":"post","link":"https:\/\/analyse.optim.biz\/?p=1875446","title":{"rendered":"S\u0102RB\u0102TORI PASCALE \u00ceN SIGURAN\u021a\u0102"},"content":{"rendered":"<p>[analyse_image type=&#8221;featured&#8221; src=&#8221;https:\/\/newss.ro\/wp-content\/uploads\/2022\/12\/politisti-trafic.jpg&#8221;]<\/p>\n<div class=\"td-post-content\">\n<div class=\"td-post-featured-image\"><a href=\"https:\/\/newss.ro\/wp-content\/uploads\/2022\/12\/politisti-trafic.jpg\" data-caption><img loading=\"lazy\" decoding=\"async\" width=\"696\" height=\"403\" class=\"entry-thumb td-modal-image\" src=\"https:\/\/newss.ro\/wp-content\/uploads\/2022\/12\/politisti-trafic-696x403.jpg\" alt title=\"politisti trafic\"><\/a><\/div>\n<p>Minivacan\u021ba de Pa\u0219te este o perioad\u0103 a bucuriei, \u00eemp\u0103rt\u0103\u0219ite cu cei dragi, dar \u0219i una \u00een care trebuie s\u0103 fim aten\u021bi, astfel \u00eenc\u00e2t s\u0103 nu devenim parte a unor evenimente nepl\u0103cute.<\/p>\n<p>\u00cen sprijinul cet\u0103\u021benilor, \u00een perioada s\u0103rb\u0103torilor pascale, vor ac\u021biona peste 24.000 de angaja\u021bi ai Ministerului Afacerilor Interne,\u00a0 pentru asigurarea interven\u021biei rapide, fluidizarea circula\u021biei, precum \u0219i pentru p\u0103strarea ordinii publice \u0219i prevenirea \u0219i combaterea faptelor ilegale.<br \/>\nEchipajele MAI vor fi prezente pe principalele drumuri \u0219i autostr\u0103zi, \u00een sta\u021biuni turistice \u0219i \u00a0\u00een locurile \u00een care vor fi organizate evenimente cu public numeros.<\/p>\n<p>\u00cen aten\u021bia for\u021belor de ordine vor fi \u0219i l\u0103ca\u0219urile de cult, acolo unde oamenii se vor aduna \u00een num\u0103r mare, pentru a participa la manifest\u0103rile religioase.<\/p>\n<p>Pentru prevenirea unor situa\u021bii de pericol, pompierii recomand\u0103 folosirea cu pruden\u021b\u0103 a lum\u00e2n\u0103rilor \u0219i a candelelor. Acestea trebuie aprinse \u0219i manevrate cu grij\u0103 pentru a evita aprinderea hainelor sau a p\u0103rului, mai ales \u00een spa\u021bii aglomerate. Nu se transport\u0103 aprinse \u00een ma\u0219in\u0103, nu trebuie l\u0103sate nesupravegheate sau \u00een apropiere de materiale \u0219i obiecte care pot lua foc cu u\u0219urin\u021b\u0103.<\/p>\n<p>Echipajele de poli\u021bie rutier\u0103 vor fi prezente cu prec\u0103dere pe drumurile aglomerate pentru a fluidiza traficul \u0219i pentru a preveni accidentele de circula\u021bie. Poli\u021bi\u0219tii vor ac\u021biona cu aparate radar \u0219i dispozitive care depisteaz\u0103 consumul de alcool sau substan\u021be interzise.<\/p>\n<p>Conduc\u0103torii auto trebuie s\u0103 manifeste pruden\u021b\u0103, s\u0103 verifice condi\u021biile de trafic \u0219i prognoza meteorologic\u0103 \u00eenainte de a pleca la drum.<\/p>\n<p>Rom\u00e2nii care \u00ee\u0219i vor petrece Pa\u0219tele \u00een zonele de munte\u00a0 trebuie s\u0103 fie precau\u021bi \u0219i s\u0103 nu se aventureze pe trasee dificile sau \u00een condi\u021bii de vreme sever\u0103.<\/p>\n<\/div>\n<div class=\"td-post-content\">\n<div class=\"td-post-featured-image\"><a href=\"https:\/\/newss.ro\/wp-content\/uploads\/2022\/12\/politisti-trafic.jpg\" data-caption><img loading=\"lazy\" decoding=\"async\" width=\"696\" height=\"403\" class=\"entry-thumb td-modal-image\" src=\"https:\/\/newss.ro\/wp-content\/uploads\/2022\/12\/politisti-trafic-696x403.jpg\" alt title=\"politisti trafic\"><\/a><\/div>\n<p>Minivacan\u021ba de Pa\u0219te este o perioad\u0103 a bucuriei, \u00eemp\u0103rt\u0103\u0219ite cu cei dragi, dar \u0219i una \u00een care trebuie s\u0103 fim aten\u021bi, astfel \u00eenc\u00e2t s\u0103 nu devenim parte a unor evenimente nepl\u0103cute.<\/p>\n<p>\u00cen sprijinul cet\u0103\u021benilor, \u00een perioada s\u0103rb\u0103torilor pascale, vor ac\u021biona peste 24.000 de angaja\u021bi ai Ministerului Afacerilor Interne,\u00a0 pentru asigurarea interven\u021biei rapide, fluidizarea circula\u021biei, precum \u0219i pentru p\u0103strarea ordinii publice \u0219i prevenirea \u0219i combaterea faptelor ilegale.<br \/>\nEchipajele MAI vor fi prezente pe principalele drumuri \u0219i autostr\u0103zi, \u00een sta\u021biuni turistice \u0219i \u00a0\u00een locurile \u00een care vor fi organizate evenimente cu public numeros.<\/p>\n<p>\u00cen aten\u021bia for\u021belor de ordine vor fi \u0219i l\u0103ca\u0219urile de cult, acolo unde oamenii se vor aduna \u00een num\u0103r mare, pentru a participa la manifest\u0103rile religioase.<\/p>\n<p>Pentru prevenirea unor situa\u021bii de pericol, pompierii recomand\u0103 folosirea cu pruden\u021b\u0103 a lum\u00e2n\u0103rilor \u0219i a candelelor. Acestea trebuie aprinse \u0219i manevrate cu grij\u0103 pentru a evita aprinderea hainelor sau a p\u0103rului, mai ales \u00een spa\u021bii aglomerate. Nu se transport\u0103 aprinse \u00een ma\u0219in\u0103, nu trebuie l\u0103sate nesupravegheate sau \u00een apropiere de materiale \u0219i obiecte care pot lua foc cu u\u0219urin\u021b\u0103.<\/p>\n<p>Echipajele de poli\u021bie rutier\u0103 vor fi prezente cu prec\u0103dere pe drumurile aglomerate pentru a fluidiza traficul \u0219i pentru a preveni accidentele de circula\u021bie. Poli\u021bi\u0219tii vor ac\u021biona cu aparate radar \u0219i dispozitive care depisteaz\u0103 consumul de alcool sau substan\u021be interzise.<\/p>\n<p>Conduc\u0103torii auto trebuie s\u0103 manifeste pruden\u021b\u0103, s\u0103 verifice condi\u021biile de trafic \u0219i prognoza meteorologic\u0103 \u00eenainte de a pleca la drum.<\/p>\n<p>Rom\u00e2nii care \u00ee\u0219i vor petrece Pa\u0219tele \u00een zonele de munte\u00a0 trebuie s\u0103 fie precau\u021bi \u0219i s\u0103 nu se aventureze pe trasee dificile sau \u00een condi\u021bii de vreme sever\u0103.<\/p>\n<\/div>\n<p>[analyse_source url=&#8221;https:\/\/newss.ro\/2026\/04\/10\/sarbatori-pascale-in-siguranta\/&#8221;]<\/p>\n","protected":false},"excerpt":{"rendered":"<p>[analyse_image type=&#8221;featured&#8221; src=&#8221;https:\/\/newss.ro\/wp-content\/uploads\/2022\/12\/politisti-trafic.jpg&#8221;] Minivacan\u021ba de Pa\u0219te este o perioad\u0103 a bucuriei, \u00eemp\u0103rt\u0103\u0219ite cu cei dragi, dar \u0219i una \u00een care trebuie s\u0103 fim aten\u021bi, astfel \u00eenc\u00e2t s\u0103 nu devenim parte a unor evenimente nepl\u0103cute. \u00cen sprijinul cet\u0103\u021benilor, \u00een perioada s\u0103rb\u0103torilor pascale, vor ac\u021biona peste 24.000 de angaja\u021bi ai Ministerului Afacerilor Interne,\u00a0 pentru asigurarea interven\u021biei rapide, [&hellip;]<\/p>\n","protected":false},"author":1,"featured_media":0,"comment_status":"open","ping_status":"","sticky":false,"template":"","format":"standard","meta":{"footnotes":""},"categories":[2],"tags":[226,73],"class_list":["post-1875446","post","type-post","status-publish","format-standard","hentry","category-politics","tag-crawlmanager","tag-newss-ro"],"_links":{"self":[{"href":"https:\/\/analyse.optim.biz\/index.php?rest_route=\/wp\/v2\/posts\/1875446","targetHints":{"allow":["GET"]}}],"collection":[{"href":"https:\/\/analyse.optim.biz\/index.php?rest_route=\/wp\/v2\/posts"}],"about":[{"href":"https:\/\/analyse.optim.biz\/index.php?rest_route=\/wp\/v2\/types\/post"}],"author":[{"embeddable":true,"href":"https:\/\/analyse.optim.biz\/index.php?rest_route=\/wp\/v2\/users\/1"}],"replies":[{"embeddable":true,"href":"https:\/\/analyse.optim.biz\/index.php?rest_route=%2Fwp%2Fv2%2Fcomments&post=1875446"}],"version-history":[{"count":0,"href":"https:\/\/analyse.optim.biz\/index.php?rest_route=\/wp\/v2\/posts\/1875446\/revisions"}],"wp:attachment":[{"href":"https:\/\/analyse.optim.biz\/index.php?rest_route=%2Fwp%2Fv2%2Fmedia&parent=1875446"}],"wp:term":[{"taxonomy":"category","embeddable":true,"href":"https:\/\/analyse.optim.biz\/index.php?rest_route=%2Fwp%2Fv2%2Fcategories&post=1875446"},{"taxonomy":"post_tag","embeddable":true,"href":"https:\/\/analyse.optim.biz\/index.php?rest_route=%2Fwp%2Fv2%2Ftags&post=1875446"}],"curies":[{"name":"wp","href":"https:\/\/api.w.org\/{rel}","templated":true}]}}