{"id":1875445,"date":"2026-04-10T10:04:16","date_gmt":"2026-04-10T07:04:16","guid":{"rendered":"https:\/\/analyse.optim.biz\/?p=1875445"},"modified":"2026-04-10T10:04:16","modified_gmt":"2026-04-10T07:04:16","slug":"buzaul-sub-asediul-batranetii","status":"publish","type":"post","link":"https:\/\/analyse.optim.biz\/?p=1875445","title":{"rendered":"BUZ\u0102UL, SUB ASEDIUL B\u0102TR\u00c2NE\u021aII"},"content":{"rendered":"<p>[analyse_image type=&#8221;featured&#8221; src=&#8221;https:\/\/newss.ro\/wp-content\/uploads\/2023\/12\/medic-pacienti.webp&#8221;]<\/p>\n<div class=\"td-post-content\">\n<div class=\"td-post-featured-image\"><a href=\"https:\/\/newss.ro\/wp-content\/uploads\/2023\/12\/medic-pacienti.webp\" data-caption><img loading=\"lazy\" decoding=\"async\" width=\"696\" height=\"448\" class=\"entry-thumb td-modal-image\" src=\"https:\/\/newss.ro\/wp-content\/uploads\/2023\/12\/medic-pacienti-696x448.webp\" alt title=\"medic pacienti\"><\/a><\/div>\n<p>Jude\u021bul Buz\u0103u se confrunt\u0103 cu o criz\u0103 demografic\u0103 \u0219i sanitar\u0103 profund\u0103, caracterizat\u0103 printr-o popula\u021bie tot mai \u00eemb\u0103tr\u00e2nit\u0103 \u0219i bolnav\u0103, \u00eentr-un sistem medical la un pas de colaps. Cel pu\u021bin asta arat\u0103 datele ultimului recens\u0103m\u00e2nt, din 2022, potrivit c\u0103rora Buz\u0103u este marcat de o depopulare masiv\u0103 \u0219i de o cre\u0219tere a cazurilor de boli cronice \u00een r\u00e2ndul v\u00e2rstnicilor.<\/p>\n<p>Conducerea Direc\u021biei de S\u0103n\u0103tate Public\u0103 Buz\u0103u spune c\u0103, \u00een continuare, exist\u0103 localit\u0103\u021bi f\u0103r\u0103 medic de familie, iar b\u0103tr\u00e2nii \u0219i persoanele din mediul rural nu beneficiez\u0103 de serviciile medicale necesare. \u0218i mai grav este c\u0103 din medicii de familie existen\u021bi, cei mai mul\u021bi sunt pensionari.<\/p>\n<p>Anul 2026 aduce reguli mai stricte \u00een sistemul public de s\u0103n\u0103tate: pacien\u021bii cronici nu mai au acces prioritar la analizele esen\u021biale, iar investiga\u021biile se fac doar \u00een limita fondurilor lunare ale laboratoarelor. Noile reguli afecteaz\u0103 astfel accesul pacien\u021bilor cronici \u2013 majoritatea v\u00e2rstnici \u2013 la analize esen\u021biale.<\/p>\n<\/div>\n<div class=\"td-post-content\">\n<div class=\"td-post-featured-image\"><a href=\"https:\/\/newss.ro\/wp-content\/uploads\/2023\/12\/medic-pacienti.webp\" data-caption><img loading=\"lazy\" decoding=\"async\" width=\"696\" height=\"448\" class=\"entry-thumb td-modal-image\" src=\"https:\/\/newss.ro\/wp-content\/uploads\/2023\/12\/medic-pacienti-696x448.webp\" alt title=\"medic pacienti\"><\/a><\/div>\n<p>Jude\u021bul Buz\u0103u se confrunt\u0103 cu o criz\u0103 demografic\u0103 \u0219i sanitar\u0103 profund\u0103, caracterizat\u0103 printr-o popula\u021bie tot mai \u00eemb\u0103tr\u00e2nit\u0103 \u0219i bolnav\u0103, \u00eentr-un sistem medical la un pas de colaps. Cel pu\u021bin asta arat\u0103 datele ultimului recens\u0103m\u00e2nt, din 2022, potrivit c\u0103rora Buz\u0103u este marcat de o depopulare masiv\u0103 \u0219i de o cre\u0219tere a cazurilor de boli cronice \u00een r\u00e2ndul v\u00e2rstnicilor.<\/p>\n<p>Conducerea Direc\u021biei de S\u0103n\u0103tate Public\u0103 Buz\u0103u spune c\u0103, \u00een continuare, exist\u0103 localit\u0103\u021bi f\u0103r\u0103 medic de familie, iar b\u0103tr\u00e2nii \u0219i persoanele din mediul rural nu beneficiez\u0103 de serviciile medicale necesare. \u0218i mai grav este c\u0103 din medicii de familie existen\u021bi, cei mai mul\u021bi sunt pensionari.<\/p>\n<p>Anul 2026 aduce reguli mai stricte \u00een sistemul public de s\u0103n\u0103tate: pacien\u021bii cronici nu mai au acces prioritar la analizele esen\u021biale, iar investiga\u021biile se fac doar \u00een limita fondurilor lunare ale laboratoarelor. Noile reguli afecteaz\u0103 astfel accesul pacien\u021bilor cronici \u2013 majoritatea v\u00e2rstnici \u2013 la analize esen\u021biale.<\/p>\n<\/div>\n<p>[analyse_source url=&#8221;https:\/\/newss.ro\/2026\/04\/10\/buzaul-sub-asediul-batranetii\/&#8221;]<\/p>\n","protected":false},"excerpt":{"rendered":"<p>[analyse_image type=&#8221;featured&#8221; src=&#8221;https:\/\/newss.ro\/wp-content\/uploads\/2023\/12\/medic-pacienti.webp&#8221;] Jude\u021bul Buz\u0103u se confrunt\u0103 cu o criz\u0103 demografic\u0103 \u0219i sanitar\u0103 profund\u0103, caracterizat\u0103 printr-o popula\u021bie tot mai \u00eemb\u0103tr\u00e2nit\u0103 \u0219i bolnav\u0103, \u00eentr-un sistem medical la un pas de colaps. Cel pu\u021bin asta arat\u0103 datele ultimului recens\u0103m\u00e2nt, din 2022, potrivit c\u0103rora Buz\u0103u este marcat de o depopulare masiv\u0103 \u0219i de o cre\u0219tere a cazurilor de [&hellip;]<\/p>\n","protected":false},"author":1,"featured_media":0,"comment_status":"open","ping_status":"","sticky":false,"template":"","format":"standard","meta":{"footnotes":""},"categories":[2],"tags":[226,73],"class_list":["post-1875445","post","type-post","status-publish","format-standard","hentry","category-politics","tag-crawlmanager","tag-newss-ro"],"_links":{"self":[{"href":"https:\/\/analyse.optim.biz\/index.php?rest_route=\/wp\/v2\/posts\/1875445","targetHints":{"allow":["GET"]}}],"collection":[{"href":"https:\/\/analyse.optim.biz\/index.php?rest_route=\/wp\/v2\/posts"}],"about":[{"href":"https:\/\/analyse.optim.biz\/index.php?rest_route=\/wp\/v2\/types\/post"}],"author":[{"embeddable":true,"href":"https:\/\/analyse.optim.biz\/index.php?rest_route=\/wp\/v2\/users\/1"}],"replies":[{"embeddable":true,"href":"https:\/\/analyse.optim.biz\/index.php?rest_route=%2Fwp%2Fv2%2Fcomments&post=1875445"}],"version-history":[{"count":0,"href":"https:\/\/analyse.optim.biz\/index.php?rest_route=\/wp\/v2\/posts\/1875445\/revisions"}],"wp:attachment":[{"href":"https:\/\/analyse.optim.biz\/index.php?rest_route=%2Fwp%2Fv2%2Fmedia&parent=1875445"}],"wp:term":[{"taxonomy":"category","embeddable":true,"href":"https:\/\/analyse.optim.biz\/index.php?rest_route=%2Fwp%2Fv2%2Fcategories&post=1875445"},{"taxonomy":"post_tag","embeddable":true,"href":"https:\/\/analyse.optim.biz\/index.php?rest_route=%2Fwp%2Fv2%2Ftags&post=1875445"}],"curies":[{"name":"wp","href":"https:\/\/api.w.org\/{rel}","templated":true}]}}