{"id":1875263,"date":"2026-04-08T07:58:29","date_gmt":"2026-04-08T04:58:29","guid":{"rendered":"https:\/\/analyse.optim.biz\/?p=1875263"},"modified":"2026-04-08T07:58:29","modified_gmt":"2026-04-08T04:58:29","slug":"ips-calinic-raspunde-criticilor-privind-aducerea-sfintei-lumini-de-la-ierusalim-pentru-fiecare-candela-care-arde-pe-sfanta-masa-sfanta-lumina-de-la-ierusalim-este-prefigurare-a-sfantului-mormant","status":"publish","type":"post","link":"https:\/\/analyse.optim.biz\/?p=1875263","title":{"rendered":"IPS Calinic r\u0103spunde criticilor privind aducerea Sfintei Lumini de la Ierusalim: Pentru fiecare candel\u0103 care arde pe Sf\u00e2nta Mas\u0103 Sf\u00e2nta Lumin\u0103 de la Ierusalim este prefigurare a Sf\u00e2ntului Morm\u00e2nt"},"content":{"rendered":"<p>[analyse_image type=&#8221;featured&#8221; src=&#8221;https:\/\/www.newsbucovina.ro\/wp-content\/uploads\/2026\/04\/calinic-1.jpghttps:\/\/cdn.newsbucovina.ro\/wp-content\/uploads\/2026\/04\/calinic-1.jpg&#8221;]<\/p>\n<div class=\"td-post-content tagdiv-type\">\n<div class=\"td-a-rec td-a-rec-id-content_top  tdi_3 td_block_template_1\"><strong>Intr\u0103 acum \u0219i \u00een grupul de <\/p>\n<div class=\"wp-block-button\"><a class=\"wp-block-button__link wp-element-button\" href=\"https:\/\/t.me\/+TH8wcfnp8fw5NWI0\">Telegram News Bucovina<\/a><\/div>\n<p><\/strong><\/div>\n<p>\u00cenaltpreasfin\u021bitul P\u0103rinte Calinic, Arhiepiscopul Sucevei \u0219i R\u0103d\u0103u\u021bilor, a oferit un r\u0103spuns un r\u0103spuns duhovnicesc \u0219i echilibrat unei \u00eentreb\u0103ri venite din partea unui credincios referitoare la tradi\u021bia aducerii Sfintei Lumini de la Ierusalim.<\/p>\n<figure class=\"wp-block-image size-large\"><a href=\"https:\/\/cdn.newsbucovina.ro\/wp-content\/uploads\/2026\/04\/calinic-1.jpg\"><img loading=\"lazy\" decoding=\"async\" width=\"1024\" height=\"576\" src=\"https:\/\/cdn.newsbucovina.ro\/wp-content\/uploads\/2026\/04\/calinic-1-1024x576.jpg\" alt class=\"wp-image-435840\"><\/a><\/figure>\n<p>Credinciosul, semnat C.U., a adresat o scrisoare deschis\u0103 \u00cenaltpreasfin\u021biei Sale, \u00een care exprima nemul\u021bumirea fa\u021b\u0103 de decizia Sinodului de a continua aducerea Sfintei Lumini din Ierusalim. Acesta considera tradi\u021bia \u201epericuloas\u0103\u201d, sus\u021bin\u00e2nd c\u0103 nu se reg\u0103se\u0219te \u00een scrierile sfin\u021bilor \u0219i c\u0103 ar crea o deosebire \u00eentre credincio\u0219ii din sate \u0219i cei care primesc Lumina direct de la Ierusalim. De asemenea, a criticat lipsa unor cateheze sus\u021binute de ierarhi \u00een Postul Mare \u0219i un presupus \u201edublu standard\u201d al Bisericii privind prezen\u021ba online.<\/p>\n<p>\u00cen r\u0103spunsul s\u0103u, IPS Calinic a explicat semnifica\u021bia duhovniceasc\u0103 profund\u0103 a Sfintei Lumini:<\/p>\n<p>\u201eCeea ce reprezint\u0103 Giulgiul de la Torino pentru fiecare Epitaf folosit \u00een Sf\u00e2nta \u0219i Marea Vineri, tot astfel este Sf\u00e2nta Lumin\u0103 de la Ierusalim pentru fiecare candel\u0103 care arde pe Sf\u00e2nta Mas\u0103 \u2013 prefigurare a Sf\u00e2ntului Morm\u00e2nt.\u201d<\/p>\n<p>Tradi\u021bia aducerii Sfintei Lumini de la Ierusalim a fost ini\u021biat\u0103 \u00een 2009 de Preafericitul P\u0103rinte Patriarh Daniel \u0219i este continuat\u0103 anual de Patriarhia Rom\u00e2n\u0103, fiind distribuit\u0103 prin protopopiate c\u0103tre toate parohiile.<\/p>\n<figure class=\"wp-block-embed is-type-video is-provider-youtube wp-block-embed-youtube wp-embed-aspect-16-9 wp-has-aspect-ratio\">\n<div class=\"wp-block-embed__wrapper\">\n<div class=\"youtube-embed\" data-video_id=\"mA7BmQPq0JE\"><iframe loading=\"lazy\" title=\"S\u0103 \u00eenceap\u0103 Jumulirea: Bazarul din Suceava e preg\u0103tit, lacrimile au fost \u0219terse!!\" width=\"696\" height=\"392\" src=\"https:\/\/www.youtube.com\/embed\/mA7BmQPq0JE?feature=oembed&amp;enablejsapi=1\" frameborder allow=\"accelerometer; autoplay; clipboard-write; encrypted-media; gyroscope; picture-in-picture; web-share\" referrerpolicy=\"strict-origin-when-cross-origin\" allowfullscreen><\/iframe><\/div>\n<\/div>\n<\/figure>\n<div class=\"td-a-rec td-a-rec-id-content_bottom  tdi_4 td_block_template_1\"><strong>Intr\u0103 acum \u0219i \u00een grupul de <\/p>\n<div class=\"wp-block-button\"><a class=\"wp-block-button__link wp-element-button\" href=\"https:\/\/t.me\/+TH8wcfnp8fw5NWI0\">Telegram News Bucovina<\/a><\/div>\n<p><\/strong><\/div>\n<\/div>\n<div class=\"td-post-content tagdiv-type\">\n<div class=\"td-a-rec td-a-rec-id-content_top  tdi_3 td_block_template_1\"><strong>Intr\u0103 acum \u0219i \u00een grupul de <\/p>\n<div class=\"wp-block-button\"><a class=\"wp-block-button__link wp-element-button\" href=\"https:\/\/t.me\/+TH8wcfnp8fw5NWI0\">Telegram News Bucovina<\/a><\/div>\n<p><\/strong><\/div>\n<p>\u00cenaltpreasfin\u021bitul P\u0103rinte Calinic, Arhiepiscopul Sucevei \u0219i R\u0103d\u0103u\u021bilor, a oferit un r\u0103spuns un r\u0103spuns duhovnicesc \u0219i echilibrat unei \u00eentreb\u0103ri venite din partea unui credincios referitoare la tradi\u021bia aducerii Sfintei Lumini de la Ierusalim.<\/p>\n<figure class=\"wp-block-image size-large\"><a href=\"https:\/\/cdn.newsbucovina.ro\/wp-content\/uploads\/2026\/04\/calinic-1.jpg\"><img loading=\"lazy\" decoding=\"async\" width=\"1024\" height=\"576\" src=\"https:\/\/cdn.newsbucovina.ro\/wp-content\/uploads\/2026\/04\/calinic-1-1024x576.jpg\" alt class=\"wp-image-435840\"><\/a><\/figure>\n<p>Credinciosul, semnat C.U., a adresat o scrisoare deschis\u0103 \u00cenaltpreasfin\u021biei Sale, \u00een care exprima nemul\u021bumirea fa\u021b\u0103 de decizia Sinodului de a continua aducerea Sfintei Lumini din Ierusalim. Acesta considera tradi\u021bia \u201epericuloas\u0103\u201d, sus\u021bin\u00e2nd c\u0103 nu se reg\u0103se\u0219te \u00een scrierile sfin\u021bilor \u0219i c\u0103 ar crea o deosebire \u00eentre credincio\u0219ii din sate \u0219i cei care primesc Lumina direct de la Ierusalim. De asemenea, a criticat lipsa unor cateheze sus\u021binute de ierarhi \u00een Postul Mare \u0219i un presupus \u201edublu standard\u201d al Bisericii privind prezen\u021ba online.<\/p>\n<p>\u00cen r\u0103spunsul s\u0103u, IPS Calinic a explicat semnifica\u021bia duhovniceasc\u0103 profund\u0103 a Sfintei Lumini:<\/p>\n<p>\u201eCeea ce reprezint\u0103 Giulgiul de la Torino pentru fiecare Epitaf folosit \u00een Sf\u00e2nta \u0219i Marea Vineri, tot astfel este Sf\u00e2nta Lumin\u0103 de la Ierusalim pentru fiecare candel\u0103 care arde pe Sf\u00e2nta Mas\u0103 \u2013 prefigurare a Sf\u00e2ntului Morm\u00e2nt.\u201d<\/p>\n<p>Tradi\u021bia aducerii Sfintei Lumini de la Ierusalim a fost ini\u021biat\u0103 \u00een 2009 de Preafericitul P\u0103rinte Patriarh Daniel \u0219i este continuat\u0103 anual de Patriarhia Rom\u00e2n\u0103, fiind distribuit\u0103 prin protopopiate c\u0103tre toate parohiile.<\/p>\n<figure class=\"wp-block-embed is-type-video is-provider-youtube wp-block-embed-youtube wp-embed-aspect-16-9 wp-has-aspect-ratio\">\n<div class=\"wp-block-embed__wrapper\">\n<div class=\"youtube-embed\" data-video_id=\"mA7BmQPq0JE\"><iframe loading=\"lazy\" title=\"S\u0103 \u00eenceap\u0103 Jumulirea: Bazarul din Suceava e preg\u0103tit, lacrimile au fost \u0219terse!!\" width=\"696\" height=\"392\" src=\"https:\/\/www.youtube.com\/embed\/mA7BmQPq0JE?feature=oembed&amp;enablejsapi=1\" frameborder allow=\"accelerometer; autoplay; clipboard-write; encrypted-media; gyroscope; picture-in-picture; web-share\" referrerpolicy=\"strict-origin-when-cross-origin\" allowfullscreen><\/iframe><\/div>\n<\/div>\n<\/figure>\n<div class=\"td-a-rec td-a-rec-id-content_bottom  tdi_4 td_block_template_1\"><strong>Intr\u0103 acum \u0219i \u00een grupul de <\/p>\n<div class=\"wp-block-button\"><a class=\"wp-block-button__link wp-element-button\" href=\"https:\/\/t.me\/+TH8wcfnp8fw5NWI0\">Telegram News Bucovina<\/a><\/div>\n<p><\/strong><\/div>\n<\/div>\n<p>[analyse_source url=&#8221;https:\/\/www.newsbucovina.ro\/actualitate\/435839\/ips-calinic-raspunde-criticilor-privind-aducerea-sfintei-lumini-de-la-ierusalim-pentru-fiecare-candela-care-arde-pe-sfanta-masa-sfanta-lumina-de-la-ierusalim-este-prefigurare-a-sfantului-mormant&#8221;]<\/p>\n","protected":false},"excerpt":{"rendered":"<p>[analyse_image type=&#8221;featured&#8221; src=&#8221;https:\/\/www.newsbucovina.ro\/wp-content\/uploads\/2026\/04\/calinic-1.jpghttps:\/\/cdn.newsbucovina.ro\/wp-content\/uploads\/2026\/04\/calinic-1.jpg&#8221;] Intr\u0103 acum \u0219i \u00een grupul de Telegram News Bucovina \u00cenaltpreasfin\u021bitul P\u0103rinte Calinic, Arhiepiscopul Sucevei \u0219i R\u0103d\u0103u\u021bilor, a oferit un r\u0103spuns un r\u0103spuns duhovnicesc \u0219i echilibrat unei \u00eentreb\u0103ri venite din partea unui credincios referitoare la tradi\u021bia aducerii Sfintei Lumini de la Ierusalim. Credinciosul, semnat C.U., a adresat o scrisoare deschis\u0103 \u00cenaltpreasfin\u021biei Sale, \u00een [&hellip;]<\/p>\n","protected":false},"author":1,"featured_media":0,"comment_status":"open","ping_status":"","sticky":false,"template":"","format":"standard","meta":{"footnotes":""},"categories":[89],"tags":[226,165],"class_list":["post-1875263","post","type-post","status-publish","format-standard","hentry","category-romania","tag-crawlmanager","tag-newsbucovina-ro"],"_links":{"self":[{"href":"https:\/\/analyse.optim.biz\/index.php?rest_route=\/wp\/v2\/posts\/1875263","targetHints":{"allow":["GET"]}}],"collection":[{"href":"https:\/\/analyse.optim.biz\/index.php?rest_route=\/wp\/v2\/posts"}],"about":[{"href":"https:\/\/analyse.optim.biz\/index.php?rest_route=\/wp\/v2\/types\/post"}],"author":[{"embeddable":true,"href":"https:\/\/analyse.optim.biz\/index.php?rest_route=\/wp\/v2\/users\/1"}],"replies":[{"embeddable":true,"href":"https:\/\/analyse.optim.biz\/index.php?rest_route=%2Fwp%2Fv2%2Fcomments&post=1875263"}],"version-history":[{"count":0,"href":"https:\/\/analyse.optim.biz\/index.php?rest_route=\/wp\/v2\/posts\/1875263\/revisions"}],"wp:attachment":[{"href":"https:\/\/analyse.optim.biz\/index.php?rest_route=%2Fwp%2Fv2%2Fmedia&parent=1875263"}],"wp:term":[{"taxonomy":"category","embeddable":true,"href":"https:\/\/analyse.optim.biz\/index.php?rest_route=%2Fwp%2Fv2%2Fcategories&post=1875263"},{"taxonomy":"post_tag","embeddable":true,"href":"https:\/\/analyse.optim.biz\/index.php?rest_route=%2Fwp%2Fv2%2Ftags&post=1875263"}],"curies":[{"name":"wp","href":"https:\/\/api.w.org\/{rel}","templated":true}]}}