{"id":1875252,"date":"2026-04-09T10:46:44","date_gmt":"2026-04-09T07:46:44","guid":{"rendered":"https:\/\/analyse.optim.biz\/?p=1875252"},"modified":"2026-04-09T10:46:44","modified_gmt":"2026-04-09T07:46:44","slug":"trotinetele-electrice-creeaza-in-continuare-probleme","status":"publish","type":"post","link":"https:\/\/analyse.optim.biz\/?p=1875252","title":{"rendered":"TROTINETELE ELECTRICE CREEAZ\u0102 \u00ceN CONTINUARE PROBLEME"},"content":{"rendered":"<p>[analyse_image type=&#8221;featured&#8221; src=&#8221;https:\/\/newss.ro\/wp-content\/uploads\/2022\/09\/trotinete-electrice.png&#8221;]<\/p>\n<div class=\"td-post-content\">\n<div class=\"td-post-featured-image\"><a href=\"https:\/\/newss.ro\/wp-content\/uploads\/2022\/09\/trotinete-electrice.png\" data-caption><img loading=\"lazy\" decoding=\"async\" width=\"696\" height=\"364\" class=\"entry-thumb td-modal-image\" src=\"https:\/\/newss.ro\/wp-content\/uploads\/2022\/09\/trotinete-electrice-696x364.png\" alt title=\"trotinete electrice\"><\/a><\/div>\n<p>Buzoienii par s\u0103 se conformeze regulilor privind utilizarea trotinetelor electrice, \u00eens\u0103 problema este departe de a fi rezolvat\u0103. Trotinetele sunt surprinse, \u00een continuare, nu doar pe str\u0103zi, ci \u0219i \u00een locuri \u00een care acestea au fost interzise printr-o decizie a Consiliului Local Municipal. Numai \u00een aceast\u0103 s\u0103pt\u0103m\u00e2n\u0103, \u00eentr-o singur\u0103 zi, 4 tineri cu trotinete au fost opri\u021bi de poli\u021bi\u0219ti pe Platoul Dacia.<\/p>\n<p>Din toamna anului trecut, trotinetele nu mai au voie s\u0103 circule \u00een parcuri, dar \u0219i \u00een centrul ora\u0219ului. De asemenea, copiilor cu v\u00e2rste sub 14 ani le este interzis s\u0103 foloseasc\u0103 aceste mijloace de transport electrice. Folosirea trotinetelor electrice \u00een zone restric\u021bionate sau transportul a dou\u0103 persoane pe acela\u0219i vehicul atrag sanc\u021biuni cuprinse \u00eentre 500 \u0219i 1.500 lei.<\/p>\n<\/div>\n<div class=\"td-post-content\">\n<div class=\"td-post-featured-image\"><a href=\"https:\/\/newss.ro\/wp-content\/uploads\/2022\/09\/trotinete-electrice.png\" data-caption><img loading=\"lazy\" decoding=\"async\" width=\"696\" height=\"364\" class=\"entry-thumb td-modal-image\" src=\"https:\/\/newss.ro\/wp-content\/uploads\/2022\/09\/trotinete-electrice-696x364.png\" alt title=\"trotinete electrice\"><\/a><\/div>\n<p>Buzoienii par s\u0103 se conformeze regulilor privind utilizarea trotinetelor electrice, \u00eens\u0103 problema este departe de a fi rezolvat\u0103. Trotinetele sunt surprinse, \u00een continuare, nu doar pe str\u0103zi, ci \u0219i \u00een locuri \u00een care acestea au fost interzise printr-o decizie a Consiliului Local Municipal. Numai \u00een aceast\u0103 s\u0103pt\u0103m\u00e2n\u0103, \u00eentr-o singur\u0103 zi, 4 tineri cu trotinete au fost opri\u021bi de poli\u021bi\u0219ti pe Platoul Dacia.<\/p>\n<p>Din toamna anului trecut, trotinetele nu mai au voie s\u0103 circule \u00een parcuri, dar \u0219i \u00een centrul ora\u0219ului. De asemenea, copiilor cu v\u00e2rste sub 14 ani le este interzis s\u0103 foloseasc\u0103 aceste mijloace de transport electrice. Folosirea trotinetelor electrice \u00een zone restric\u021bionate sau transportul a dou\u0103 persoane pe acela\u0219i vehicul atrag sanc\u021biuni cuprinse \u00eentre 500 \u0219i 1.500 lei.<\/p>\n<\/div>\n<p>[analyse_source url=&#8221;https:\/\/newss.ro\/2026\/04\/09\/trotinetele-electrice-creeaza-in-continuare-probleme\/&#8221;]<\/p>\n","protected":false},"excerpt":{"rendered":"<p>[analyse_image type=&#8221;featured&#8221; src=&#8221;https:\/\/newss.ro\/wp-content\/uploads\/2022\/09\/trotinete-electrice.png&#8221;] Buzoienii par s\u0103 se conformeze regulilor privind utilizarea trotinetelor electrice, \u00eens\u0103 problema este departe de a fi rezolvat\u0103. Trotinetele sunt surprinse, \u00een continuare, nu doar pe str\u0103zi, ci \u0219i \u00een locuri \u00een care acestea au fost interzise printr-o decizie a Consiliului Local Municipal. Numai \u00een aceast\u0103 s\u0103pt\u0103m\u00e2n\u0103, \u00eentr-o singur\u0103 zi, 4 tineri [&hellip;]<\/p>\n","protected":false},"author":1,"featured_media":0,"comment_status":"open","ping_status":"","sticky":false,"template":"","format":"standard","meta":{"footnotes":""},"categories":[2],"tags":[226,73],"class_list":["post-1875252","post","type-post","status-publish","format-standard","hentry","category-politics","tag-crawlmanager","tag-newss-ro"],"_links":{"self":[{"href":"https:\/\/analyse.optim.biz\/index.php?rest_route=\/wp\/v2\/posts\/1875252","targetHints":{"allow":["GET"]}}],"collection":[{"href":"https:\/\/analyse.optim.biz\/index.php?rest_route=\/wp\/v2\/posts"}],"about":[{"href":"https:\/\/analyse.optim.biz\/index.php?rest_route=\/wp\/v2\/types\/post"}],"author":[{"embeddable":true,"href":"https:\/\/analyse.optim.biz\/index.php?rest_route=\/wp\/v2\/users\/1"}],"replies":[{"embeddable":true,"href":"https:\/\/analyse.optim.biz\/index.php?rest_route=%2Fwp%2Fv2%2Fcomments&post=1875252"}],"version-history":[{"count":0,"href":"https:\/\/analyse.optim.biz\/index.php?rest_route=\/wp\/v2\/posts\/1875252\/revisions"}],"wp:attachment":[{"href":"https:\/\/analyse.optim.biz\/index.php?rest_route=%2Fwp%2Fv2%2Fmedia&parent=1875252"}],"wp:term":[{"taxonomy":"category","embeddable":true,"href":"https:\/\/analyse.optim.biz\/index.php?rest_route=%2Fwp%2Fv2%2Fcategories&post=1875252"},{"taxonomy":"post_tag","embeddable":true,"href":"https:\/\/analyse.optim.biz\/index.php?rest_route=%2Fwp%2Fv2%2Ftags&post=1875252"}],"curies":[{"name":"wp","href":"https:\/\/api.w.org\/{rel}","templated":true}]}}