{"id":1875247,"date":"2026-04-08T09:11:04","date_gmt":"2026-04-08T06:11:04","guid":{"rendered":"https:\/\/analyse.optim.biz\/?p=1875247"},"modified":"2026-04-08T09:11:04","modified_gmt":"2026-04-08T06:11:04","slug":"mai-rezervati-pentru-plecarile-in-vacanta","status":"publish","type":"post","link":"https:\/\/analyse.optim.biz\/?p=1875247","title":{"rendered":"MAI REZERVA\u021aI PENTRU PLEC\u0102RILE \u00ceN VACAN\u021a\u0102"},"content":{"rendered":"<p>[analyse_image type=&#8221;featured&#8221; src=&#8221;https:\/\/newss.ro\/wp-content\/uploads\/2023\/06\/bagaj-vacanta.jpeg&#8221;]<\/p>\n<div class=\"td-post-content\">\n<div class=\"td-post-featured-image\"><a href=\"https:\/\/newss.ro\/wp-content\/uploads\/2023\/06\/bagaj-vacanta.jpeg\" data-caption><img loading=\"lazy\" decoding=\"async\" width=\"640\" height=\"434\" class=\"entry-thumb td-modal-image\" src=\"https:\/\/newss.ro\/wp-content\/uploads\/2023\/06\/bagaj-vacanta.jpeg\" alt title=\"bagaj vacanta\"><\/a><\/div>\n<p>Anul 2026 a \u00eenceput r\u0103u pentru turismul local. Rom\u00e2nii prefer\u0103 s\u0103-\u0219i petreac\u0103 vacan\u021bele \u00een afara \u021b\u0103rii \u00eens\u0103 agen\u021biile sper\u0103 ca r\u0103zboiul din Orientul Mijlociu s\u0103-i determine s\u0103 aleag\u0103, pentru aceast\u0103 var\u0103, destina\u021bii din Rom\u00e2nia. O veste bun\u0103 este c\u0103 \u021bar\u0103 noastr\u0103 este tot mai atractiv\u0103 pentru turi\u0219tii str\u0103ini.<\/p>\n<p>Faptul c\u0103 \u0163ara noastr\u0103 pierde teren \u00een fa\u0163a destina\u0163iilor externe se vede \u015fi \u00een statisticile oficiale.<\/p>\n<p>Peste 1 milion \u015fi jum\u0103tate de turi\u015fti au vizitat Rom\u00e2nia \u00een primele dou\u0103 lunii ale anului, \u00een sc\u0103dere cu 5,5%.<\/p>\n<p>Patronatele din domeniu pun sc\u0103derea turismului \u0219i pe seama elimin\u0103rii vocherelor de vacan\u0163\u0103 \u015fi se a\u015fteapt\u0103 ca num\u0103rul rezerv\u0103rilor, cel pu\u0163in pe sezonul estival, s\u0103 creasc\u0103 pe fondul r\u0103zboiului din Iran.<\/p>\n<p>Reprezentan\u021bii operatorilor din turism spun c\u0103 s-a schimbat complet obiceiul de consum al rom\u00e2nilor, inclusiv modul de a cump\u0103ra vacan\u0163e. Rezerv\u0103rile pentru var\u0103, pentru litoral, nu s-au mai facut din martie, c\u00e2nd era v\u00e2rful \u00eenscrierilor timpurii, cu reduceri foarte mari. Oamenii a\u015fteapt\u0103 acum\u00a0 lunile mai, iunie, chiar iulie s\u0103 \u00ee\u015fi aleag\u0103 destina\u021bia de vacan\u021b\u0103.<\/p>\n<p>\u00cen prezent, cele mai multe rezerv\u0103ri vizeaz\u0103 S\u0103rb\u0103torile de Pa\u015fte \u0219i minivacan\u0163a de 1 Mai, pentru care peste 95 %\u00a0 sunt f\u0103cute de familii.<\/p>\n<p>Pentru Pa\u015fte, preferin\u0163ele s-au \u00eendreptat c\u0103tre destina\u0163iile care ofer\u0103 lini\u015fte, tradi\u0163ii \u015fi gastronomie autentic\u0103.<\/p>\n<p>\u00cen topul destina\u0163iilor montane au r\u0103mas Valea Prahovei, Bucovina \u015fi Maramure\u015f.<\/p>\n<p>Tarifele pentru sejururile de Pa\u015fte la munte pornesc de la 625 lei camera pentru 3 nop\u0163i cu mic dejun,\u00a0 \u015fi pot ajunge la 4.672 lei camera pentru 3 nop\u0163i la hoteluri de 4 stele cu demipensiune, acces SPA \u015fi primire cu ou\u0103 ro\u015fii, cozonac \u015fi vin \u00een noaptea de \u00cenviere, barbeque \u015fi miel la pro\u0163ap.<\/p>\n<\/div>\n<div class=\"td-post-content\">\n<div class=\"td-post-featured-image\"><a href=\"https:\/\/newss.ro\/wp-content\/uploads\/2023\/06\/bagaj-vacanta.jpeg\" data-caption><img loading=\"lazy\" decoding=\"async\" width=\"640\" height=\"434\" class=\"entry-thumb td-modal-image\" src=\"https:\/\/newss.ro\/wp-content\/uploads\/2023\/06\/bagaj-vacanta.jpeg\" alt title=\"bagaj vacanta\"><\/a><\/div>\n<p>Anul 2026 a \u00eenceput r\u0103u pentru turismul local. Rom\u00e2nii prefer\u0103 s\u0103-\u0219i petreac\u0103 vacan\u021bele \u00een afara \u021b\u0103rii \u00eens\u0103 agen\u021biile sper\u0103 ca r\u0103zboiul din Orientul Mijlociu s\u0103-i determine s\u0103 aleag\u0103, pentru aceast\u0103 var\u0103, destina\u021bii din Rom\u00e2nia. O veste bun\u0103 este c\u0103 \u021bar\u0103 noastr\u0103 este tot mai atractiv\u0103 pentru turi\u0219tii str\u0103ini.<\/p>\n<p>Faptul c\u0103 \u0163ara noastr\u0103 pierde teren \u00een fa\u0163a destina\u0163iilor externe se vede \u015fi \u00een statisticile oficiale.<\/p>\n<p>Peste 1 milion \u015fi jum\u0103tate de turi\u015fti au vizitat Rom\u00e2nia \u00een primele dou\u0103 lunii ale anului, \u00een sc\u0103dere cu 5,5%.<\/p>\n<p>Patronatele din domeniu pun sc\u0103derea turismului \u0219i pe seama elimin\u0103rii vocherelor de vacan\u0163\u0103 \u015fi se a\u015fteapt\u0103 ca num\u0103rul rezerv\u0103rilor, cel pu\u0163in pe sezonul estival, s\u0103 creasc\u0103 pe fondul r\u0103zboiului din Iran.<\/p>\n<p>Reprezentan\u021bii operatorilor din turism spun c\u0103 s-a schimbat complet obiceiul de consum al rom\u00e2nilor, inclusiv modul de a cump\u0103ra vacan\u0163e. Rezerv\u0103rile pentru var\u0103, pentru litoral, nu s-au mai facut din martie, c\u00e2nd era v\u00e2rful \u00eenscrierilor timpurii, cu reduceri foarte mari. Oamenii a\u015fteapt\u0103 acum\u00a0 lunile mai, iunie, chiar iulie s\u0103 \u00ee\u015fi aleag\u0103 destina\u021bia de vacan\u021b\u0103.<\/p>\n<p>\u00cen prezent, cele mai multe rezerv\u0103ri vizeaz\u0103 S\u0103rb\u0103torile de Pa\u015fte \u0219i minivacan\u0163a de 1 Mai, pentru care peste 95 %\u00a0 sunt f\u0103cute de familii.<\/p>\n<p>Pentru Pa\u015fte, preferin\u0163ele s-au \u00eendreptat c\u0103tre destina\u0163iile care ofer\u0103 lini\u015fte, tradi\u0163ii \u015fi gastronomie autentic\u0103.<\/p>\n<p>\u00cen topul destina\u0163iilor montane au r\u0103mas Valea Prahovei, Bucovina \u015fi Maramure\u015f.<\/p>\n<p>Tarifele pentru sejururile de Pa\u015fte la munte pornesc de la 625 lei camera pentru 3 nop\u0163i cu mic dejun,\u00a0 \u015fi pot ajunge la 4.672 lei camera pentru 3 nop\u0163i la hoteluri de 4 stele cu demipensiune, acces SPA \u015fi primire cu ou\u0103 ro\u015fii, cozonac \u015fi vin \u00een noaptea de \u00cenviere, barbeque \u015fi miel la pro\u0163ap.<\/p>\n<\/div>\n<p>[analyse_source url=&#8221;https:\/\/newss.ro\/2026\/04\/08\/mai-rezervati-pentru-plecarile-in-vacanta\/&#8221;]<\/p>\n","protected":false},"excerpt":{"rendered":"<p>[analyse_image type=&#8221;featured&#8221; src=&#8221;https:\/\/newss.ro\/wp-content\/uploads\/2023\/06\/bagaj-vacanta.jpeg&#8221;] Anul 2026 a \u00eenceput r\u0103u pentru turismul local. Rom\u00e2nii prefer\u0103 s\u0103-\u0219i petreac\u0103 vacan\u021bele \u00een afara \u021b\u0103rii \u00eens\u0103 agen\u021biile sper\u0103 ca r\u0103zboiul din Orientul Mijlociu s\u0103-i determine s\u0103 aleag\u0103, pentru aceast\u0103 var\u0103, destina\u021bii din Rom\u00e2nia. O veste bun\u0103 este c\u0103 \u021bar\u0103 noastr\u0103 este tot mai atractiv\u0103 pentru turi\u0219tii str\u0103ini. Faptul c\u0103 \u0163ara noastr\u0103 [&hellip;]<\/p>\n","protected":false},"author":1,"featured_media":0,"comment_status":"open","ping_status":"","sticky":false,"template":"","format":"standard","meta":{"footnotes":""},"categories":[2],"tags":[226,73],"class_list":["post-1875247","post","type-post","status-publish","format-standard","hentry","category-politics","tag-crawlmanager","tag-newss-ro"],"_links":{"self":[{"href":"https:\/\/analyse.optim.biz\/index.php?rest_route=\/wp\/v2\/posts\/1875247","targetHints":{"allow":["GET"]}}],"collection":[{"href":"https:\/\/analyse.optim.biz\/index.php?rest_route=\/wp\/v2\/posts"}],"about":[{"href":"https:\/\/analyse.optim.biz\/index.php?rest_route=\/wp\/v2\/types\/post"}],"author":[{"embeddable":true,"href":"https:\/\/analyse.optim.biz\/index.php?rest_route=\/wp\/v2\/users\/1"}],"replies":[{"embeddable":true,"href":"https:\/\/analyse.optim.biz\/index.php?rest_route=%2Fwp%2Fv2%2Fcomments&post=1875247"}],"version-history":[{"count":0,"href":"https:\/\/analyse.optim.biz\/index.php?rest_route=\/wp\/v2\/posts\/1875247\/revisions"}],"wp:attachment":[{"href":"https:\/\/analyse.optim.biz\/index.php?rest_route=%2Fwp%2Fv2%2Fmedia&parent=1875247"}],"wp:term":[{"taxonomy":"category","embeddable":true,"href":"https:\/\/analyse.optim.biz\/index.php?rest_route=%2Fwp%2Fv2%2Fcategories&post=1875247"},{"taxonomy":"post_tag","embeddable":true,"href":"https:\/\/analyse.optim.biz\/index.php?rest_route=%2Fwp%2Fv2%2Ftags&post=1875247"}],"curies":[{"name":"wp","href":"https:\/\/api.w.org\/{rel}","templated":true}]}}