{"id":1875245,"date":"2026-04-07T13:32:16","date_gmt":"2026-04-07T10:32:16","guid":{"rendered":"https:\/\/analyse.optim.biz\/?p=1875245"},"modified":"2026-04-07T13:32:16","modified_gmt":"2026-04-07T10:32:16","slug":"parinti-departe-de-casa-si-de-copii-de-paste","status":"publish","type":"post","link":"https:\/\/analyse.optim.biz\/?p=1875245","title":{"rendered":"P\u0102RIN\u021aI DEPARTE DE CAS\u0102 \u0218I DE COPII, DE PA\u0218TE"},"content":{"rendered":"<p>[analyse_image type=&#8221;featured&#8221; src=&#8221;https:\/\/newss.ro\/wp-content\/uploads\/2026\/04\/copii-cu-parinti-plecati-la-munca-in-strainatate.webp&#8221;]<\/p>\n<div class=\"td-post-content\">\n<div class=\"td-post-featured-image\"><a href=\"https:\/\/newss.ro\/wp-content\/uploads\/2026\/04\/copii-cu-parinti-plecati-la-munca-in-strainatate.webp\" data-caption><img loading=\"lazy\" decoding=\"async\" width=\"696\" height=\"392\" class=\"entry-thumb td-modal-image\" src=\"https:\/\/newss.ro\/wp-content\/uploads\/2026\/04\/copii-cu-parinti-plecati-la-munca-in-strainatate-696x392.webp\" alt title=\"copii-cu-parinti-plecati-la-munca-in-strainatate\"><\/a><\/div>\n<p>Aproape jum\u0103tate dintre p\u0103rin\u0163ii care lucreaz\u0103 peste grani\u0163\u0103 nu vor petrece s\u0103rb\u0103torile pascale \u00een \u0163ar\u0103, al\u0103turi de copiii lor, \u00een vreme ce 38% spun c\u0103 vor veni acas\u0103 pentru Pa\u015fte, cei mai mul\u0163i din cauza banilor. Datele au reie\u0219it \u00een urma unei \u00a0anchete realizate de Salva\u0163i Copiii Rom\u00e2nia, \u00een r\u00e2ndul beneficiarilor programului dedicat copiilor cu p\u0103rin\u0163ii pleca\u0163i din \u0163ar\u0103.<\/p>\n<p>P\u0103rin\u0163ii din e\u015fantionul inclus \u00een studiul organiza\u0163iei sunt pleca\u0163i din \u0163ar\u0103 \u00een medie de \u015fase ani, at\u00e2t mamele c\u00e2t \u015fi ta\u0163ii; mai mult de jum\u0103tate dintre p\u0103rin\u0163ii cu copii \u00een \u0163ar\u0103 lipsesc o treime din copil\u0103ria acestora, \u00een special \u00een perioada v\u00e2rstei educa\u0163iei primare mici \u015fi a preadolescen\u0163ei. \u200b<\/p>\n<p>\u200bPotrivit datelor relevante din anchet\u0103: 13% dintre ta\u0163ii care lucreaz\u0103 \u00een str\u0103in\u0103tate \u015fi 24% dintre mame sunt unici \u00eentre\u0163in\u0103tori ai familiei.<br \/>\nDe asemenea, 22% dintre p\u0103rin\u0163i au plecat \u00eempreun\u0103 cu cel\u0103lalt p\u0103rinte al copilului, respectiv 11% dintre ta\u0163i \u015fi 37% dintre mame se afl\u0103 \u00een aceast\u0103 situa\u0163ie. \u200b72% dintre ta\u0163ii pleca\u0163i \u00ee\u015fi las\u0103 copii \u00een grija partenerei de via\u0163\u0103 (de cele mai multe ori mama copiilor). Prin compara\u0163ie, doar 37% dintre femei \u00ee\u015fi las\u0103 copiii \u00een grija partenerului de via\u0163\u0103, majoritatea (62%) l\u0103s\u00e2ndu-\u015fi copiii \u00een grija bunicilor.<\/p>\n<p>Principalele motive ale migra\u0163iei sunt salariile mici comparativ cu nevoile \u015fi proiectele de via\u0163\u0103 ale familiei. Singura diferen\u0163\u0103 semnificativ\u0103 \u00eentre femei \u015fi b\u0103rba\u0163i este ponderea dubl\u0103 \u00een r\u00e2ndul femeilor (10% vs. 5% \u00een r\u00e2ndul b\u0103rba\u0163ilor) a acelor care declar\u0103 c\u0103 nu \u015fi-au g\u0103sit loc de munc\u0103 \u00een Rom\u00e2nia, ceea ce eviden\u0163iaz\u0103 nevoia de locuri de munc\u0103 pentru femeile cu educa\u0163ie medie \u015fi elementar\u0103.<\/p>\n<\/div>\n<div class=\"td-post-content\">\n<div class=\"td-post-featured-image\"><a href=\"https:\/\/newss.ro\/wp-content\/uploads\/2026\/04\/copii-cu-parinti-plecati-la-munca-in-strainatate.webp\" data-caption><img loading=\"lazy\" decoding=\"async\" width=\"696\" height=\"392\" class=\"entry-thumb td-modal-image\" src=\"https:\/\/newss.ro\/wp-content\/uploads\/2026\/04\/copii-cu-parinti-plecati-la-munca-in-strainatate-696x392.webp\" alt title=\"copii-cu-parinti-plecati-la-munca-in-strainatate\"><\/a><\/div>\n<p>Aproape jum\u0103tate dintre p\u0103rin\u0163ii care lucreaz\u0103 peste grani\u0163\u0103 nu vor petrece s\u0103rb\u0103torile pascale \u00een \u0163ar\u0103, al\u0103turi de copiii lor, \u00een vreme ce 38% spun c\u0103 vor veni acas\u0103 pentru Pa\u015fte, cei mai mul\u0163i din cauza banilor. Datele au reie\u0219it \u00een urma unei \u00a0anchete realizate de Salva\u0163i Copiii Rom\u00e2nia, \u00een r\u00e2ndul beneficiarilor programului dedicat copiilor cu p\u0103rin\u0163ii pleca\u0163i din \u0163ar\u0103.<\/p>\n<p>P\u0103rin\u0163ii din e\u015fantionul inclus \u00een studiul organiza\u0163iei sunt pleca\u0163i din \u0163ar\u0103 \u00een medie de \u015fase ani, at\u00e2t mamele c\u00e2t \u015fi ta\u0163ii; mai mult de jum\u0103tate dintre p\u0103rin\u0163ii cu copii \u00een \u0163ar\u0103 lipsesc o treime din copil\u0103ria acestora, \u00een special \u00een perioada v\u00e2rstei educa\u0163iei primare mici \u015fi a preadolescen\u0163ei. \u200b<\/p>\n<p>\u200bPotrivit datelor relevante din anchet\u0103: 13% dintre ta\u0163ii care lucreaz\u0103 \u00een str\u0103in\u0103tate \u015fi 24% dintre mame sunt unici \u00eentre\u0163in\u0103tori ai familiei.<br \/>\nDe asemenea, 22% dintre p\u0103rin\u0163i au plecat \u00eempreun\u0103 cu cel\u0103lalt p\u0103rinte al copilului, respectiv 11% dintre ta\u0163i \u015fi 37% dintre mame se afl\u0103 \u00een aceast\u0103 situa\u0163ie. \u200b72% dintre ta\u0163ii pleca\u0163i \u00ee\u015fi las\u0103 copii \u00een grija partenerei de via\u0163\u0103 (de cele mai multe ori mama copiilor). Prin compara\u0163ie, doar 37% dintre femei \u00ee\u015fi las\u0103 copiii \u00een grija partenerului de via\u0163\u0103, majoritatea (62%) l\u0103s\u00e2ndu-\u015fi copiii \u00een grija bunicilor.<\/p>\n<p>Principalele motive ale migra\u0163iei sunt salariile mici comparativ cu nevoile \u015fi proiectele de via\u0163\u0103 ale familiei. Singura diferen\u0163\u0103 semnificativ\u0103 \u00eentre femei \u015fi b\u0103rba\u0163i este ponderea dubl\u0103 \u00een r\u00e2ndul femeilor (10% vs. 5% \u00een r\u00e2ndul b\u0103rba\u0163ilor) a acelor care declar\u0103 c\u0103 nu \u015fi-au g\u0103sit loc de munc\u0103 \u00een Rom\u00e2nia, ceea ce eviden\u0163iaz\u0103 nevoia de locuri de munc\u0103 pentru femeile cu educa\u0163ie medie \u015fi elementar\u0103.<\/p>\n<\/div>\n<p>[analyse_source url=&#8221;https:\/\/newss.ro\/2026\/04\/07\/parinti-departe-de-casa-si-de-copii-de-paste\/&#8221;]<\/p>\n","protected":false},"excerpt":{"rendered":"<p>[analyse_image type=&#8221;featured&#8221; src=&#8221;https:\/\/newss.ro\/wp-content\/uploads\/2026\/04\/copii-cu-parinti-plecati-la-munca-in-strainatate.webp&#8221;] Aproape jum\u0103tate dintre p\u0103rin\u0163ii care lucreaz\u0103 peste grani\u0163\u0103 nu vor petrece s\u0103rb\u0103torile pascale \u00een \u0163ar\u0103, al\u0103turi de copiii lor, \u00een vreme ce 38% spun c\u0103 vor veni acas\u0103 pentru Pa\u015fte, cei mai mul\u0163i din cauza banilor. Datele au reie\u0219it \u00een urma unei \u00a0anchete realizate de Salva\u0163i Copiii Rom\u00e2nia, \u00een r\u00e2ndul beneficiarilor programului [&hellip;]<\/p>\n","protected":false},"author":1,"featured_media":0,"comment_status":"open","ping_status":"","sticky":false,"template":"","format":"standard","meta":{"footnotes":""},"categories":[2],"tags":[226,73],"class_list":["post-1875245","post","type-post","status-publish","format-standard","hentry","category-politics","tag-crawlmanager","tag-newss-ro"],"_links":{"self":[{"href":"https:\/\/analyse.optim.biz\/index.php?rest_route=\/wp\/v2\/posts\/1875245","targetHints":{"allow":["GET"]}}],"collection":[{"href":"https:\/\/analyse.optim.biz\/index.php?rest_route=\/wp\/v2\/posts"}],"about":[{"href":"https:\/\/analyse.optim.biz\/index.php?rest_route=\/wp\/v2\/types\/post"}],"author":[{"embeddable":true,"href":"https:\/\/analyse.optim.biz\/index.php?rest_route=\/wp\/v2\/users\/1"}],"replies":[{"embeddable":true,"href":"https:\/\/analyse.optim.biz\/index.php?rest_route=%2Fwp%2Fv2%2Fcomments&post=1875245"}],"version-history":[{"count":0,"href":"https:\/\/analyse.optim.biz\/index.php?rest_route=\/wp\/v2\/posts\/1875245\/revisions"}],"wp:attachment":[{"href":"https:\/\/analyse.optim.biz\/index.php?rest_route=%2Fwp%2Fv2%2Fmedia&parent=1875245"}],"wp:term":[{"taxonomy":"category","embeddable":true,"href":"https:\/\/analyse.optim.biz\/index.php?rest_route=%2Fwp%2Fv2%2Fcategories&post=1875245"},{"taxonomy":"post_tag","embeddable":true,"href":"https:\/\/analyse.optim.biz\/index.php?rest_route=%2Fwp%2Fv2%2Ftags&post=1875245"}],"curies":[{"name":"wp","href":"https:\/\/api.w.org\/{rel}","templated":true}]}}