{"id":1875145,"date":"2026-04-09T17:30:27","date_gmt":"2026-04-09T14:30:27","guid":{"rendered":"https:\/\/analyse.optim.biz\/?p=1875145"},"modified":"2026-04-09T17:30:27","modified_gmt":"2026-04-09T14:30:27","slug":"ips-calinic-lamureste-cand-se-vopsesc-ouale-de-pasti-traditia-ortodoxa-indica-joia-mare-dar-alternativ-pot-fi-inrosite-si-in-sambata-mare","status":"publish","type":"post","link":"https:\/\/analyse.optim.biz\/?p=1875145","title":{"rendered":"IPS Calinic l\u0103mure\u0219te c\u00e2nd se vopsesc ou\u0103le de Pa\u0219ti: Tradi\u021bia ortodox\u0103 indic\u0103 Joia Mare, dar alternativ pot fi \u00eenro\u0219ite \u0219i \u00een S\u00e2mb\u0103ta Mare"},"content":{"rendered":"<p>[analyse_image type=&#8221;featured&#8221; src=&#8221;https:\/\/www.newsbucovina.ro\/wp-content\/uploads\/2025\/02\/calinic.jpghttps:\/\/cdn.newsbucovina.ro\/wp-content\/uploads\/2025\/02\/calinic.jpg&#8221;]<\/p>\n<div class=\"td-post-content tagdiv-type\">\n<div class=\"td-a-rec td-a-rec-id-content_top  tdi_3 td_block_template_1\"><strong>Intr\u0103 acum \u0219i \u00een grupul de <\/p>\n<div class=\"wp-block-button\"><a class=\"wp-block-button__link wp-element-button\" href=\"https:\/\/t.me\/+TH8wcfnp8fw5NWI0\">Telegram News Bucovina<\/a><\/div>\n<p><\/strong><\/div>\n<p>Arhiepiscopul Sucevei \u0219i R\u0103d\u0103u\u021bilor, \u00cenaltpreasfin\u021bitul P\u0103rinte Calinic, a oferit un r\u0103spuns clar unei enoria\u0219e care a cerut l\u0103muriri privind ziua \u00een care se vopsesc ou\u0103le de Pa\u0219ti, subiect care genereaz\u0103 frecvent \u00eentreb\u0103ri \u0219i variante diferite \u00een r\u00e2ndul credincio\u0219ilor.<\/p>\n<div class=\"wp-block-image\">\n<figure class=\"aligncenter size-full\"><a href=\"https:\/\/cdn.newsbucovina.ro\/wp-content\/uploads\/2013\/06\/oua-rosii.jpg\"><img loading=\"lazy\" decoding=\"async\" width=\"639\" height=\"390\" src=\"https:\/\/cdn.newsbucovina.ro\/wp-content\/uploads\/2013\/06\/oua-rosii.jpg.webp\" alt class=\"wp-image-79810\"><\/a><\/figure>\n<\/div>\n<p>Enoria\u0219a G.I. a adresat \u00cenaltpreasfin\u021biei Sale o \u00eentrebare documentat\u0103, prezent\u00e2nd trei interpret\u0103ri diferite bazate pe texte evanghelice \u0219i pe tradi\u021biile transmise de bunici:<\/p>\n<ul class=\"wp-block-list\">\n<li>varianta c\u0103 ou\u0103le se vopsesc \u00een <strong>Joia Mare<\/strong>, legat\u0103 de r\u00e2nduiala evenimentelor din S\u0103pt\u0103m\u00e2na Patimilor;<\/li>\n<li>varianta c\u0103 ar trebui vopsite <strong>miercuri<\/strong>, pornind de la versetul din Matei 12,40 despre \u201etrei zile \u0219i trei nop\u021bi\u201d;<\/li>\n<li>varianta c\u0103 ar trebui vopsite <strong>vinerea<\/strong>, conform textului din Evanghelia dup\u0103 Ioan 19,14.<\/li>\n<\/ul>\n<p><strong>R\u0103spunsul \u00cenaltpreasfin\u021bitului P\u0103rinte Calinic a fost categoric:<\/strong><\/p>\n<p>\u201eOu\u0103le se vopsesc \u00een <strong>Joia Mare<\/strong>. Alternativ, pot fi \u00eenro\u0219ite \u0219i \u00een <strong>S\u00e2mb\u0103ta Mare<\/strong>, ca s\u0103 fie proaspete.\u201d<\/p>\n<p>\u00cenaltpreasfin\u021bia Sa a explicat c\u0103, potrivit Tradi\u021biei, ou\u0103le s-au \u00eenro\u0219it de la s\u00e2ngele ce picura din r\u0103nile lui Hristos r\u0103stignit, c\u00e2nd pietrele aruncate asupra Lui s-au transformat \u00een ou\u0103. \u201eTradi\u021bia p\u0103streaz\u0103 foarte multe istorioare privind \u00eenro\u0219irea ou\u0103lor de Pa\u0219ti\u201d, a subliniat Arhiepiscopul.<\/p>\n<p>Pentru o \u00een\u021belegere mai profund\u0103 a succesiunii evenimentelor din S\u0103pt\u0103m\u00e2na Mare, \u00cenaltpreasfin\u021bitul P\u0103rinte Calinic a recomandat enoria\u0219ei lectura c\u0103r\u021bii <strong>\u201eProcesul M\u00e2ntuitorului\u201d<\/strong>, scris\u0103 de p\u0103rintele prof. Grigori\u021b\u0103 Marcu \u0219i dr. I. Fruma.<\/p>\n<figure class=\"wp-block-embed is-type-video is-provider-youtube wp-block-embed-youtube wp-embed-aspect-16-9 wp-has-aspect-ratio\">\n<div class=\"wp-block-embed__wrapper\">\n<div class=\"youtube-embed\" data-video_id=\"mA7BmQPq0JE\"><iframe loading=\"lazy\" title=\"S\u0103 \u00eenceap\u0103 Jumulirea: Bazarul din Suceava e preg\u0103tit, lacrimile au fost \u0219terse!!\" width=\"696\" height=\"392\" src=\"https:\/\/www.youtube.com\/embed\/mA7BmQPq0JE?feature=oembed&amp;enablejsapi=1\" frameborder allow=\"accelerometer; autoplay; clipboard-write; encrypted-media; gyroscope; picture-in-picture; web-share\" referrerpolicy=\"strict-origin-when-cross-origin\" allowfullscreen><\/iframe><\/div>\n<\/div>\n<\/figure>\n<div class=\"td-a-rec td-a-rec-id-content_bottom  tdi_4 td_block_template_1\"><strong>Intr\u0103 acum \u0219i \u00een grupul de <\/p>\n<div class=\"wp-block-button\"><a class=\"wp-block-button__link wp-element-button\" href=\"https:\/\/t.me\/+TH8wcfnp8fw5NWI0\">Telegram News Bucovina<\/a><\/div>\n<p><\/strong><\/div>\n<\/div>\n<div class=\"td-post-content tagdiv-type\">\n<div class=\"td-a-rec td-a-rec-id-content_top  tdi_3 td_block_template_1\"><strong>Intr\u0103 acum \u0219i \u00een grupul de <\/p>\n<div class=\"wp-block-button\"><a class=\"wp-block-button__link wp-element-button\" href=\"https:\/\/t.me\/+TH8wcfnp8fw5NWI0\">Telegram News Bucovina<\/a><\/div>\n<p><\/strong><\/div>\n<p>Arhiepiscopul Sucevei \u0219i R\u0103d\u0103u\u021bilor, \u00cenaltpreasfin\u021bitul P\u0103rinte Calinic, a oferit un r\u0103spuns clar unei enoria\u0219e care a cerut l\u0103muriri privind ziua \u00een care se vopsesc ou\u0103le de Pa\u0219ti, subiect care genereaz\u0103 frecvent \u00eentreb\u0103ri \u0219i variante diferite \u00een r\u00e2ndul credincio\u0219ilor.<\/p>\n<div class=\"wp-block-image\">\n<figure class=\"aligncenter size-full\"><a href=\"https:\/\/cdn.newsbucovina.ro\/wp-content\/uploads\/2013\/06\/oua-rosii.jpg\"><img loading=\"lazy\" decoding=\"async\" width=\"639\" height=\"390\" src=\"https:\/\/cdn.newsbucovina.ro\/wp-content\/uploads\/2013\/06\/oua-rosii.jpg.webp\" alt class=\"wp-image-79810\"><\/a><\/figure>\n<\/div>\n<p>Enoria\u0219a G.I. a adresat \u00cenaltpreasfin\u021biei Sale o \u00eentrebare documentat\u0103, prezent\u00e2nd trei interpret\u0103ri diferite bazate pe texte evanghelice \u0219i pe tradi\u021biile transmise de bunici:<\/p>\n<ul class=\"wp-block-list\">\n<li>varianta c\u0103 ou\u0103le se vopsesc \u00een <strong>Joia Mare<\/strong>, legat\u0103 de r\u00e2nduiala evenimentelor din S\u0103pt\u0103m\u00e2na Patimilor;<\/li>\n<li>varianta c\u0103 ar trebui vopsite <strong>miercuri<\/strong>, pornind de la versetul din Matei 12,40 despre \u201etrei zile \u0219i trei nop\u021bi\u201d;<\/li>\n<li>varianta c\u0103 ar trebui vopsite <strong>vinerea<\/strong>, conform textului din Evanghelia dup\u0103 Ioan 19,14.<\/li>\n<\/ul>\n<p><strong>R\u0103spunsul \u00cenaltpreasfin\u021bitului P\u0103rinte Calinic a fost categoric:<\/strong><\/p>\n<p>\u201eOu\u0103le se vopsesc \u00een <strong>Joia Mare<\/strong>. Alternativ, pot fi \u00eenro\u0219ite \u0219i \u00een <strong>S\u00e2mb\u0103ta Mare<\/strong>, ca s\u0103 fie proaspete.\u201d<\/p>\n<p>\u00cenaltpreasfin\u021bia Sa a explicat c\u0103, potrivit Tradi\u021biei, ou\u0103le s-au \u00eenro\u0219it de la s\u00e2ngele ce picura din r\u0103nile lui Hristos r\u0103stignit, c\u00e2nd pietrele aruncate asupra Lui s-au transformat \u00een ou\u0103. \u201eTradi\u021bia p\u0103streaz\u0103 foarte multe istorioare privind \u00eenro\u0219irea ou\u0103lor de Pa\u0219ti\u201d, a subliniat Arhiepiscopul.<\/p>\n<p>Pentru o \u00een\u021belegere mai profund\u0103 a succesiunii evenimentelor din S\u0103pt\u0103m\u00e2na Mare, \u00cenaltpreasfin\u021bitul P\u0103rinte Calinic a recomandat enoria\u0219ei lectura c\u0103r\u021bii <strong>\u201eProcesul M\u00e2ntuitorului\u201d<\/strong>, scris\u0103 de p\u0103rintele prof. Grigori\u021b\u0103 Marcu \u0219i dr. I. Fruma.<\/p>\n<figure class=\"wp-block-embed is-type-video is-provider-youtube wp-block-embed-youtube wp-embed-aspect-16-9 wp-has-aspect-ratio\">\n<div class=\"wp-block-embed__wrapper\">\n<div class=\"youtube-embed\" data-video_id=\"mA7BmQPq0JE\"><iframe loading=\"lazy\" title=\"S\u0103 \u00eenceap\u0103 Jumulirea: Bazarul din Suceava e preg\u0103tit, lacrimile au fost \u0219terse!!\" width=\"696\" height=\"392\" src=\"https:\/\/www.youtube.com\/embed\/mA7BmQPq0JE?feature=oembed&amp;enablejsapi=1\" frameborder allow=\"accelerometer; autoplay; clipboard-write; encrypted-media; gyroscope; picture-in-picture; web-share\" referrerpolicy=\"strict-origin-when-cross-origin\" allowfullscreen><\/iframe><\/div>\n<\/div>\n<\/figure>\n<div class=\"td-a-rec td-a-rec-id-content_bottom  tdi_4 td_block_template_1\"><strong>Intr\u0103 acum \u0219i \u00een grupul de <\/p>\n<div class=\"wp-block-button\"><a class=\"wp-block-button__link wp-element-button\" href=\"https:\/\/t.me\/+TH8wcfnp8fw5NWI0\">Telegram News Bucovina<\/a><\/div>\n<p><\/strong><\/div>\n<\/div>\n<p>[analyse_source url=&#8221;https:\/\/www.newsbucovina.ro\/actualitate\/435994\/ips-calinic-lamureste-cand-se-vopsesc-ouale-de-pasti-traditia-ortodoxa-indica-joia-mare-dar-alternativ-pot-fi-inrosite-si-in-sambata-mare&#8221;]<\/p>\n","protected":false},"excerpt":{"rendered":"<p>[analyse_image type=&#8221;featured&#8221; src=&#8221;https:\/\/www.newsbucovina.ro\/wp-content\/uploads\/2025\/02\/calinic.jpghttps:\/\/cdn.newsbucovina.ro\/wp-content\/uploads\/2025\/02\/calinic.jpg&#8221;] Intr\u0103 acum \u0219i \u00een grupul de Telegram News Bucovina Arhiepiscopul Sucevei \u0219i R\u0103d\u0103u\u021bilor, \u00cenaltpreasfin\u021bitul P\u0103rinte Calinic, a oferit un r\u0103spuns clar unei enoria\u0219e care a cerut l\u0103muriri privind ziua \u00een care se vopsesc ou\u0103le de Pa\u0219ti, subiect care genereaz\u0103 frecvent \u00eentreb\u0103ri \u0219i variante diferite \u00een r\u00e2ndul credincio\u0219ilor. Enoria\u0219a G.I. a adresat \u00cenaltpreasfin\u021biei [&hellip;]<\/p>\n","protected":false},"author":1,"featured_media":0,"comment_status":"open","ping_status":"","sticky":false,"template":"","format":"standard","meta":{"footnotes":""},"categories":[89],"tags":[226,165],"class_list":["post-1875145","post","type-post","status-publish","format-standard","hentry","category-romania","tag-crawlmanager","tag-newsbucovina-ro"],"_links":{"self":[{"href":"https:\/\/analyse.optim.biz\/index.php?rest_route=\/wp\/v2\/posts\/1875145","targetHints":{"allow":["GET"]}}],"collection":[{"href":"https:\/\/analyse.optim.biz\/index.php?rest_route=\/wp\/v2\/posts"}],"about":[{"href":"https:\/\/analyse.optim.biz\/index.php?rest_route=\/wp\/v2\/types\/post"}],"author":[{"embeddable":true,"href":"https:\/\/analyse.optim.biz\/index.php?rest_route=\/wp\/v2\/users\/1"}],"replies":[{"embeddable":true,"href":"https:\/\/analyse.optim.biz\/index.php?rest_route=%2Fwp%2Fv2%2Fcomments&post=1875145"}],"version-history":[{"count":0,"href":"https:\/\/analyse.optim.biz\/index.php?rest_route=\/wp\/v2\/posts\/1875145\/revisions"}],"wp:attachment":[{"href":"https:\/\/analyse.optim.biz\/index.php?rest_route=%2Fwp%2Fv2%2Fmedia&parent=1875145"}],"wp:term":[{"taxonomy":"category","embeddable":true,"href":"https:\/\/analyse.optim.biz\/index.php?rest_route=%2Fwp%2Fv2%2Fcategories&post=1875145"},{"taxonomy":"post_tag","embeddable":true,"href":"https:\/\/analyse.optim.biz\/index.php?rest_route=%2Fwp%2Fv2%2Ftags&post=1875145"}],"curies":[{"name":"wp","href":"https:\/\/api.w.org\/{rel}","templated":true}]}}