{"id":1874572,"date":"2026-04-09T07:41:52","date_gmt":"2026-04-09T04:41:52","guid":{"rendered":"https:\/\/analyse.optim.biz\/?p=1874572"},"modified":"2026-04-09T07:41:52","modified_gmt":"2026-04-09T04:41:52","slug":"incluziunea-europeana-cu-doamne-ajuta-si-delictul-parcarii-in-sectorul-3","status":"publish","type":"post","link":"https:\/\/analyse.optim.biz\/?p=1874572","title":{"rendered":"Incluziunea european\u0103 cu \u201eDoamne-ajut\u0103\u201d \u0219i delictul parc\u0103rii \u00een Sectorul 3"},"content":{"rendered":"<p>[analyse_image type=&#8221;featured&#8221; src=&#8221;https:\/\/ziardesuceava.ro\/wp-content\/uploads\/2026\/04\/78300-1024&#215;683.jpg&#8221;]<\/p>\n<div class=\"post-content clearfix\">\n<div class=\"blog-post-thumb\"><img loading=\"lazy\" decoding=\"async\" width=\"1140\" height=\"694\" src=\"https:\/\/ziardesuceava.ro\/wp-content\/uploads\/2026\/04\/78300-1140x694.jpg\" class=\"attachment-inhype-blog-thumb size-inhype-blog-thumb wp-post-image\" alt><\/div>\n<div class=\"entry-content\">\n<div>\n<p>Politica nu \u00eencepe \u00een sufletul individului, ci \u00een<br \/>\nspa\u021biul dintre oameni \u2013 acolo unde apari\u021bia celuilalt ne oblig\u0103 la<br \/>\nresponsabilitate, la dialog, la recunoa\u0219tere mutual\u0103. Democra\u021bia nu se na\u0219te \u00een<br \/>\nconstitu\u021bii. Ea se na\u0219te \u00een pie\u021be, pe trotuare, \u00een parc\u0103ri, pe str\u0103zile pe care<br \/>\npa\u0219ii tuturor \u2013 reziden\u021bi sau vizitatori \u2013 au aceea\u0219i legitimitate. A organiza<br \/>\nun spa\u021biu public \u00eenseamn\u0103, prin urmare, a face o declara\u021bie politic\u0103. A spune<br \/>\ncine este binevenit \u0219i cine nu. A defini cine apar\u021bine \u0219i cine este exclus. A<br \/>\nalege \u00eentre deschidere \u0219i \u00eenchidere. \u00centre ospitalitate \u0219i fort\u0103rea\u021b\u0103. De<br \/>\nexemplu, modul \u00een care un sector al Bucure\u0219tiului \u2013 Sectorul 3, administrat de<br \/>\nRobert Negoi\u021b\u0103 \u2013 \u00ee\u0219i gestioneaz\u0103 parc\u0103rile, trotuarele \u0219i accesul public nu<br \/>\neste o chestiune tehnic\u0103. Este o chestiune ontologic\u0103: ce fel de comunitate<br \/>\npolitic\u0103 vrem s\u0103 fim?\u00a0<\/p>\n<p>Proiectul european \u2013 dincolo de pia\u021ba unic\u0103, de moneda<br \/>\ncomun\u0103 \u0219i de acquis-ul comunitar \u2013 este, \u00een esen\u021ba lui, un proiect<br \/>\ndespre spa\u021biul comun. De la Paris la Berlin, de la Roma la Madrid, capitalele<br \/>\neuropene au construit, de-a lungul deceniilor, o gramatic\u0103 a spa\u021biului public<br \/>\nfondat\u0103 pe c\u00e2teva principii: a) <span>accesibilitatea universal\u0103 <\/span>\u2013 spa\u021biul<br \/>\npublic apar\u021bine tuturor, nu doar celor care locuiesc acolo; b) <span>transparen\u021ba<br \/>\nnormativ\u0103 <\/span>\u2013 regulile sunt clare, publice, previzibile; c) <span>propor\u021bionalitatea<\/span>\u2013 sanc\u021biunile sunt corelate cu gravitatea faptei, iar dreptul la ap\u0103rare este<br \/>\ngarantat; d) <span>egalitatea de tratament <\/span>\u2013 niciun individ nu este<br \/>\nprivilegiat sau penalizat pe baza statutului s\u0103u de rezident sau de str\u0103in; e) <span>ospitalitatea<br \/>\nstructural\u0103 <\/span>\u2013 ora\u0219ul nu tolereaz\u0103 pur \u0219i simplu prezen\u021ba celuilalt, ci o<br \/>\nfaciliteaz\u0103. Aceste principii nu sunt simple reglement\u0103ri urbanistice. Ele sunt<br \/>\nexpresia unei viziuni antropologice. Omul este o fiin\u021b\u0103 a \u00eent\u00e2lnirii, iar<br \/>\nora\u0219ul este scena acestei \u00eent\u00e2lniri. Jacques Derrida ar spune c\u0103 ospitalitatea<br \/>\nnu este un act de generozitate al gazdei, ci condi\u021bia de posibilitate a eticii<br \/>\n\u00eens\u0103\u0219i. Sectorul unui ora\u0219 european \u2013 \u00een spe\u021b\u0103 Sectorul 3 \u2013 care nu prime\u0219te,<br \/>\nnu este doar neglijent \u2013 este, \u00een sens profund, ne-etic.\u00a0<\/p>\n<p>Prin sistemul de parcare al Sectorului 3, spa\u021biul<br \/>\npublic sufer\u0103 o muta\u021bie de sens. Parcarea vizitatorilor \u2013 acel gest elementar<br \/>\nprin care un ora\u0219 spune \u201ee\u0219ti binevenit\u201d \u2013 nu mai este un drept facilitat,<br \/>\nci un obstacol de parcurs. Absen\u021ba unor zone dedicate vizitatorilor, combinat\u0103<br \/>\ncu multiplicarea amenaj\u0103rilor destinate exclusiv reziden\u021bilor, produce ceea ce<br \/>\nfilosofia politic\u0103 nume\u0219te excludere structural\u0103: nu e\u0219ti interzis explicit,<br \/>\ndar e\u0219ti f\u0103cut s\u0103 sim\u021bi c\u0103 nu-\u021bi apar\u021bine acest loc. Este vorba despre ceea ce<br \/>\nMichel Foucault ar fi recunoscut ca o form\u0103 subtil\u0103 de \u201eguvernamentalitate:<br \/>\nputerea nu se exercit\u0103 prin interdic\u021bie direct\u0103, ci prin arhitectura<br \/>\nposibilului. Nu \u021bi se spune \u201enu ai voie\u201d, \u021bi se construie\u0219te un mediu \u00een<br \/>\ncare prezen\u021ba ta devine incomod\u0103, costisitoare, riscant\u0103. Dar poate cea mai<br \/>\ngrav\u0103 disonan\u021b\u0103 dintre valorile europene \u0219i realitatea Sectorului 3 nu \u021bine de<br \/>\nparc\u0103ri, ci de modul \u00een care se aplic\u0103 sanc\u021biunile. Semnal\u0103ri \u00eentre persoane,<br \/>\ninterven\u021bii rapide, ridic\u0103ri de vehicule \u2013 toate acestea contribuie la crearea<br \/>\nunui climat pe care Pierre Bourdieu l-ar numi de \u201eviolen\u021b\u0103 simbolic\u0103\u201d. O<br \/>\nviolen\u021b\u0103 care nu love\u0219te corpul, ci sensul de siguran\u021b\u0103, de apartenen\u021b\u0103 \u0219i de<br \/>\ndemnitate al individului. Unde sunt garan\u021biile elementare? Dreptul de a fi<br \/>\naudiat \u00eenainte de sanc\u021biune? Recursul efectiv? Accesul la informa\u021bie?<br \/>\nPrincipiile statului de drept nu sunt op\u021biuni administrative \u2013 sunt fundamentul<br \/>\ncontractului social. Sl\u0103birea lor, chiar \u0219i la nivel local, chiar \u0219i<br \/>\n\u201edoar\u201d \u00een leg\u0103tur\u0103 cu parc\u0103rile, constituie \u00een Sectorul 3 al Capitalei o<br \/>\nerodare a democra\u021biei la r\u0103d\u0103cin\u0103. C\u0103ci democra\u021bia nu moare niciodat\u0103 prin proclama\u021bii<br \/>\nsolemne. Ea moare prin detalii. Prin bariera care se ridic\u0103 f\u0103r\u0103 avertisment,<br \/>\nprin amenda care vine f\u0103r\u0103 explica\u021bie, prin regula local\u0103 pe care vizitatorul<br \/>\nnu o cunoa\u0219te, dar to\u021bi sunt pedepsi\u021bi c\u0103 nu o respect\u0103.\u00a0<\/p>\n<p>Imaginea pe care o d\u0103 Sectorul 3 despre calitatea<br \/>\ndemocra\u021biei rom\u00e2ne\u0219ti este \u00eenfrico\u0219\u0103toare. Dac\u0103 spa\u021biul public este privatizat<br \/>\nde facto \u2013 transformat \u00een proprietate implicit\u0103 a reziden\u021bilor \u2013 , dac\u0103<br \/>\nregulile sunt opace \u0219i aplicate arbitrar, dac\u0103 vizitatorii sunt trata\u021bi ca intru\u0219i<br \/>\n\u00eentr-un loc care ar trebui s\u0103 fie al tuturor, atunci nu mai vorbim despre o<br \/>\nproblem\u0103 urbanistic\u0103. Vorbim despre o criz\u0103 a spa\u021biului democratic. Habermas ar<br \/>\nrecunoa\u0219te \u00een Sectorul 3 un simptom al ceea ce el numea \u201ecolonizarea lumii<br \/>\ntr\u0103ite de c\u0103tre sistem\u201d. Momentul \u00een care logica birocratic\u0103 \u0219i cea a puterii<br \/>\nlocale \u00eenlocuiesc logica comunic\u0103rii libere \u0219i a drepturilor egale. Trotuarul<br \/>\nnu mai este un loc de trecere \u2013 devine un teritoriu contestat. Parcarea nu mai<br \/>\neste un serviciu public \u2013 devine un instrument de control.<\/p>\n<p>Sectorul 3 \u00eentunec\u0103 imaginea Bucure\u0219tiului pentru cel<br \/>\ncare viziteaz\u0103 Rom\u00e2nia. O capital\u0103 european\u0103 \u2013 \u0219i Bucure\u0219tiul pretinde acest<br \/>\nstatut \u2013 nu poate trata ospitalitatea ca pe o favoare pe care o acord\u0103 sau o<br \/>\nretrage dup\u0103 bunul plac. Ospitalitatea urban\u0103 este o obliga\u021bie structural\u0103. Ea<br \/>\ntrebuie \u00eenscris\u0103 \u00een planuri urbanistice, \u00een regimul juridic al parc\u0103rilor, \u00een<br \/>\nsemnalizarea str\u0103zilor, \u00een atitudinea institu\u021biilor. \u201eOspitalitatea<br \/>\nurban\u0103\u201d, inexistent\u0103 \u00een Sectorul 3 \u2013 este o cerin\u021b\u0103 politic\u0103. F\u0103r\u0103<br \/>\nospitalitate, ora\u0219ul \u00eenceteaz\u0103 s\u0103 mai fie \u201epolis\u201d \u2013 comunitate politic\u0103 \u2013 \u0219i<br \/>\ndevine \u201ecastrum\u201d \u2013 fort\u0103rea\u021b\u0103, garnizoan\u0103, spa\u021biu al controlului. Exist\u0103 o<br \/>\nfraz\u0103 atribuit\u0103 lui Winston Churchill: \u201eNoi model\u0103m cl\u0103dirile, \u0219i apoi<br \/>\ncl\u0103dirile ne modeleaz\u0103 pe noi.\u201d Ea poate fi extins\u0103: noi model\u0103m ora\u0219ele,<br \/>\n\u0219i apoi ora\u0219ele ne modeleaz\u0103 democra\u021bia. Un Sector 3 care \u00eenchide, care<br \/>\nsanc\u021bioneaz\u0103 f\u0103r\u0103 transparen\u021b\u0103, care discrimineaz\u0103 implicit nu este doar un<br \/>\ne\u0219ec urbanistic. Este un simptom al unei democra\u021bii care nu \u0219i-a asumat pe<br \/>\ndeplin propriile principii. Este dovada c\u0103, de\u0219i Rom\u00e2nia este stat membru al<br \/>\nUniunii Europene, valorile europene nu au p\u0103truns \u00eenc\u0103 \u00een capilarele vie\u021bii<br \/>\ncotidiene \u2013 acolo unde cet\u0103\u021beanul nu citeaz\u0103 tratate, ci caut\u0103 un loc de parcare.<br \/>\n\u00a0<\/p>\n<p>Vorba primarului Robert Negoi\u021b\u0103: \u201eDoamne-ajut\u0103!\u201d\u00a0 \u00a0 \u00a0\u00a0<\/p>\n<\/div>\n<\/div>\n<div class=\"inhype-social-share-fixed sidebar-position-right\">\n<div class=\"post-social-wrapper\">\n<div class=\"post-social-title\"><span class=\"post-social-title-text\">Share<\/span><\/div>\n<\/div>\n<\/div>\n<\/div>\n<p>[analyse_source url=&#8221;https:\/\/ziardesuceava.ro\/incluziunea-europeana-cu-doamne-ajuta-si-delictul-parcarii-in-sectorul-3\/&#8221;]<\/p>\n","protected":false},"excerpt":{"rendered":"<p>[analyse_image type=&#8221;featured&#8221; src=&#8221;https:\/\/ziardesuceava.ro\/wp-content\/uploads\/2026\/04\/78300-1024&#215;683.jpg&#8221;] Politica nu \u00eencepe \u00een sufletul individului, ci \u00een spa\u021biul dintre oameni \u2013 acolo unde apari\u021bia celuilalt ne oblig\u0103 la responsabilitate, la dialog, la recunoa\u0219tere mutual\u0103. Democra\u021bia nu se na\u0219te \u00een constitu\u021bii. Ea se na\u0219te \u00een pie\u021be, pe trotuare, \u00een parc\u0103ri, pe str\u0103zile pe care pa\u0219ii tuturor \u2013 reziden\u021bi sau vizitatori \u2013 au [&hellip;]<\/p>\n","protected":false},"author":1,"featured_media":0,"comment_status":"open","ping_status":"","sticky":false,"template":"","format":"standard","meta":{"footnotes":""},"categories":[89],"tags":[226,171],"class_list":["post-1874572","post","type-post","status-publish","format-standard","hentry","category-romania","tag-crawlmanager","tag-ziardesuceava-ro"],"_links":{"self":[{"href":"https:\/\/analyse.optim.biz\/index.php?rest_route=\/wp\/v2\/posts\/1874572","targetHints":{"allow":["GET"]}}],"collection":[{"href":"https:\/\/analyse.optim.biz\/index.php?rest_route=\/wp\/v2\/posts"}],"about":[{"href":"https:\/\/analyse.optim.biz\/index.php?rest_route=\/wp\/v2\/types\/post"}],"author":[{"embeddable":true,"href":"https:\/\/analyse.optim.biz\/index.php?rest_route=\/wp\/v2\/users\/1"}],"replies":[{"embeddable":true,"href":"https:\/\/analyse.optim.biz\/index.php?rest_route=%2Fwp%2Fv2%2Fcomments&post=1874572"}],"version-history":[{"count":0,"href":"https:\/\/analyse.optim.biz\/index.php?rest_route=\/wp\/v2\/posts\/1874572\/revisions"}],"wp:attachment":[{"href":"https:\/\/analyse.optim.biz\/index.php?rest_route=%2Fwp%2Fv2%2Fmedia&parent=1874572"}],"wp:term":[{"taxonomy":"category","embeddable":true,"href":"https:\/\/analyse.optim.biz\/index.php?rest_route=%2Fwp%2Fv2%2Fcategories&post=1874572"},{"taxonomy":"post_tag","embeddable":true,"href":"https:\/\/analyse.optim.biz\/index.php?rest_route=%2Fwp%2Fv2%2Ftags&post=1874572"}],"curies":[{"name":"wp","href":"https:\/\/api.w.org\/{rel}","templated":true}]}}