{"id":1874567,"date":"2026-04-09T10:44:57","date_gmt":"2026-04-09T07:44:57","guid":{"rendered":"https:\/\/analyse.optim.biz\/?p=1874567"},"modified":"2026-04-09T10:44:57","modified_gmt":"2026-04-09T07:44:57","slug":"nicusor-dan-explica-motivele-refuzului-de-a-l-numi-pe-gill-julien-adjunct-la-diicot","status":"publish","type":"post","link":"https:\/\/analyse.optim.biz\/?p=1874567","title":{"rendered":"Nicu\u0219or Dan explic\u0103 motivele refuzului de a-l numi pe Gill-Julien adjunct la DIICOT"},"content":{"rendered":"<p>[analyse_image type=&#8221;featured&#8221; src=&#8221;https:\/\/ziardesuceava.ro\/wp-content\/uploads\/2026\/04\/78304-1024&#215;683.jpg&#8221;]<\/p>\n<div class=\"post-content clearfix\">\n<div class=\"blog-post-thumb\"><img loading=\"lazy\" decoding=\"async\" width=\"1140\" height=\"694\" src=\"https:\/\/ziardesuceava.ro\/wp-content\/uploads\/2026\/04\/78304-1140x694.jpg\" class=\"attachment-inhype-blog-thumb size-inhype-blog-thumb wp-post-image\" alt><\/div>\n<div class=\"entry-content\">\n<p>Pre\u0219edin\u021bia a transmis joi c\u0103 Nicu\u0219or Dan a refuzat numirea lui Gill-Julien Grigore-Iacobici \u00een func\u021bia de procuror-\u0219ef adjunct al Direc\u021biei de Investigare a Infrac\u021biunilor de Criminalitate Organizat\u0103 \u0219i Terorism, pentru o serie de motive.<\/p>\n<div>\n<p>\u201c\u00cen exercitarea atribu\u021biilor sale constitu\u021bionale \u0219i legale, Pre\u0219edintele Rom\u00e2niei poate numi prin decret sau poate refuza motivat numirea \u00een func\u021biile de conducere prev\u0103zute la art. 144 alin. (1) din Legea nr. 303\/2022 privind statutul judec\u0103torilor \u0219i procurorilor, cu modific\u0103rile \u0219i complet\u0103rile ulterioare. \u00cen cazul refuzului, Pre\u0219edintele Rom\u00e2niei aduce la cuno\u0219tin\u021ba publicului motivele pe care se \u00eentemeiaz\u0103. Acest atribut este de natur\u0103 a garanta c\u0103 persoanele numite \u00een func\u021biile de conducere prev\u0103zute la art. 144 alin. (1) din Legea nr. 303\/2022 \u00eendeplinesc exigen\u021bele de competen\u021b\u0103 profesional\u0103, integritate \u0219i credibilitate institu\u021bional\u0103 necesare pentru exercitarea func\u021biilor de conducere\u201d, a transmis Pre\u0219edin\u021bia.<\/p>\n<p>A\u0219adar, Nicu\u0219or Dan are o responsabilitate constitu\u021bional\u0103, o obliga\u021bie fa\u021b\u0103 de societate, de a verifica m\u0103sura \u00een care aceste exigen\u021be ar fi \u00eendeplinite de c\u0103tre procurorii propu\u0219i de Ministrul Justi\u021biei, e mai arat\u0103 \u00een comunicat.<\/p>\n<p>\u201cDirec\u021bia de Investigare a Infrac\u021biunilor de Criminalitate Organizat\u0103 \u0219i Terorism este structura specializat\u0103 a Ministerului Public, cu atribu\u021bii \u00een investigarea \u0219i urm\u0103rirea penal\u0103 a infrac\u021biunilor contra securit\u0103\u021bii na\u021bionale a Rom\u00e2niei, a infrac\u021biunilor de criminalitate organizat\u0103, terorism, sp\u0103lare a banilor, trafic de droguri \u0219i a altor categorii de infrac\u021biuni grave. Credibilitatea acestei institu\u021bii fa\u021b\u0103 de societate, precum \u0219i fa\u021b\u0103 de actorii institu\u021bionali \u0219i partenerii externi este esen\u021bial\u0103 pentru atingerea obiectivelor institu\u021biei, precum \u0219i pentru respectarea principiilor func\u021bion\u0103rii statului de drept. Func\u021bia de procuror-\u0219ef adjunct al Direc\u021biei de Investigare a Infrac\u021biunilor de Criminalitate Organizat\u0103 \u0219i Terorism implic\u0103, prin natura ei, un standard \u00eenalt de integritate, \u00een sensul c\u0103 persoana care o exercit\u0103 nu trebuie s\u0103 ridice niciun fel de \u00eendoieli cu privire la capacitatea sa de a exercita atribu\u021biile de conducere f\u0103r\u0103 influen\u021be, conflicte de interese sau vulnerabilit\u0103\u021bi susceptibile a afecta credibilitatea institu\u021biei\u201d, potrivit sursei citate,<\/p>\n<p>\u00cen cazul candidatului propus \u00een persoana lui Gill-Julien Grigore-Iacobici, au fost relevate \u00een spa\u021biul public o serie de aspecte, unele consfin\u021bite \u0219i prin hot\u0103r\u00e2ri judec\u0103tore\u0219ti definitive, care ar putea afecta standardul de credibilitate institu\u021bional\u0103 al DIICOT \u0219i care ar putea influen\u021ba \u00eendeplinirea cu obiectivitate \u0219i impar\u021bialitate a atribu\u021biilor prev\u0103zute de lege.<\/p>\n<p>\u201cLa nivelul \u00eentregului sistem judiciar, \u0219i \u00een cazul particular al Direc\u021biei de Investigare a Infrac\u021biunilor de Criminalitate Organizat\u0103 \u0219i Terorism, este esen\u021bial ca func\u021biile de conducere s\u0103 fie ocupate de persoane care s\u0103 reprezinte o garan\u021bie a credibilit\u0103\u021bii \u0219i impar\u021bialit\u0103\u021bii \u00eenf\u0103ptuirii actului de justi\u021bie. Pre\u0219edintele Rom\u00e2niei re\u021bine c\u0103 legitimitatea unui institu\u021bii a statului de drept se \u00eentemeiaz\u0103 at\u00e2t pe actele pe care le emite respectiva institu\u021bie, c\u00e2t \u0219i pe respectarea celor mai \u00eenalte standarde de credibilitate la nivelul conducerii sale. \u00cen consecin\u021b\u0103, av\u00e2nd \u00een vedere motivele expuse mai sus, \u00een exercitarea atribu\u021biei conferite de art. 144 alin. (1) coroborat cu art. 148 alin. (4) din Legea nr. 303\/2022, Pre\u0219edintele Rom\u00e2niei refuz\u0103 numirea domnului Gill-Julien Grigore-Iacobici \u00een func\u021bia de procuror-\u0219ef adjunct al Direc\u021biei de Investigare a Infrac\u021biunilor de Criminalitate Organizat\u0103 \u0219i Terorism\u201d, a mai transmis institu\u021bia.<\/p>\n<p>+++<\/p>\n<p>Gill Julien Grigore-Iacobici, procuror \u00een cadrul Parchetului de pe l\u00e2ng\u0103 Curtea de Apel Constan\u021ba, a fost una dintre cele dou\u0103 propuneri ale ministrului Justi\u021biei pentru func\u021bia de procuror \u0219ef-adjunct la DIICOT. \u00cen trei declara\u021bii de avere a scris c\u0103 a primit dona\u021bii din partea socrilor \u2013 de exemplu, \u00een 2024, a primit o dona\u021bie de 420.000 de lei, echivalentul a 84.000 de euro. Soacra lui este una dintre cele mai bogate prim\u0103ri\u021be din \u021bar\u0103, potrivit Hotnews.ro.<\/p>\n<p>\u00cen propunerea de numire, ministrul Radu Marinescu a indicat, \u00een cazul lui Gill Julien Grigore-Iacobici, c\u0103 are \u201eo vast\u0103 preg\u0103tire profesional\u0103 \u0219i o experient\u0103 foarte mare, at\u00e2t \u00een func\u021bii de execu\u021bie, c\u00e2t \u0219i \u00een func\u021bii de conducere\u201d.<\/p>\n<p>Leg\u0103turile de familie ale lui Gill Julien Grigore-Iacobici au atras \u00eens\u0103 aten\u021bia.<\/p>\n<p>Soacra sa, Gabriela Iacobici, este unul dintre cei mai longevivi primari PSD din jude\u021bul Constan\u021ba, conduc\u00e2nd comuna Gr\u0103dina din anul 2008. Gabriela Iacobici este \u0219i unul dintre cei mai boga\u021bi primari din Rom\u00e2nia.\u00a0Snoop\u00a0a dezv\u0103luit c\u0103 ea de\u021bine peste 3.000 de hectare de teren agricol \u00een jude\u021bul Constan\u021ba.<\/p>\n<p>So\u021bia procurorului Grigore-Iacobici, Sonia, \u0219i socrul s\u0103u, Ioan Iacobici, au fost condamna\u021bi definitiv \u00een 2015 pentru fraude cu fonduri europene.<\/p>\n<p>Cei doi au fost acuza\u021bi de DNA de folosire sau prezentare de declara\u021bii false, inexacte sau incomplete care are ca rezultat ob\u021binerea pe nedrept de fonduri din bugetul general al Comunit\u0103\u021bilor Europene sau din bugetele administrate de acestea ori \u00een numele lor \u0219i de fals \u00een \u00eenscrisuri sub semn\u0103tur\u0103 privat\u0103.<\/p>\n<p>Prejudiciul adus Ministerului Agriculturii a fost evaluat la 2 milioane de lei.<\/p>\n<p>Dup\u0103 ce dosarul a fost str\u0103mutat de la Constan\u021ba la Gala\u021bi, Ion Iacobici \u0219i fiica sa au primit c\u00e2te trei ani de \u00eenchisoare cu suspendare.<\/p>\n<\/div>\n<\/div>\n<div class=\"inhype-social-share-fixed sidebar-position-right\">\n<div class=\"post-social-wrapper\">\n<div class=\"post-social-title\"><span class=\"post-social-title-text\">Share<\/span><\/div>\n<\/div>\n<\/div>\n<\/div>\n<p>[analyse_source url=&#8221;https:\/\/ziardesuceava.ro\/nicusor-dan-explica-motivele-refuzului-de-a-l-numi-pe-gill-julien-adjunct-la-diicot\/&#8221;]<\/p>\n","protected":false},"excerpt":{"rendered":"<p>[analyse_image type=&#8221;featured&#8221; src=&#8221;https:\/\/ziardesuceava.ro\/wp-content\/uploads\/2026\/04\/78304-1024&#215;683.jpg&#8221;] Pre\u0219edin\u021bia a transmis joi c\u0103 Nicu\u0219or Dan a refuzat numirea lui Gill-Julien Grigore-Iacobici \u00een func\u021bia de procuror-\u0219ef adjunct al Direc\u021biei de Investigare a Infrac\u021biunilor de Criminalitate Organizat\u0103 \u0219i Terorism, pentru o serie de motive. \u201c\u00cen exercitarea atribu\u021biilor sale constitu\u021bionale \u0219i legale, Pre\u0219edintele Rom\u00e2niei poate numi prin decret sau poate refuza motivat numirea [&hellip;]<\/p>\n","protected":false},"author":1,"featured_media":0,"comment_status":"open","ping_status":"","sticky":false,"template":"","format":"standard","meta":{"footnotes":""},"categories":[89],"tags":[226,171],"class_list":["post-1874567","post","type-post","status-publish","format-standard","hentry","category-romania","tag-crawlmanager","tag-ziardesuceava-ro"],"_links":{"self":[{"href":"https:\/\/analyse.optim.biz\/index.php?rest_route=\/wp\/v2\/posts\/1874567","targetHints":{"allow":["GET"]}}],"collection":[{"href":"https:\/\/analyse.optim.biz\/index.php?rest_route=\/wp\/v2\/posts"}],"about":[{"href":"https:\/\/analyse.optim.biz\/index.php?rest_route=\/wp\/v2\/types\/post"}],"author":[{"embeddable":true,"href":"https:\/\/analyse.optim.biz\/index.php?rest_route=\/wp\/v2\/users\/1"}],"replies":[{"embeddable":true,"href":"https:\/\/analyse.optim.biz\/index.php?rest_route=%2Fwp%2Fv2%2Fcomments&post=1874567"}],"version-history":[{"count":0,"href":"https:\/\/analyse.optim.biz\/index.php?rest_route=\/wp\/v2\/posts\/1874567\/revisions"}],"wp:attachment":[{"href":"https:\/\/analyse.optim.biz\/index.php?rest_route=%2Fwp%2Fv2%2Fmedia&parent=1874567"}],"wp:term":[{"taxonomy":"category","embeddable":true,"href":"https:\/\/analyse.optim.biz\/index.php?rest_route=%2Fwp%2Fv2%2Fcategories&post=1874567"},{"taxonomy":"post_tag","embeddable":true,"href":"https:\/\/analyse.optim.biz\/index.php?rest_route=%2Fwp%2Fv2%2Ftags&post=1874567"}],"curies":[{"name":"wp","href":"https:\/\/api.w.org\/{rel}","templated":true}]}}