{"id":1874001,"date":"2026-04-09T08:51:55","date_gmt":"2026-04-09T05:51:55","guid":{"rendered":"https:\/\/analyse.optim.biz\/?p=1874001"},"modified":"2026-04-09T08:51:55","modified_gmt":"2026-04-09T05:51:55","slug":"balul-sarbatorilor-pascale-la-babadag","status":"publish","type":"post","link":"https:\/\/analyse.optim.biz\/?p=1874001","title":{"rendered":"Balul S\u0103rb\u0103torilor Pascale la Babadag"},"content":{"rendered":"<p>[analyse_image type=&#8221;featured&#8221; src=&#8221;https:\/\/dobrogeanews.b-cdn.net\/wp-content\/uploads\/2026\/04\/balul-sarbatorilor-pascale-babadag.jpg&#8221;]<\/p>\n<div id=\"post-69799\" class=\"entry single-default post-69799 post type-post status-publish format-standard has-post-thumbnail hentry category-babadag category-info tag-babadag tag-balul-sarbatorilor-pascale\">\n<div>\n<div class=\"ss-follow-wrapper ss-clearfix ss-regular-buttons ss-columns-1 ss-default-style\">\n<div class=\"ss-follow-column\" data-ss-sf-network-id='\"facebook\"'><a href=\"https:\/\/www.facebook.com\/dobrogeanews\" class=\"ss-follow-network ss-facebook-color\" rel=\"nofollow noopener\" aria-label=\"facebook\" target=\"_blank\"><span class=\"ss-follow-network-label\">Urm\u0103re\u015fte-ne \u015fi pe Facebook!<\/span><span class=\"ss-follow-network-count\"><span class=\"ss-follow-network-count-number\">57K<\/span><span class=\"ss-follow-network-count-label\">Followers<\/span><\/span><\/a><\/div>\n<\/div>\n<\/div>\n<p>\u201ePrim\u0103ria Babadag \u00eempreun\u0103 cu Centrul Cultural \u0219i Clubul Pensionarilor continu\u0103 tradi\u021bia de Pa\u0219ti \u0219i v\u0103 invit\u0103 \u00een cea de a doua zi de Pa\u0219te, luni 13 aprilie, \u00eencep\u00e2nd cu ora 16.00, \u00een Pia\u021ba Agroalimentar\u0103, la ,,Balul S\u0103rb\u0103torilor Pascale\u201d!<\/p>\n<figure class=\"wp-block-image size-full is-resized\">\n<source type=\"image\/webp\" data-lazy-srcset=\"https:\/\/dobrogeanews.b-cdn.net\/wp-content\/uploads\/2026\/04\/balul-sarbatorilor-pascale-babadag.jpg.webp 2560w, https:\/\/dobrogeanews.b-cdn.net\/wp-content\/uploads\/2026\/04\/balul-sarbatorilor-pascale-babadag-300x206.jpg.webp 300w, https:\/\/dobrogeanews.b-cdn.net\/wp-content\/uploads\/2026\/04\/balul-sarbatorilor-pascale-babadag-1024x704.jpg.webp 1024w, https:\/\/dobrogeanews.b-cdn.net\/wp-content\/uploads\/2026\/04\/balul-sarbatorilor-pascale-babadag-768x528.jpg.webp 768w, https:\/\/dobrogeanews.b-cdn.net\/wp-content\/uploads\/2026\/04\/balul-sarbatorilor-pascale-babadag-1536x1056.jpg.webp 1536w, https:\/\/dobrogeanews.b-cdn.net\/wp-content\/uploads\/2026\/04\/balul-sarbatorilor-pascale-babadag-2048x1408.jpg.webp 2048w\" sizes=\"(max-width: 640px) 100vw, 640px\" \/><br \/>\n<img loading=\"lazy\" decoding=\"async\" src=\"https:\/\/dobrogeanews.b-cdn.net\/wp-content\/uploads\/2026\/04\/balul-sarbatorilor-pascale-babadag.jpg\" alt=\"Balul S\u0103rb\u0103torilor Pascale la Babadag\" width=\"640\" height=\"440\"><\/figure>\n<p>Balul S\u0103rb\u0103torilor Pascale este o frumoas\u0103 ocazie de a celebra s\u0103rb\u0103toarea \u00eenvierii \u0219i d\u0103 posibilitatea tuturor participan\u021bilor de a interac\u021biona, de a cunoa\u0219te oameni noi \u0219i de a crea amintiri frumoase. Acest eveniment comunitar este special dedicat bucuriei, tradi\u021biilor \u0219i momentelor frumoase petrecute \u00eempreun\u0103 prin dans, muzic\u0103 \u0219i socializare.<\/p>\n<p>La fel ca \u00een anii trecu\u021bi ne dorim s\u0103 fie un bal c\u00e2t mai frumos \u0219i s\u0103 vin\u0103 c\u00e2t mai mult\u0103 lume s\u0103 se distreze cu muzic\u0103, dans \u0219i voia bun\u0103, al\u0103turi de Chiric\u0103 \u0219i talentata Emilia Ba\u0219chir &amp; Nicu Aneni \u0219i Ansamblul B\u0103b\u0103ianca de la Centrul Cultural\u201d <\/p>\n<p>(Prim\u0103ria Babadag \u00eempreun\u0103 cu Centrul Cultural \u0219i Clubul Pensionarilor )<\/p>\n<div class=\"monsterinsights-inline-popular-posts monsterinsights-inline-popular-posts-charlie monsterinsights-popular-posts-styled\">\n<div class=\"monsterinsights-inline-popular-posts-text\"><span class=\"monsterinsights-inline-popular-posts-label\">Vezi \u0219i:<\/span><\/p>\n<div class=\"monsterinsights-inline-popular-posts-post\"><a class=\"monsterinsights-inline-popular-posts-title\" href=\"https:\/\/www.dobrogeanews.ro\/la-baia-taxa-de-habitat-a-ramas-15-lei-luna-pers-adica-180-lei-an-am-votat-aplicarea-cotelor-minime-permise\/\">La Baia, taxa de habitat a r\u0103mas 15 lei\/lun\u0103\/pers, adic\u0103, 180 lei\/an. \u201eAm votat aplicarea cotelor minime permise\u201d<\/a><\/div>\n<div class=\"monsterinsights-inline-popular-posts-post\"><a class=\"monsterinsights-inline-popular-posts-title\" href=\"https:\/\/www.dobrogeanews.ro\/video-primarul-stefan-ilie-raspunde-intrebarilor-privind-reabilitarea-strazilor-din-municipiul-tulcea\/\">(Video) Primarul \u0218tefan Ilie, r\u0103spunde \u00eentreb\u0103rilor privind reabilitarea Str\u0103zilor din Municipiul Tulcea<\/a><\/div>\n<div class=\"monsterinsights-inline-popular-posts-post\"><a class=\"monsterinsights-inline-popular-posts-title\" href=\"https:\/\/www.dobrogeanews.ro\/la-babadag-eleviii-continua-sa-primeasca-pachetele-alimentare-prin-programul-national-masa-sanatoasa\/\">La Babadag, elevii continu\u0103 s\u0103 primeasc\u0103 pachetele alimentare prin Programul Na\u021bional \u201eMas\u0103 s\u0103n\u0103toas\u0103\u201d<\/a><\/div>\n<\/div>\n<\/div>\n<p class=\"has-text-align-center has-white-color has-text-color has-background\"><span><a href=\"https:\/\/news.google.com\/publications\/CAAqBwgKMIu5pgsw88O-Aw?ceid=RO:ro&amp;oc=3\">Urm\u0103ri\u0163i \u015etirile Dobrogeanews \u015fi pe Google News<\/a><\/span><\/p>\n<\/div>\n<div id=\"post-69799\" class=\"entry single-default post-69799 post type-post status-publish format-standard has-post-thumbnail hentry category-babadag category-info tag-babadag tag-balul-sarbatorilor-pascale\">\n<div>\n<div class=\"ss-follow-wrapper ss-clearfix ss-regular-buttons ss-columns-1 ss-default-style\">\n<div class=\"ss-follow-column\" data-ss-sf-network-id='\"facebook\"'><a href=\"https:\/\/www.facebook.com\/dobrogeanews\" class=\"ss-follow-network ss-facebook-color\" rel=\"nofollow noopener\" aria-label=\"facebook\" target=\"_blank\"><span class=\"ss-follow-network-label\">Urm\u0103re\u015fte-ne \u015fi pe Facebook!<\/span><span class=\"ss-follow-network-count\"><span class=\"ss-follow-network-count-number\">57K<\/span><span class=\"ss-follow-network-count-label\">Followers<\/span><\/span><\/a><\/div>\n<\/div>\n<\/div>\n<p>\u201ePrim\u0103ria Babadag \u00eempreun\u0103 cu Centrul Cultural \u0219i Clubul Pensionarilor continu\u0103 tradi\u021bia de Pa\u0219ti \u0219i v\u0103 invit\u0103 \u00een cea de a doua zi de Pa\u0219te, luni 13 aprilie, \u00eencep\u00e2nd cu ora 16.00, \u00een Pia\u021ba Agroalimentar\u0103, la ,,Balul S\u0103rb\u0103torilor Pascale\u201d!<\/p>\n<figure class=\"wp-block-image size-full is-resized\">\n<source type=\"image\/webp\" data-lazy-srcset=\"https:\/\/dobrogeanews.b-cdn.net\/wp-content\/uploads\/2026\/04\/balul-sarbatorilor-pascale-babadag.jpg.webp 2560w, https:\/\/dobrogeanews.b-cdn.net\/wp-content\/uploads\/2026\/04\/balul-sarbatorilor-pascale-babadag-300x206.jpg.webp 300w, https:\/\/dobrogeanews.b-cdn.net\/wp-content\/uploads\/2026\/04\/balul-sarbatorilor-pascale-babadag-1024x704.jpg.webp 1024w, https:\/\/dobrogeanews.b-cdn.net\/wp-content\/uploads\/2026\/04\/balul-sarbatorilor-pascale-babadag-768x528.jpg.webp 768w, https:\/\/dobrogeanews.b-cdn.net\/wp-content\/uploads\/2026\/04\/balul-sarbatorilor-pascale-babadag-1536x1056.jpg.webp 1536w, https:\/\/dobrogeanews.b-cdn.net\/wp-content\/uploads\/2026\/04\/balul-sarbatorilor-pascale-babadag-2048x1408.jpg.webp 2048w\" sizes=\"(max-width: 640px) 100vw, 640px\" \/><br \/>\n<img loading=\"lazy\" decoding=\"async\" src=\"https:\/\/dobrogeanews.b-cdn.net\/wp-content\/uploads\/2026\/04\/balul-sarbatorilor-pascale-babadag.jpg\" alt=\"Balul S\u0103rb\u0103torilor Pascale la Babadag\" width=\"640\" height=\"440\"><\/figure>\n<p>Balul S\u0103rb\u0103torilor Pascale este o frumoas\u0103 ocazie de a celebra s\u0103rb\u0103toarea \u00eenvierii \u0219i d\u0103 posibilitatea tuturor participan\u021bilor de a interac\u021biona, de a cunoa\u0219te oameni noi \u0219i de a crea amintiri frumoase. Acest eveniment comunitar este special dedicat bucuriei, tradi\u021biilor \u0219i momentelor frumoase petrecute \u00eempreun\u0103 prin dans, muzic\u0103 \u0219i socializare.<\/p>\n<p>La fel ca \u00een anii trecu\u021bi ne dorim s\u0103 fie un bal c\u00e2t mai frumos \u0219i s\u0103 vin\u0103 c\u00e2t mai mult\u0103 lume s\u0103 se distreze cu muzic\u0103, dans \u0219i voia bun\u0103, al\u0103turi de Chiric\u0103 \u0219i talentata Emilia Ba\u0219chir &amp; Nicu Aneni \u0219i Ansamblul B\u0103b\u0103ianca de la Centrul Cultural\u201d <\/p>\n<p>(Prim\u0103ria Babadag \u00eempreun\u0103 cu Centrul Cultural \u0219i Clubul Pensionarilor )<\/p>\n<div class=\"monsterinsights-inline-popular-posts monsterinsights-inline-popular-posts-charlie monsterinsights-popular-posts-styled\">\n<div class=\"monsterinsights-inline-popular-posts-text\"><span class=\"monsterinsights-inline-popular-posts-label\">Vezi \u0219i:<\/span><\/p>\n<div class=\"monsterinsights-inline-popular-posts-post\"><a class=\"monsterinsights-inline-popular-posts-title\" href=\"https:\/\/www.dobrogeanews.ro\/la-baia-taxa-de-habitat-a-ramas-15-lei-luna-pers-adica-180-lei-an-am-votat-aplicarea-cotelor-minime-permise\/\">La Baia, taxa de habitat a r\u0103mas 15 lei\/lun\u0103\/pers, adic\u0103, 180 lei\/an. \u201eAm votat aplicarea cotelor minime permise\u201d<\/a><\/div>\n<div class=\"monsterinsights-inline-popular-posts-post\"><a class=\"monsterinsights-inline-popular-posts-title\" href=\"https:\/\/www.dobrogeanews.ro\/video-primarul-stefan-ilie-raspunde-intrebarilor-privind-reabilitarea-strazilor-din-municipiul-tulcea\/\">(Video) Primarul \u0218tefan Ilie, r\u0103spunde \u00eentreb\u0103rilor privind reabilitarea Str\u0103zilor din Municipiul Tulcea<\/a><\/div>\n<div class=\"monsterinsights-inline-popular-posts-post\"><a class=\"monsterinsights-inline-popular-posts-title\" href=\"https:\/\/www.dobrogeanews.ro\/la-babadag-eleviii-continua-sa-primeasca-pachetele-alimentare-prin-programul-national-masa-sanatoasa\/\">La Babadag, elevii continu\u0103 s\u0103 primeasc\u0103 pachetele alimentare prin Programul Na\u021bional \u201eMas\u0103 s\u0103n\u0103toas\u0103\u201d<\/a><\/div>\n<\/div>\n<\/div>\n<p class=\"has-text-align-center has-white-color has-text-color has-background\"><span><a href=\"https:\/\/news.google.com\/publications\/CAAqBwgKMIu5pgsw88O-Aw?ceid=RO:ro&amp;oc=3\">Urm\u0103ri\u0163i \u015etirile Dobrogeanews \u015fi pe Google News<\/a><\/span><\/p>\n<\/div>\n<p>[analyse_source url=&#8221;https:\/\/www.dobrogeanews.ro\/balul-sarbatorilor-pascale-la-babadag\/&#8221;]<\/p>\n","protected":false},"excerpt":{"rendered":"<p>[analyse_image type=&#8221;featured&#8221; src=&#8221;https:\/\/dobrogeanews.b-cdn.net\/wp-content\/uploads\/2026\/04\/balul-sarbatorilor-pascale-babadag.jpg&#8221;] Urm\u0103re\u015fte-ne \u015fi pe Facebook!57KFollowers \u201ePrim\u0103ria Babadag \u00eempreun\u0103 cu Centrul Cultural \u0219i Clubul Pensionarilor continu\u0103 tradi\u021bia de Pa\u0219ti \u0219i v\u0103 invit\u0103 \u00een cea de a doua zi de Pa\u0219te, luni 13 aprilie, \u00eencep\u00e2nd cu ora 16.00, \u00een Pia\u021ba Agroalimentar\u0103, la ,,Balul S\u0103rb\u0103torilor Pascale\u201d! Balul S\u0103rb\u0103torilor Pascale este o frumoas\u0103 ocazie de a celebra [&hellip;]<\/p>\n","protected":false},"author":1,"featured_media":0,"comment_status":"open","ping_status":"","sticky":false,"template":"","format":"standard","meta":{"footnotes":""},"categories":[89],"tags":[226,223],"class_list":["post-1874001","post","type-post","status-publish","format-standard","hentry","category-romania","tag-crawlmanager","tag-dobrogeanews-ro"],"_links":{"self":[{"href":"https:\/\/analyse.optim.biz\/index.php?rest_route=\/wp\/v2\/posts\/1874001","targetHints":{"allow":["GET"]}}],"collection":[{"href":"https:\/\/analyse.optim.biz\/index.php?rest_route=\/wp\/v2\/posts"}],"about":[{"href":"https:\/\/analyse.optim.biz\/index.php?rest_route=\/wp\/v2\/types\/post"}],"author":[{"embeddable":true,"href":"https:\/\/analyse.optim.biz\/index.php?rest_route=\/wp\/v2\/users\/1"}],"replies":[{"embeddable":true,"href":"https:\/\/analyse.optim.biz\/index.php?rest_route=%2Fwp%2Fv2%2Fcomments&post=1874001"}],"version-history":[{"count":0,"href":"https:\/\/analyse.optim.biz\/index.php?rest_route=\/wp\/v2\/posts\/1874001\/revisions"}],"wp:attachment":[{"href":"https:\/\/analyse.optim.biz\/index.php?rest_route=%2Fwp%2Fv2%2Fmedia&parent=1874001"}],"wp:term":[{"taxonomy":"category","embeddable":true,"href":"https:\/\/analyse.optim.biz\/index.php?rest_route=%2Fwp%2Fv2%2Fcategories&post=1874001"},{"taxonomy":"post_tag","embeddable":true,"href":"https:\/\/analyse.optim.biz\/index.php?rest_route=%2Fwp%2Fv2%2Ftags&post=1874001"}],"curies":[{"name":"wp","href":"https:\/\/api.w.org\/{rel}","templated":true}]}}