{"id":187400,"date":"2015-01-29T23:01:25","date_gmt":"2015-01-29T20:01:25","guid":{"rendered":"https:\/\/analyse.optim.biz\/?p=187400"},"modified":"2015-01-29T23:01:25","modified_gmt":"2015-01-29T20:01:25","slug":"emil-hurezeanu-s-a-intors-pagina-ultimilor-zece-ani-domnul-basescu-probabil-sta-pe-ganduri-reflecteaza-serios","status":"publish","type":"post","link":"https:\/\/analyse.optim.biz\/?p=187400","title":{"rendered":"Emil Hurezeanu: S-a \u00eentors pagina ultimilor zece ani. Domnul B\u0103sescu probabil st\u0103 pe g\u00e2nduri, reflecteaz\u0103 serios"},"content":{"rendered":"<div class=\"entry data-app-meta data-app-meta-article\" data-embed-base-url-canonical=\"https:\/\/www.digi24.ro\/embed\/stiri\/actualitate\/politica\/emil-hurezeanu-s-a-intors-pagina-ultimilor-zece-ani-domnul-basescu-probabil-sta-pe-ganduri-reflecteaza-serios-353453\">\n<p data-index=\"1\">\u00a0<img decoding=\"async\" src=\"https:\/\/analyse.optim.biz\/wp-content\/uploads\/2024\/09\/mwnhzja5yjyynzaxnwqxmzzkngqwmgu5ndu2zjgwzge-thumb_.jpg\" data-skip-htmlfix=\"1\" title=\"mwnhzja5yjyynzaxnwqxmzzkngqwmgu5ndu2zjgwzge-thumb_\"><\/p>\n<p data-index=\"2\"><em>(Traian B\u0103sescu \u0219i Elena Udrea particip\u0103 la un miting electoral \u00een jude\u021bul Bac\u0103u, \u00een anul 2009. Foto: MediafaxFoto)<\/em><\/p>\n<p data-index=\"3\">Emil Hurezeanu a subliniat c\u0103 Elena Udrea, anchetat\u0103 \u00eencep\u00e2nd de ast\u0103zi sub control judiciar pentru sp\u0103lare de bani \u015fi fals \u00een declara\u0163ia de avere, nu numai c\u0103 este fost ministru \u0219i actual deputat, dar a fost \u0219i unul dintre cei 14 candida\u021bi pentru pre\u0219edin\u021bia Rom\u00e2niei.<\/p>\n<p data-index=\"4\">\u00cen acela\u0219i timp, jurnalistul a spus despre Elena Udrea c\u0103 este \u201epoliticianul rom\u00e2n cel mai mult sus\u021binut de Traian B\u0103sescu \u00een ultimii ani\u201d.<\/p>\n<p data-index=\"5\">\u201e<span>\u00cen mod public, domnul B\u0103sescu a pledat pentru integritatea, inteligen\u021ba doamnei Udrea de c\u00e2te ori a putut. \u00cen fiecare \u00eemprejurare. Domnii Ponta \u0219i Iohannis erau profund corup\u021bi \u00eenaintea primului tur de scrutin, \u00een viziunea domnului B\u0103sescu. Doamna Udrea nu. \u00centruchipa toate virtu\u021bile omului politic modern \u0219i ales. N-a fost s\u0103 fie a\u0219a. Preferin\u021bele politice ale domnului B\u0103sescu pentru doamna Udrea au fost mai u\u0219or de demontat, pentru c\u0103, poporul \u2013 de\u0219i unii spun c\u0103 e un bizon ursuz \u0219i greoi \u2013 are instincte foarte bune \u0219i ascu\u021bite. Era o poveste \u00een care mai credea, \u00een afar\u0103 de domnul B\u0103sescu, foarte pu\u021bin lume\u201d, a spus Emil Hurezeanu.<\/span><\/p>\n<p data-index=\"6\">\u201e<span>P\u00e2n\u0103 \u0219i vechii admiratori mai mult sau mai pu\u021bin neru\u0219ina\u021bi \u00een declara\u021bii publice la adresa doamnei Udrea se retr\u0103seser\u0103 \u00een t\u0103cere, \u00een formule noi\u201d, a subliniat jurnalistul.<\/span><\/p>\n<p data-index=\"7\">\u201e<span>Ast\u0103zi, domnul Adrian Papahagi d\u0103 o declara\u021bie \u00een care spune c\u0103 \u00eentre doamna Udrea \u0219i domnul Ponta ar fi existat o \u00een\u021belegere \u00eenainte de campania preziden\u021bial\u0103, care prevedea ca \u00een schimbul imunit\u0103\u021bii doamna Udrea s\u0103-l sus\u021bin\u0103 pe domnul Ponta \u00een func\u021bia de pre\u0219edinte. Sunt lucruri noi, toate sunt verificabile. Trebuie s\u0103 mai ad\u0103ug\u0103m la toate astea, suntem \u00eenc\u0103 sub efectul surprizei, c\u0103 doamna Udrea are acela\u0219i drept la prezum\u021bia de nevinov\u0103\u0163ie ca to\u021bi ceilal\u021bi politicieni, deocamdat\u0103 pu\u0219i sub \u00eenvinuire\u201d, a mai spus Emil Hurezeanu.<\/span><span>\u00a0<\/span><\/p>\n<p data-index=\"8\">\u201e<span>\u00cen\u021belegem din ce \u00een ce mai bine, \u0219i ast\u0103zi o dat\u0103 \u00een plus, o zi sumbr\u0103 \u00een istoria democra\u021biei, c\u0103 s-a \u00eentors pagina ultimilor zece ani. Domnul B\u0103sescu probabil \u00een acest moment st\u0103 pe g\u00e2nduri, reflecteaz\u0103 serios, se vor pune \u00eentreb\u0103ri \u00een leg\u0103tur\u0103 cu ce a \u0219tiut domnul B\u0103sescu, c\u00e2t a \u0219tiut, despre felul \u00een care a func\u021bionat conducerea politic\u0103 a Rom\u00e2niei, av\u00e2nd \u00een vedere c\u0103 p\u00e2n\u0103 \u00een ultimul moment fostul pre\u0219edinte o recomanda pe doamna Udrea pentru cele mai \u00eenalte oficii \u0219i favoruri ale statului. E foarte posibil s\u0103 nu fi \u0219tiut, s\u0103 nu fi \u0219tiut totul, dar ne \u00eentreb\u0103m dac\u0103 acest stat a func\u021bionat \u00eentr-un astfel de sistem de fraud\u0103 organizat\u0103, la cel mai \u00eenalt nivel, care au fost \u0219i celelalte decizii ale lui, cum sunt \u0219i celelalte decizii ale lui, cum a func\u021bionat \u0219i sistemul politic? <strong>\u00cencepi s\u0103 nu mai ai \u00eencredere \u00een felul \u00een care sistemul politic a func\u021bionat \u00een Rom\u00e2nia ultimilor ani, dincolo de fraud\u0103, de nevinov\u0103\u0163ii \u0219i de jaf<\/strong>\u201d, a punctat jurnalistul.<\/span><\/p>\n<p data-index=\"9\">\u201e<span>\u0218i domnul Videanu face parte din aceea\u0219i categorie ca doamna Udrea\u201d, a men\u021bionat Emil Hurezeanu.<\/span><\/p>\n<p data-index=\"10\"><a href=\"https:\/\/www.digi24.ro\/Stiri\/Digi24\/Actualitate\/Politica\/Elena+Udrea+s-a+autosuspendat+din+functia+de+presedinte+al+PMP\" data-skip-linkfix=\"1\">Fostul pre\u0219edinte al Partidului Mi\u0219carea Popular\u0103<\/a>, Elena Udrea, a fost adus\u0103 joi la DNA, unde a stat aproximativ patru ore. La plecarea din sediul Direc\u0163iei, ea a sus\u0163inut c\u0103 nu a dat declara\u0163ii \u015fi a negat c\u0103 ar fi evitat cu bun\u0103 \u015ftiin\u0163\u0103 s\u0103 fac\u0103 anumite men\u0163iuni \u00een declara\u0163ia sa de avere.<\/p>\n<p data-index=\"11\">Ulterior, <a href=\"https:\/\/www.digi24.ro\/Stiri\/Digi24\/Actualitate\/Justitie\/Elena+Udrea+cu+mandat+la+DNA\" data-skip-linkfix=\"1\">procurorii DNA au comunicat c\u0103 au dispus efectuarea urm\u0103ririi penale fa\u0163\u0103 de Elena Udrea pentru sp\u0103lare de bani<\/a> (\u00een forma dob\u00e2ndirii\/utiliz\u0103rii de bunuri cunosc\u00e2nd c\u0103 provin din infrac\u021biuni) \u015fi fals \u00een declara\u0163ii de avere. Elena Udrea este anchetat\u0103 sub control judiciar.<\/p>\n<p data-index=\"12\">Tot \u00een aceea\u0219i zi,\u00a0<a href=\"https:\/\/www.digi24.ro\/Stiri\/Digi24\/Actualitate\/Justitie\/Fostul+ministru+Adriean+Videanu+retinut\" data-skip-linkfix=\"1\">fostul ministru Adriean Videanu a fost re\u021binut de procurorii DNA pentru 24 de ore<\/a>. El\u00a0<span>este acuzat de complicitate la abuz \u00een serviciu.<\/span><\/p>\n<p data-index=\"13\"><span><br \/><\/span><\/p>\n<p data-index=\"14\"><span><br \/><\/span><\/p>\n<\/div>\n<p> Source URL: https:\/\/www.digi24.ro\/stiri\/actualitate\/politica\/emil-hurezeanu-s-a-intors-pagina-ultimilor-zece-ani-domnul-basescu-probabil-sta-pe-ganduri-reflecteaza-serios-353453<\/p>\n","protected":false},"excerpt":{"rendered":"<p>\u00a0 (Traian B\u0103sescu \u0219i Elena Udrea particip\u0103 la un miting electoral \u00een jude\u021bul Bac\u0103u, \u00een anul 2009. Foto: MediafaxFoto) Emil Hurezeanu a subliniat c\u0103 Elena Udrea, anchetat\u0103 \u00eencep\u00e2nd de ast\u0103zi sub control judiciar pentru sp\u0103lare de bani \u015fi fals \u00een declara\u0163ia de avere, nu numai c\u0103 este fost ministru \u0219i actual deputat, dar a fost [&hellip;]<\/p>\n","protected":false},"author":1,"featured_media":187401,"comment_status":"open","ping_status":"","sticky":false,"template":"","format":"standard","meta":{"footnotes":""},"categories":[2],"tags":[11],"class_list":["post-187400","post","type-post","status-publish","format-standard","has-post-thumbnail","hentry","category-politics","tag-digi24"],"_links":{"self":[{"href":"https:\/\/analyse.optim.biz\/index.php?rest_route=\/wp\/v2\/posts\/187400","targetHints":{"allow":["GET"]}}],"collection":[{"href":"https:\/\/analyse.optim.biz\/index.php?rest_route=\/wp\/v2\/posts"}],"about":[{"href":"https:\/\/analyse.optim.biz\/index.php?rest_route=\/wp\/v2\/types\/post"}],"author":[{"embeddable":true,"href":"https:\/\/analyse.optim.biz\/index.php?rest_route=\/wp\/v2\/users\/1"}],"replies":[{"embeddable":true,"href":"https:\/\/analyse.optim.biz\/index.php?rest_route=%2Fwp%2Fv2%2Fcomments&post=187400"}],"version-history":[{"count":0,"href":"https:\/\/analyse.optim.biz\/index.php?rest_route=\/wp\/v2\/posts\/187400\/revisions"}],"wp:featuredmedia":[{"embeddable":true,"href":"https:\/\/analyse.optim.biz\/index.php?rest_route=\/wp\/v2\/media\/187401"}],"wp:attachment":[{"href":"https:\/\/analyse.optim.biz\/index.php?rest_route=%2Fwp%2Fv2%2Fmedia&parent=187400"}],"wp:term":[{"taxonomy":"category","embeddable":true,"href":"https:\/\/analyse.optim.biz\/index.php?rest_route=%2Fwp%2Fv2%2Fcategories&post=187400"},{"taxonomy":"post_tag","embeddable":true,"href":"https:\/\/analyse.optim.biz\/index.php?rest_route=%2Fwp%2Fv2%2Ftags&post=187400"}],"curies":[{"name":"wp","href":"https:\/\/api.w.org\/{rel}","templated":true}]}}