{"id":1873978,"date":"2026-04-09T12:09:50","date_gmt":"2026-04-09T09:09:50","guid":{"rendered":"https:\/\/analyse.optim.biz\/?p=1873978"},"modified":"2026-04-09T12:09:50","modified_gmt":"2026-04-09T09:09:50","slug":"atentionare-de-la-salvamontisti-in-ceea-ce-priveste-traseele-montane-din-bucovina-foto-stiri-suceava","status":"publish","type":"post","link":"https:\/\/analyse.optim.biz\/?p=1873978","title":{"rendered":"Aten\u021bionare de la salvamonti\u0219ti \u00een ceea ce prive\u0219te traseele montane din Bucovina FOTO &#8211; Stiri Suceava"},"content":{"rendered":"<p>[analyse_image type=&#8221;featured&#8221; src=&#8221;https:\/\/www.informatiata.ro\/wp-content\/uploads\/2026\/04\/IMG-20260409-WA0027.jpg&#8221;]<\/p>\n<div class=\"td-post-content tagdiv-type\">\n<div class=\"td-post-featured-image\"><a href=\"https:\/\/www.informatiata.ro\/wp-content\/uploads\/2026\/04\/IMG-20260409-WA0028.jpg\" data-caption><img loading=\"lazy\" decoding=\"async\" width=\"696\" height=\"489\" class=\"entry-thumb td-modal-image\" src=\"https:\/\/www.informatiata.ro\/wp-content\/uploads\/2026\/04\/IMG-20260409-WA0028-696x489.jpg\" alt title=\"IMG-20260409-WA0028\"><img loading=\"lazy\" decoding=\"async\" width=\"696\" height=\"489\" class=\"entry-thumb td-modal-image\" src=\"https:\/\/www.informatiata.ro\/wp-content\/uploads\/2026\/04\/IMG-20260409-WA0028-696x489.jpg\" alt title=\"IMG-20260409-WA0028\"><\/a><\/div>\n<p>Aten\u021bionare de la salvamonti\u0219ti \u00een ceea ce prive\u0219te traseele montane din Bucovina. <\/p>\n<p>\u00cen ultim\u0103 perioad\u0103 s-a depus strat proasp\u0103t de z\u0103pad\u0103 care atinge 20 cm \u00eencep\u00e2nd cu altitudinea de 1400m, a\u0219ezat peste stratul vechi, \u00eenghe\u021bat din cauza temperaturilor sc\u0103zute.<\/p>\n<div class=\"td-a-rec td-a-rec-id-content_inlineright  tdi_6 td_block_template_1\"><img loading=\"lazy\" decoding=\"async\" class=\"aligncenter size-full wp-image-64555\" src=\"https:\/\/www.informatiata.ro\/wp-content\/uploads\/2026\/04\/SAVCOM-13.gif\" alt width=\"299\" height=\"250\"><img loading=\"lazy\" decoding=\"async\" class=\"aligncenter size-full wp-image-64555\" src=\"https:\/\/www.informatiata.ro\/wp-content\/uploads\/2026\/04\/SAVCOM-13.gif\" alt width=\"299\" height=\"250\"><img loading=\"lazy\" decoding=\"async\" class=\"aligncenter size-full wp-image-64556\" src=\"https:\/\/www.informatiata.ro\/wp-content\/uploads\/2026\/04\/FACOS-11.gif\" alt width=\"300\" height=\"250\"><img loading=\"lazy\" decoding=\"async\" class=\"aligncenter size-full wp-image-64556\" src=\"https:\/\/www.informatiata.ro\/wp-content\/uploads\/2026\/04\/FACOS-11.gif\" alt width=\"300\" height=\"250\"><\/div>\n<p>Toate traseele care trec de aceast\u0103 altitudine trebuie abordate ca trasee \u00een condi\u021bii de iarn\u0103, unde echipamentul care faciliteaz\u0103 deplasarea \u00een siguran\u021b\u0103 este binevenit.<\/p>\n<p>Salvamonti\u0219tii suceveni recomand\u0103 folosirea col\u021barilor, iar dac\u0103 nu este posibil, m\u0103car a \u201egheru\u021belor\u201d pentru deplasare \u0219i echipament termic adecvat condi\u021biilor de iarn\u0103.<\/p>\n<p>Pentru informa\u021bii \u0219i planificarea turelor pute\u021bi apela dispeceratul Salvamont Suceava.<\/p>\n<p>Nu sunt recomandate urm\u0103toarele trasee montane:<br \/>\n\u2757\u00een masivul C\u0103limani<br \/>\n\u2013 traseul marcat cu punct ro\u0219u, \u00eentre \u0219aua Negoiu \u0219i 12 Apostoli;<br \/>\n\u2013 traseul marcat cu cruce ro\u0219ie, Poiana Izvoarelor \u2013 Coada Pietrosului;<br \/>\n\u2013 traseul marcat cu punct albastru, Gura Haitii \u2013 C\u0103limaniul Cerbului;<br \/>\n\u2013 traseul de creast\u0103, marcat cu band\u0103 ro\u0219ie, \u00eentre vf. Pietrosul \u0219i piciorul Bistriciorului;<br \/>\n \u2757masivul Rar\u0103u<br \/>\ntraseul marcat cu cruce galben\u0103, Izvorul Alb \u2013 Rar\u0103u, deoarece a fost deteriorat de exploat\u0103rile forestiere, dar turi\u0219ti pot urca pe traseul marcat cu bulin\u0103 albastr\u0103 care pleac\u0103 spre Rar\u0103u de la baza p\u00e2rtiei Rar\u0103u.<\/p>\n<p>Acces auto:<br \/>\n    \u2013 drumul spre exploatarea C\u0103limani, din Gura Haitii, este accesibil \u0219i recomandat autovehiculelor 4\u00d74 echipate cu anvelope de iarn\u0103 p\u00e2n\u0103 la casa de bilete la intrare \u00een parc.<br \/>\n    \u2013  pe Transrar\u0103u se circul\u0103 \u00een condi\u021bii de iarn\u0103 , mai ales pe ultimii 5 km<\/p>\n<p>Telefoane  utile:<\/p>\n<p>112 \u2013 pentru urgen\u021be<\/p>\n<p>0725826668 (0 \u2013 SALVAMONT) \u2013 pentru urgen\u021be \u0219i informa\u021bii dispecerat Na\u021bional Salvamont<\/p>\n<p>0724212857 \u2013 pentru urgen\u021be \u0219i informa\u021bii dispecerat jude\u021bean Salvamont Suceava<br \/><img loading=\"lazy\" decoding=\"async\" src=\"https:\/\/www.informatiata.ro\/wp-content\/uploads\/2026\/04\/IMG-20260409-WA0027-1024x768.jpg\" alt width=\"696\" height=\"522\" class=\"aligncenter size-large wp-image-64586\"><img loading=\"lazy\" decoding=\"async\" src=\"https:\/\/www.informatiata.ro\/wp-content\/uploads\/2026\/04\/IMG-20260409-WA0027-1024x768.jpg\" alt width=\"696\" height=\"522\" class=\"aligncenter size-large wp-image-64586\"><\/p>\n<p><img loading=\"lazy\" decoding=\"async\" src=\"https:\/\/www.informatiata.ro\/wp-content\/uploads\/2026\/04\/IMG-20260409-WA0031-768x1024.jpg\" alt width=\"696\" height=\"928\" class=\"aligncenter size-large wp-image-64587\"><img loading=\"lazy\" decoding=\"async\" src=\"https:\/\/www.informatiata.ro\/wp-content\/uploads\/2026\/04\/IMG-20260409-WA0031-768x1024.jpg\" alt width=\"696\" height=\"928\" class=\"aligncenter size-large wp-image-64587\"><\/p>\n<p><img loading=\"lazy\" decoding=\"async\" src=\"https:\/\/www.informatiata.ro\/wp-content\/uploads\/2026\/04\/IMG-20260409-WA0030-1024x768.jpg\" alt width=\"696\" height=\"522\" class=\"aligncenter size-large wp-image-64588\"><img loading=\"lazy\" decoding=\"async\" src=\"https:\/\/www.informatiata.ro\/wp-content\/uploads\/2026\/04\/IMG-20260409-WA0030-1024x768.jpg\" alt width=\"696\" height=\"522\" class=\"aligncenter size-large wp-image-64588\"><\/p>\n<p><img loading=\"lazy\" decoding=\"async\" src=\"https:\/\/www.informatiata.ro\/wp-content\/uploads\/2026\/04\/IMG-20260409-WA0029-1024x768.jpg\" alt width=\"696\" height=\"522\" class=\"aligncenter size-large wp-image-64589\"><img loading=\"lazy\" decoding=\"async\" src=\"https:\/\/www.informatiata.ro\/wp-content\/uploads\/2026\/04\/IMG-20260409-WA0029-1024x768.jpg\" alt width=\"696\" height=\"522\" class=\"aligncenter size-large wp-image-64589\"><\/p>\n<div class=\"td-a-rec td-a-rec-id-content_bottom  tdi_7 td_block_template_1\"><img loading=\"lazy\" decoding=\"async\" class=\"aligncenter size-large wp-image-64548\" src=\"https:\/\/www.informatiata.ro\/wp-content\/uploads\/2026\/04\/125204cb-14ed-41f8-bc6b-85e2e0d2b3ef-1-1024x682.jpg\" alt width=\"696\" height=\"464\"><img loading=\"lazy\" decoding=\"async\" class=\"aligncenter size-large wp-image-64548\" src=\"https:\/\/www.informatiata.ro\/wp-content\/uploads\/2026\/04\/125204cb-14ed-41f8-bc6b-85e2e0d2b3ef-1-1024x682.jpg\" alt width=\"696\" height=\"464\"><\/div>\n<\/div>\n<p>[analyse_source url=&#8221;https:\/\/www.informatiata.ro\/atentionare-salvamontisti-trasee-bucovina\/&#8221;]<\/p>\n","protected":false},"excerpt":{"rendered":"<p>[analyse_image type=&#8221;featured&#8221; src=&#8221;https:\/\/www.informatiata.ro\/wp-content\/uploads\/2026\/04\/IMG-20260409-WA0027.jpg&#8221;] Aten\u021bionare de la salvamonti\u0219ti \u00een ceea ce prive\u0219te traseele montane din Bucovina. \u00cen ultim\u0103 perioad\u0103 s-a depus strat proasp\u0103t de z\u0103pad\u0103 care atinge 20 cm \u00eencep\u00e2nd cu altitudinea de 1400m, a\u0219ezat peste stratul vechi, \u00eenghe\u021bat din cauza temperaturilor sc\u0103zute. Toate traseele care trec de aceast\u0103 altitudine trebuie abordate ca trasee \u00een condi\u021bii [&hellip;]<\/p>\n","protected":false},"author":1,"featured_media":0,"comment_status":"open","ping_status":"","sticky":false,"template":"","format":"standard","meta":{"footnotes":""},"categories":[89],"tags":[226,167],"class_list":["post-1873978","post","type-post","status-publish","format-standard","hentry","category-romania","tag-crawlmanager","tag-informatiata-ro"],"_links":{"self":[{"href":"https:\/\/analyse.optim.biz\/index.php?rest_route=\/wp\/v2\/posts\/1873978","targetHints":{"allow":["GET"]}}],"collection":[{"href":"https:\/\/analyse.optim.biz\/index.php?rest_route=\/wp\/v2\/posts"}],"about":[{"href":"https:\/\/analyse.optim.biz\/index.php?rest_route=\/wp\/v2\/types\/post"}],"author":[{"embeddable":true,"href":"https:\/\/analyse.optim.biz\/index.php?rest_route=\/wp\/v2\/users\/1"}],"replies":[{"embeddable":true,"href":"https:\/\/analyse.optim.biz\/index.php?rest_route=%2Fwp%2Fv2%2Fcomments&post=1873978"}],"version-history":[{"count":0,"href":"https:\/\/analyse.optim.biz\/index.php?rest_route=\/wp\/v2\/posts\/1873978\/revisions"}],"wp:attachment":[{"href":"https:\/\/analyse.optim.biz\/index.php?rest_route=%2Fwp%2Fv2%2Fmedia&parent=1873978"}],"wp:term":[{"taxonomy":"category","embeddable":true,"href":"https:\/\/analyse.optim.biz\/index.php?rest_route=%2Fwp%2Fv2%2Fcategories&post=1873978"},{"taxonomy":"post_tag","embeddable":true,"href":"https:\/\/analyse.optim.biz\/index.php?rest_route=%2Fwp%2Fv2%2Ftags&post=1873978"}],"curies":[{"name":"wp","href":"https:\/\/api.w.org\/{rel}","templated":true}]}}