{"id":1873742,"date":"2026-04-09T10:14:22","date_gmt":"2026-04-09T07:14:22","guid":{"rendered":"https:\/\/analyse.optim.biz\/?p=1873742"},"modified":"2026-04-09T10:14:22","modified_gmt":"2026-04-09T07:14:22","slug":"primaria-timisoara-investeste-aproape-5-milioane-de-lei-in-reabilitarea-termica-a-cladirii-principale-a-spitalului-de-copii","status":"publish","type":"post","link":"https:\/\/analyse.optim.biz\/?p=1873742","title":{"rendered":"Prim\u0103ria Timi\u0219oara investe\u0219te aproape 5 milioane de lei \u00een reabilitarea termic\u0103 a cl\u0103dirii principale a Spitalului de Copii"},"content":{"rendered":"<p>[analyse_image type=&#8221;featured&#8221; src=&#8221;https:\/\/focustim.ro\/wp-content\/uploads\/2019\/12\/turcanu.jpg&#8221;]<\/p>\n<article id=\"post-39928\" class=\"penci-single-artcontent noloaddisqus post-39928 post type-post status-publish format-standard has-post-thumbnail hentry category-actualitate category-administratie category-featured tag-primarie tag-spitalul-de-copii tag-timisoara penci-post-item\">\n<header class=\"entry-header penci-entry-header penci-title-\">\n<div class=\"penci-entry-categories\"><span class=\"penci-cat-links\"><a href=\"https:\/\/focustim.ro\/category\/actualitate\/\" rel=\"category tag\">Actualitate<\/a><a href=\"https:\/\/focustim.ro\/category\/administratie\/\" rel=\"category tag\">Administra\u021bie<\/a><a href=\"https:\/\/focustim.ro\/category\/featured\/\" rel=\"category tag\">Featured<\/a><\/span><\/div>\n<h1 class=\"entry-title penci-entry-title penci-title-\">Prim\u0103ria Timi\u0219oara investe\u0219te aproape 5 milioane de lei \u00een reabilitarea termic\u0103 a cl\u0103dirii principale a Spitalului de Copii<\/h1>\n<div class=\"entry-meta penci-entry-meta\"><span class=\"entry-meta-item penci-posted-on\"><time class=\"entry-date published\" datetime=\"2026-04-09T13:14:22+03:00\">09\/04\/2026<\/time><time class=\"updated\" datetime=\"2026-04-09T13:14:24+03:00\">09\/04\/2026<\/time><\/span><span class=\"entry-meta-item penci-comment-count\"><a class=\"penci_pmeta-link\" href=\"https:\/\/focustim.ro\/primaria-timisoara-investeste-aproape-5-milioane-de-lei-in-reabilitarea-termica-a-cladirii-principale-a-spitalului-de-copii\/#respond\">0<\/a><\/span><\/div>\n<p><span class=\"penci-social-buttons penci-social-share-footer\"><span class=\"penci-social-share-text\">Distribuie<\/span><a href=\"https:\/\/focustim.ro\/primaria-timisoara-investeste-aproape-5-milioane-de-lei-in-reabilitarea-termica-a-cladirii-principale-a-spitalului-de-copii\/\" class=\"penci-post-like penci_post-meta_item  single-like-button penci-social-item like\" data-post_id=\"39928\" title=\"Like\" data-like=\"Like\" data-unlike=\"Unlike\"><span class=\"penci-share-number\">0<\/span><\/a><\/span><\/header>\n<div class=\"entry-media penci-entry-media\">\n<div class=\"post-format-meta \">\n<div class=\"post-image penci-standard-format\"><img decoding=\"async\" width=\"960\" height=\"638\" src=\"https:\/\/focustim.ro\/wp-content\/uploads\/2019\/12\/turcanu-960x638.jpg\" class=\"attachment-penci-thumb-960-auto size-penci-thumb-960-auto wp-post-image\" alt loading=\"lazy\"><\/div>\n<\/div>\n<\/div>\n<div class=\"penci-entry-content entry-content\">\n<p><strong>Prim\u0103ria Municipiului Timi\u0219oara asigur\u0103 aproape 5 milioane lei de la bugetul local pentru eficientizarea energetic\u0103 a corpului C1 al Spitalului de Copii \u201eLouis \u021aurcanu\u201d. Fondurile sunt necesare pentru semnarea contractului de finan\u021bare european\u0103 prin Programul Regional Vest 2021 \u2013 2027 cu Agen\u021bia pentru Dezvoltare Regional\u0103 Vest (ADR Vest).<\/strong><\/p>\n<p>\u201eE o investi\u021bie absolut necesar\u0103 \u00een infrastructura de s\u0103n\u0103tate a Timi\u0219oarei. E vorba de cl\u0103direa veche a Spitalului de Copii care a fost construit\u0103 la \u00eenceputul anilor 1900, \u0219i care cu aceast\u0103 investi\u021bie va fi adus\u0103 la standarde actuale, oferind condi\u021bii mai bune at\u00e2t pentru copii, c\u00e2t \u0219i pentru personalul medical\u201d, spune primarul Dominic Fritz.<\/p>\n<p>Investi\u021bia de la Spitalul de Copii vizeaz\u0103 reducerea consumului de energie cu peste 60%, prin lucr\u0103ri de izolare termic\u0103 \u0219i modernizarea instala\u021biilor, dar \u0219i prin instalarea unor echipamente performante. Astfel, cl\u0103direa principal\u0103 a spitalului va fi dotat\u0103 cu sisteme de ventila\u021bie cu recuperare de c\u0103ldur\u0103, corpuri de iluminat eficiente energetic \u0219i panouri fotovoltaice care vor produce o parte din energia necesar\u0103 func\u021bion\u0103rii cl\u0103dirii.<\/p>\n<p>Totodat\u0103, \u00een proiect sunt incluse interven\u021bii esen\u021biale pentru cre\u0219terea siguran\u021bei \u0219i a accesibilit\u0103\u021bii: instalarea unui lift adaptat\u00a0 transportului pacien\u021bilor pe targ\u0103 \u0219i construirea unei sc\u0103ri pentru evacuarea rapid\u0103 \u00een situa\u021bii de urgen\u021b\u0103. \u00cen plus, o ramp\u0103 de acces va face cl\u0103direa u\u0219or accesibil\u0103 pentru persoanele cu mobilitate redus\u0103.<\/p>\n<p>Valoarea total\u0103 a proiectului este de aproape 15 milioane de lei (inclusiv TVA), iar lucr\u0103rile sunt estimate la 30 luni.<\/p>\n<p>Proiectul de hot\u0103r\u00e2re de Consiliu Local privind alocarea fondurilor de la bugetul local va fi supus aprob\u0103rii \u00een perioada urm\u0103toare.<\/p>\n<div class=\"sharedaddy sd-sharing-enabled\">\n<div class=\"robots-nocontent sd-block sd-social sd-social-icon-text sd-sharing\">\n<h3 class=\"sd-title\">Partajeaz\u0103 asta:<\/h3>\n<div class=\"sd-content\">\n<ul>\n<li class=\"share-twitter\"><a rel=\"nofollow noopener noreferrer\" data-shared=\"sharing-twitter-39928\" class=\"share-twitter sd-button share-icon\" href=\"https:\/\/focustim.ro\/primaria-timisoara-investeste-aproape-5-milioane-de-lei-in-reabilitarea-termica-a-cladirii-principale-a-spitalului-de-copii\/?share=twitter\" target=\"_blank\" title=\"D\u0103 clic pentru a partaja pe Twitter\"><span>Twitter<\/span><\/a><\/li>\n<li class=\"share-facebook\"><a rel=\"nofollow noopener noreferrer\" data-shared=\"sharing-facebook-39928\" class=\"share-facebook sd-button share-icon\" href=\"https:\/\/focustim.ro\/primaria-timisoara-investeste-aproape-5-milioane-de-lei-in-reabilitarea-termica-a-cladirii-principale-a-spitalului-de-copii\/?share=facebook\" target=\"_blank\" title=\"D\u0103 clic pentru a partaja pe Facebook\"><span>Facebook<\/span><\/a><\/li>\n<li class=\"share-end\"><\/ul>\n<\/div>\n<\/div>\n<\/div>\n<div class=\"sharedaddy sd-block sd-like jetpack-likes-widget-wrapper jetpack-likes-widget-unloaded\" id=\"like-post-wrapper-167025405-39928-69d77c28e45d6\" data-src=\"https:\/\/widgets.wp.com\/likes\/#blog_id=167025405&amp;post_id=39928&amp;origin=focustim.ro&amp;obj_id=167025405-39928-69d77c28e45d6\" data-name=\"like-post-frame-167025405-39928-69d77c28e45d6\" data-title=\"Apreciaz\u0103 sau republic\u0103\">\n<h3 class=\"sd-title\">Apreciaz\u0103:<\/h3>\n<div class=\"likes-widget-placeholder post-likes-widget-placeholder\"><span class=\"button\"><span>Apreciere<\/span><\/span><span class=\"loading\">\u00cencarc&#8230;<\/span><\/div>\n<\/div>\n<\/div>\n<footer class=\"penci-entry-footer\">\n<div class=\"penci-source-via-tags-wrap\"><span class=\"tags-links penci-tags-links\"><a href=\"https:\/\/focustim.ro\/tag\/primarie\/\" rel=\"tag\">primarie<\/a><a href=\"https:\/\/focustim.ro\/tag\/spitalul-de-copii\/\" rel=\"tag\">Spitalul de copii<\/a><a href=\"https:\/\/focustim.ro\/tag\/timisoara\/\" rel=\"tag\">Timisoara<\/a><\/span><\/div>\n<p><span class=\"penci-social-buttons penci-social-share-footer\"><span class=\"penci-social-share-text\">Distribuie<\/span><a href=\"https:\/\/focustim.ro\/primaria-timisoara-investeste-aproape-5-milioane-de-lei-in-reabilitarea-termica-a-cladirii-principale-a-spitalului-de-copii\/\" class=\"penci-post-like penci_post-meta_item  single-like-button penci-social-item like\" data-post_id=\"39928\" title=\"Like\" data-like=\"Like\" data-unlike=\"Unlike\"><span class=\"penci-share-number\">0<\/span><\/a><\/span><\/footer>\n<\/article>\n<div class=\"penci-entry-content entry-content\">\n<p><strong>Prim\u0103ria Municipiului Timi\u0219oara asigur\u0103 aproape 5 milioane lei de la bugetul local pentru eficientizarea energetic\u0103 a corpului C1 al Spitalului de Copii \u201eLouis \u021aurcanu\u201d. Fondurile sunt necesare pentru semnarea contractului de finan\u021bare european\u0103 prin Programul Regional Vest 2021 \u2013 2027 cu Agen\u021bia pentru Dezvoltare Regional\u0103 Vest (ADR Vest).<\/strong><\/p>\n<p>\u201eE o investi\u021bie absolut necesar\u0103 \u00een infrastructura de s\u0103n\u0103tate a Timi\u0219oarei. E vorba de cl\u0103direa veche a Spitalului de Copii care a fost construit\u0103 la \u00eenceputul anilor 1900, \u0219i care cu aceast\u0103 investi\u021bie va fi adus\u0103 la standarde actuale, oferind condi\u021bii mai bune at\u00e2t pentru copii, c\u00e2t \u0219i pentru personalul medical\u201d, spune primarul Dominic Fritz.<\/p>\n<p>Investi\u021bia de la Spitalul de Copii vizeaz\u0103 reducerea consumului de energie cu peste 60%, prin lucr\u0103ri de izolare termic\u0103 \u0219i modernizarea instala\u021biilor, dar \u0219i prin instalarea unor echipamente performante. Astfel, cl\u0103direa principal\u0103 a spitalului va fi dotat\u0103 cu sisteme de ventila\u021bie cu recuperare de c\u0103ldur\u0103, corpuri de iluminat eficiente energetic \u0219i panouri fotovoltaice care vor produce o parte din energia necesar\u0103 func\u021bion\u0103rii cl\u0103dirii.<\/p>\n<p>Totodat\u0103, \u00een proiect sunt incluse interven\u021bii esen\u021biale pentru cre\u0219terea siguran\u021bei \u0219i a accesibilit\u0103\u021bii: instalarea unui lift adaptat\u00a0 transportului pacien\u021bilor pe targ\u0103 \u0219i construirea unei sc\u0103ri pentru evacuarea rapid\u0103 \u00een situa\u021bii de urgen\u021b\u0103. \u00cen plus, o ramp\u0103 de acces va face cl\u0103direa u\u0219or accesibil\u0103 pentru persoanele cu mobilitate redus\u0103.<\/p>\n<p>Valoarea total\u0103 a proiectului este de aproape 15 milioane de lei (inclusiv TVA), iar lucr\u0103rile sunt estimate la 30 luni.<\/p>\n<p>Proiectul de hot\u0103r\u00e2re de Consiliu Local privind alocarea fondurilor de la bugetul local va fi supus aprob\u0103rii \u00een perioada urm\u0103toare.<\/p>\n<div class=\"sharedaddy sd-sharing-enabled\">\n<div class=\"robots-nocontent sd-block sd-social sd-social-icon-text sd-sharing\">\n<h3 class=\"sd-title\">Partajeaz\u0103 asta:<\/h3>\n<div class=\"sd-content\">\n<ul>\n<li class=\"share-twitter\"><a rel=\"nofollow noopener noreferrer\" data-shared=\"sharing-twitter-39928\" class=\"share-twitter sd-button share-icon\" href=\"https:\/\/focustim.ro\/primaria-timisoara-investeste-aproape-5-milioane-de-lei-in-reabilitarea-termica-a-cladirii-principale-a-spitalului-de-copii\/?share=twitter\" target=\"_blank\" title=\"D\u0103 clic pentru a partaja pe Twitter\"><span>Twitter<\/span><\/a><\/li>\n<li class=\"share-facebook\"><a rel=\"nofollow noopener noreferrer\" data-shared=\"sharing-facebook-39928\" class=\"share-facebook sd-button share-icon\" href=\"https:\/\/focustim.ro\/primaria-timisoara-investeste-aproape-5-milioane-de-lei-in-reabilitarea-termica-a-cladirii-principale-a-spitalului-de-copii\/?share=facebook\" target=\"_blank\" title=\"D\u0103 clic pentru a partaja pe Facebook\"><span>Facebook<\/span><\/a><\/li>\n<li class=\"share-end\"><\/ul>\n<\/div>\n<\/div>\n<\/div>\n<div class=\"sharedaddy sd-block sd-like jetpack-likes-widget-wrapper jetpack-likes-widget-unloaded\" id=\"like-post-wrapper-167025405-39928-69d77c28e45d6\" data-src=\"https:\/\/widgets.wp.com\/likes\/#blog_id=167025405&amp;post_id=39928&amp;origin=focustim.ro&amp;obj_id=167025405-39928-69d77c28e45d6\" data-name=\"like-post-frame-167025405-39928-69d77c28e45d6\" data-title=\"Apreciaz\u0103 sau republic\u0103\">\n<h3 class=\"sd-title\">Apreciaz\u0103:<\/h3>\n<div class=\"likes-widget-placeholder post-likes-widget-placeholder\"><span class=\"button\"><span>Apreciere<\/span><\/span><span class=\"loading\">\u00cencarc&#8230;<\/span><\/div>\n<\/div>\n<\/div>\n<p>[analyse_source url=&#8221;https:\/\/focustim.ro\/primaria-timisoara-investeste-aproape-5-milioane-de-lei-in-reabilitarea-termica-a-cladirii-principale-a-spitalului-de-copii\/&#8221;]<\/p>\n","protected":false},"excerpt":{"rendered":"<p>[analyse_image type=&#8221;featured&#8221; src=&#8221;https:\/\/focustim.ro\/wp-content\/uploads\/2019\/12\/turcanu.jpg&#8221;] ActualitateAdministra\u021bieFeatured Prim\u0103ria Timi\u0219oara investe\u0219te aproape 5 milioane de lei \u00een reabilitarea termic\u0103 a cl\u0103dirii principale a Spitalului de Copii 09\/04\/202609\/04\/20260 Distribuie0 Prim\u0103ria Municipiului Timi\u0219oara asigur\u0103 aproape 5 milioane lei de la bugetul local pentru eficientizarea energetic\u0103 a corpului C1 al Spitalului de Copii \u201eLouis \u021aurcanu\u201d. Fondurile sunt necesare pentru semnarea contractului de [&hellip;]<\/p>\n","protected":false},"author":1,"featured_media":0,"comment_status":"open","ping_status":"","sticky":false,"template":"","format":"standard","meta":{"footnotes":""},"categories":[89],"tags":[226,197],"class_list":["post-1873742","post","type-post","status-publish","format-standard","hentry","category-romania","tag-crawlmanager","tag-focustim-ro"],"_links":{"self":[{"href":"https:\/\/analyse.optim.biz\/index.php?rest_route=\/wp\/v2\/posts\/1873742","targetHints":{"allow":["GET"]}}],"collection":[{"href":"https:\/\/analyse.optim.biz\/index.php?rest_route=\/wp\/v2\/posts"}],"about":[{"href":"https:\/\/analyse.optim.biz\/index.php?rest_route=\/wp\/v2\/types\/post"}],"author":[{"embeddable":true,"href":"https:\/\/analyse.optim.biz\/index.php?rest_route=\/wp\/v2\/users\/1"}],"replies":[{"embeddable":true,"href":"https:\/\/analyse.optim.biz\/index.php?rest_route=%2Fwp%2Fv2%2Fcomments&post=1873742"}],"version-history":[{"count":0,"href":"https:\/\/analyse.optim.biz\/index.php?rest_route=\/wp\/v2\/posts\/1873742\/revisions"}],"wp:attachment":[{"href":"https:\/\/analyse.optim.biz\/index.php?rest_route=%2Fwp%2Fv2%2Fmedia&parent=1873742"}],"wp:term":[{"taxonomy":"category","embeddable":true,"href":"https:\/\/analyse.optim.biz\/index.php?rest_route=%2Fwp%2Fv2%2Fcategories&post=1873742"},{"taxonomy":"post_tag","embeddable":true,"href":"https:\/\/analyse.optim.biz\/index.php?rest_route=%2Fwp%2Fv2%2Ftags&post=1873742"}],"curies":[{"name":"wp","href":"https:\/\/api.w.org\/{rel}","templated":true}]}}