{"id":1873740,"date":"2026-04-08T16:42:34","date_gmt":"2026-04-08T13:42:34","guid":{"rendered":"https:\/\/analyse.optim.biz\/?p=1873740"},"modified":"2026-04-08T16:42:34","modified_gmt":"2026-04-08T13:42:34","slug":"ilie-bolojan-face-declaratii-despre-iesirea-psd-de-la-guvernare-cea-mai-buna-situatie-pentru-romania-este-un-guvern-stabil","status":"publish","type":"post","link":"https:\/\/analyse.optim.biz\/?p=1873740","title":{"rendered":"Ilie Bolojan face declara\u021bii despre ie\u0219irea PSD de la guvernare: Cea mai bun\u0103 situa\u021bie pentru Rom\u00e2nia este un guvern stabil"},"content":{"rendered":"<p>[analyse_image type=&#8221;featured&#8221; src=&#8221;https:\/\/focustim.ro\/wp-content\/uploads\/2025\/10\/ilie-bolojan-.jpg&#8221;]<\/p>\n<article id=\"post-39921\" class=\"penci-single-artcontent noloaddisqus post-39921 post type-post status-publish format-standard has-post-thumbnail hentry category-actualitate category-administratie category-featured tag-ilie-bolojan penci-post-item\">\n<header class=\"entry-header penci-entry-header penci-title-\">\n<div class=\"penci-entry-categories\"><span class=\"penci-cat-links\"><a href=\"https:\/\/focustim.ro\/category\/actualitate\/\" rel=\"category tag\">Actualitate<\/a><a href=\"https:\/\/focustim.ro\/category\/administratie\/\" rel=\"category tag\">Administra\u021bie<\/a><a href=\"https:\/\/focustim.ro\/category\/featured\/\" rel=\"category tag\">Featured<\/a><\/span><\/div>\n<h1 class=\"entry-title penci-entry-title penci-title-\">Ilie Bolojan face declara\u021bii despre ie\u0219irea PSD de la guvernare: Cea mai bun\u0103 situa\u021bie pentru Rom\u00e2nia este un guvern stabil<\/h1>\n<div class=\"entry-meta penci-entry-meta\"><span class=\"entry-meta-item penci-posted-on\"><time class=\"entry-date published\" datetime=\"2026-04-08T19:42:34+03:00\">08\/04\/2026<\/time><time class=\"updated\" datetime=\"2026-04-08T19:42:37+03:00\">08\/04\/2026<\/time><\/span><span class=\"entry-meta-item penci-comment-count\"><a class=\"penci_pmeta-link\" href=\"https:\/\/focustim.ro\/ilie-bolojan-face-declaratii-despre-iesirea-psd-de-la-guvernare-cea-mai-buna-situatie-pentru-romania-este-un-guvern-stabil\/#respond\">0<\/a><\/span><\/div>\n<p><span class=\"penci-social-buttons penci-social-share-footer\"><span class=\"penci-social-share-text\">Distribuie<\/span><a href=\"https:\/\/focustim.ro\/ilie-bolojan-face-declaratii-despre-iesirea-psd-de-la-guvernare-cea-mai-buna-situatie-pentru-romania-este-un-guvern-stabil\/\" class=\"penci-post-like penci_post-meta_item  single-like-button penci-social-item like\" data-post_id=\"39921\" title=\"Like\" data-like=\"Like\" data-unlike=\"Unlike\"><span class=\"penci-share-number\">0<\/span><\/a><\/span><\/header>\n<div class=\"entry-media penci-entry-media\">\n<div class=\"post-format-meta \">\n<div class=\"post-image penci-standard-format\"><img decoding=\"async\" width=\"960\" height=\"539\" src=\"https:\/\/focustim.ro\/wp-content\/uploads\/2025\/10\/ilie-bolojan--960x539.jpg\" class=\"attachment-penci-thumb-960-auto size-penci-thumb-960-auto wp-post-image\" alt loading=\"lazy\"><\/div>\n<\/div>\n<\/div>\n<div class=\"penci-entry-content entry-content\">\n<p><strong>Premierul Ilie Bolojan comenteaz\u0103 posibiliatatea ca PSD s\u0103 ias\u0103 de la guvernare dup\u0103 data de 20 aprilie, atunci c\u00e2nd partidul are o consultare.<\/strong><\/p>\n<p>\u201dSunt premierul Rom\u00e2niei, am o responsabilitate, \u00een aceast\u0103 calitate, \u015fi fac ceea ce \u0163ine de mine pentru a onora aceast\u0103 responsabilitate, \u00een serviciul \u0163\u0103rii noastre\u201d, a declarat premierul Ilie Bolojan, \u00eentrebat despre decizia a\u015fteptat\u0103 la PSD pe 20 aprilie, privind r\u0103m\u00e2nerea sau ie\u015firea de la guvernare \u015fi dac\u0103 ia \u00een calcul o demisie.<\/p>\n<p>\u201dCea mai bun\u0103 situa\u0163ie pentru Rom\u00e2nia \u00een aceast\u0103 perioad\u0103 este s\u0103 aib\u0103 un guvern care se bazeaz\u0103 pe o majoritate parlamentar\u0103 stabil\u0103\u201d.<\/p>\n<p>\u201dOrice alte ipoteze de lucru, sigur, pot fi discutate ipotetic, dar nu sunt cele mai bune solu\u0163ii pentru Rom\u00e2nia\u201d, a mai spus premierul Ilie Bolojan.<\/p>\n<div class=\"sharedaddy sd-sharing-enabled\">\n<div class=\"robots-nocontent sd-block sd-social sd-social-icon-text sd-sharing\">\n<h3 class=\"sd-title\">Partajeaz\u0103 asta:<\/h3>\n<div class=\"sd-content\">\n<ul>\n<li class=\"share-twitter\"><a rel=\"nofollow noopener noreferrer\" data-shared=\"sharing-twitter-39921\" class=\"share-twitter sd-button share-icon\" href=\"https:\/\/focustim.ro\/ilie-bolojan-face-declaratii-despre-iesirea-psd-de-la-guvernare-cea-mai-buna-situatie-pentru-romania-este-un-guvern-stabil\/?share=twitter\" target=\"_blank\" title=\"D\u0103 clic pentru a partaja pe Twitter\"><span>Twitter<\/span><\/a><\/li>\n<li class=\"share-facebook\"><a rel=\"nofollow noopener noreferrer\" data-shared=\"sharing-facebook-39921\" class=\"share-facebook sd-button share-icon\" href=\"https:\/\/focustim.ro\/ilie-bolojan-face-declaratii-despre-iesirea-psd-de-la-guvernare-cea-mai-buna-situatie-pentru-romania-este-un-guvern-stabil\/?share=facebook\" target=\"_blank\" title=\"D\u0103 clic pentru a partaja pe Facebook\"><span>Facebook<\/span><\/a><\/li>\n<li class=\"share-end\"><\/ul>\n<\/div>\n<\/div>\n<\/div>\n<div class=\"sharedaddy sd-block sd-like jetpack-likes-widget-wrapper jetpack-likes-widget-unloaded\" id=\"like-post-wrapper-167025405-39921-69d77f1cf2d21\" data-src=\"https:\/\/widgets.wp.com\/likes\/#blog_id=167025405&amp;post_id=39921&amp;origin=focustim.ro&amp;obj_id=167025405-39921-69d77f1cf2d21\" data-name=\"like-post-frame-167025405-39921-69d77f1cf2d21\" data-title=\"Apreciaz\u0103 sau republic\u0103\">\n<h3 class=\"sd-title\">Apreciaz\u0103:<\/h3>\n<div class=\"likes-widget-placeholder post-likes-widget-placeholder\"><span class=\"button\"><span>Apreciere<\/span><\/span><span class=\"loading\">\u00cencarc&#8230;<\/span><\/div>\n<\/div>\n<\/div>\n<footer class=\"penci-entry-footer\">\n<div class=\"penci-source-via-tags-wrap\"><span class=\"tags-links penci-tags-links\"><a href=\"https:\/\/focustim.ro\/tag\/ilie-bolojan\/\" rel=\"tag\">Ilie Bolojan<\/a><\/span><\/div>\n<p><span class=\"penci-social-buttons penci-social-share-footer\"><span class=\"penci-social-share-text\">Distribuie<\/span><a href=\"https:\/\/focustim.ro\/ilie-bolojan-face-declaratii-despre-iesirea-psd-de-la-guvernare-cea-mai-buna-situatie-pentru-romania-este-un-guvern-stabil\/\" class=\"penci-post-like penci_post-meta_item  single-like-button penci-social-item like\" data-post_id=\"39921\" title=\"Like\" data-like=\"Like\" data-unlike=\"Unlike\"><span class=\"penci-share-number\">0<\/span><\/a><\/span><\/footer>\n<\/article>\n<div class=\"penci-entry-content entry-content\">\n<p><strong>Premierul Ilie Bolojan comenteaz\u0103 posibiliatatea ca PSD s\u0103 ias\u0103 de la guvernare dup\u0103 data de 20 aprilie, atunci c\u00e2nd partidul are o consultare.<\/strong><\/p>\n<p>\u201dSunt premierul Rom\u00e2niei, am o responsabilitate, \u00een aceast\u0103 calitate, \u015fi fac ceea ce \u0163ine de mine pentru a onora aceast\u0103 responsabilitate, \u00een serviciul \u0163\u0103rii noastre\u201d, a declarat premierul Ilie Bolojan, \u00eentrebat despre decizia a\u015fteptat\u0103 la PSD pe 20 aprilie, privind r\u0103m\u00e2nerea sau ie\u015firea de la guvernare \u015fi dac\u0103 ia \u00een calcul o demisie.<\/p>\n<p>\u201dCea mai bun\u0103 situa\u0163ie pentru Rom\u00e2nia \u00een aceast\u0103 perioad\u0103 este s\u0103 aib\u0103 un guvern care se bazeaz\u0103 pe o majoritate parlamentar\u0103 stabil\u0103\u201d.<\/p>\n<p>\u201dOrice alte ipoteze de lucru, sigur, pot fi discutate ipotetic, dar nu sunt cele mai bune solu\u0163ii pentru Rom\u00e2nia\u201d, a mai spus premierul Ilie Bolojan.<\/p>\n<div class=\"sharedaddy sd-sharing-enabled\">\n<div class=\"robots-nocontent sd-block sd-social sd-social-icon-text sd-sharing\">\n<h3 class=\"sd-title\">Partajeaz\u0103 asta:<\/h3>\n<div class=\"sd-content\">\n<ul>\n<li class=\"share-twitter\"><a rel=\"nofollow noopener noreferrer\" data-shared=\"sharing-twitter-39921\" class=\"share-twitter sd-button share-icon\" href=\"https:\/\/focustim.ro\/ilie-bolojan-face-declaratii-despre-iesirea-psd-de-la-guvernare-cea-mai-buna-situatie-pentru-romania-este-un-guvern-stabil\/?share=twitter\" target=\"_blank\" title=\"D\u0103 clic pentru a partaja pe Twitter\"><span>Twitter<\/span><\/a><\/li>\n<li class=\"share-facebook\"><a rel=\"nofollow noopener noreferrer\" data-shared=\"sharing-facebook-39921\" class=\"share-facebook sd-button share-icon\" href=\"https:\/\/focustim.ro\/ilie-bolojan-face-declaratii-despre-iesirea-psd-de-la-guvernare-cea-mai-buna-situatie-pentru-romania-este-un-guvern-stabil\/?share=facebook\" target=\"_blank\" title=\"D\u0103 clic pentru a partaja pe Facebook\"><span>Facebook<\/span><\/a><\/li>\n<li class=\"share-end\"><\/ul>\n<\/div>\n<\/div>\n<\/div>\n<div class=\"sharedaddy sd-block sd-like jetpack-likes-widget-wrapper jetpack-likes-widget-unloaded\" id=\"like-post-wrapper-167025405-39921-69d77f1cf2d21\" data-src=\"https:\/\/widgets.wp.com\/likes\/#blog_id=167025405&amp;post_id=39921&amp;origin=focustim.ro&amp;obj_id=167025405-39921-69d77f1cf2d21\" data-name=\"like-post-frame-167025405-39921-69d77f1cf2d21\" data-title=\"Apreciaz\u0103 sau republic\u0103\">\n<h3 class=\"sd-title\">Apreciaz\u0103:<\/h3>\n<div class=\"likes-widget-placeholder post-likes-widget-placeholder\"><span class=\"button\"><span>Apreciere<\/span><\/span><span class=\"loading\">\u00cencarc&#8230;<\/span><\/div>\n<\/div>\n<\/div>\n<p>[analyse_source url=&#8221;https:\/\/focustim.ro\/ilie-bolojan-face-declaratii-despre-iesirea-psd-de-la-guvernare-cea-mai-buna-situatie-pentru-romania-este-un-guvern-stabil\/&#8221;]<\/p>\n","protected":false},"excerpt":{"rendered":"<p>[analyse_image type=&#8221;featured&#8221; src=&#8221;https:\/\/focustim.ro\/wp-content\/uploads\/2025\/10\/ilie-bolojan-.jpg&#8221;] ActualitateAdministra\u021bieFeatured Ilie Bolojan face declara\u021bii despre ie\u0219irea PSD de la guvernare: Cea mai bun\u0103 situa\u021bie pentru Rom\u00e2nia este un guvern stabil 08\/04\/202608\/04\/20260 Distribuie0 Premierul Ilie Bolojan comenteaz\u0103 posibiliatatea ca PSD s\u0103 ias\u0103 de la guvernare dup\u0103 data de 20 aprilie, atunci c\u00e2nd partidul are o consultare. \u201dSunt premierul Rom\u00e2niei, am o responsabilitate, [&hellip;]<\/p>\n","protected":false},"author":1,"featured_media":0,"comment_status":"open","ping_status":"","sticky":false,"template":"","format":"standard","meta":{"footnotes":""},"categories":[89],"tags":[226,197],"class_list":["post-1873740","post","type-post","status-publish","format-standard","hentry","category-romania","tag-crawlmanager","tag-focustim-ro"],"_links":{"self":[{"href":"https:\/\/analyse.optim.biz\/index.php?rest_route=\/wp\/v2\/posts\/1873740","targetHints":{"allow":["GET"]}}],"collection":[{"href":"https:\/\/analyse.optim.biz\/index.php?rest_route=\/wp\/v2\/posts"}],"about":[{"href":"https:\/\/analyse.optim.biz\/index.php?rest_route=\/wp\/v2\/types\/post"}],"author":[{"embeddable":true,"href":"https:\/\/analyse.optim.biz\/index.php?rest_route=\/wp\/v2\/users\/1"}],"replies":[{"embeddable":true,"href":"https:\/\/analyse.optim.biz\/index.php?rest_route=%2Fwp%2Fv2%2Fcomments&post=1873740"}],"version-history":[{"count":0,"href":"https:\/\/analyse.optim.biz\/index.php?rest_route=\/wp\/v2\/posts\/1873740\/revisions"}],"wp:attachment":[{"href":"https:\/\/analyse.optim.biz\/index.php?rest_route=%2Fwp%2Fv2%2Fmedia&parent=1873740"}],"wp:term":[{"taxonomy":"category","embeddable":true,"href":"https:\/\/analyse.optim.biz\/index.php?rest_route=%2Fwp%2Fv2%2Fcategories&post=1873740"},{"taxonomy":"post_tag","embeddable":true,"href":"https:\/\/analyse.optim.biz\/index.php?rest_route=%2Fwp%2Fv2%2Ftags&post=1873740"}],"curies":[{"name":"wp","href":"https:\/\/api.w.org\/{rel}","templated":true}]}}