{"id":1873739,"date":"2026-04-08T16:45:33","date_gmt":"2026-04-08T13:45:33","guid":{"rendered":"https:\/\/analyse.optim.biz\/?p=1873739"},"modified":"2026-04-08T16:45:33","modified_gmt":"2026-04-08T13:45:33","slug":"au-inceput-lucrarile-de-asfaltare-a-drumului-care-leaga-timisoara-de-sanandrei","status":"publish","type":"post","link":"https:\/\/analyse.optim.biz\/?p=1873739","title":{"rendered":"Au \u00eenceput lucr\u0103rile de asfaltare a drumului care leag\u0103 Timi\u0219oara de S\u00e2nandrei"},"content":{"rendered":"<p>[analyse_image type=&#8221;featured&#8221; src=&#8221;https:\/\/focustim.ro\/wp-content\/uploads\/2026\/04\/simonis.jpg&#8221;]<\/p>\n<article id=\"post-39923\" class=\"penci-single-artcontent noloaddisqus post-39923 post type-post status-publish format-standard has-post-thumbnail hentry category-actualitate category-administratie category-featured tag-alfred-simonis tag-asfalt penci-post-item\">\n<header class=\"entry-header penci-entry-header penci-title-\">\n<div class=\"penci-entry-categories\"><span class=\"penci-cat-links\"><a href=\"https:\/\/focustim.ro\/category\/actualitate\/\" rel=\"category tag\">Actualitate<\/a><a href=\"https:\/\/focustim.ro\/category\/administratie\/\" rel=\"category tag\">Administra\u021bie<\/a><a href=\"https:\/\/focustim.ro\/category\/featured\/\" rel=\"category tag\">Featured<\/a><\/span><\/div>\n<h1 class=\"entry-title penci-entry-title penci-title-\">Au \u00eenceput lucr\u0103rile de asfaltare a drumului care leag\u0103 Timi\u0219oara de S\u00e2nandrei<\/h1>\n<div class=\"entry-meta penci-entry-meta\"><span class=\"entry-meta-item penci-posted-on\"><time class=\"entry-date published\" datetime=\"2026-04-08T19:45:33+03:00\">08\/04\/2026<\/time><time class=\"updated\" datetime=\"2026-04-08T19:57:52+03:00\">08\/04\/2026<\/time><\/span><span class=\"entry-meta-item penci-comment-count\"><a class=\"penci_pmeta-link\" href=\"https:\/\/focustim.ro\/au-inceput-lucrarile-de-asfaltare-a-drumului-care-leaga-timisoara-de-sanandrei\/#respond\">0<\/a><\/span><\/div>\n<p><span class=\"penci-social-buttons penci-social-share-footer\"><span class=\"penci-social-share-text\">Distribuie<\/span><a href=\"https:\/\/focustim.ro\/au-inceput-lucrarile-de-asfaltare-a-drumului-care-leaga-timisoara-de-sanandrei\/\" class=\"penci-post-like penci_post-meta_item  single-like-button penci-social-item like\" data-post_id=\"39923\" title=\"Like\" data-like=\"Like\" data-unlike=\"Unlike\"><span class=\"penci-share-number\">0<\/span><\/a><\/span><\/header>\n<div class=\"entry-media penci-entry-media\">\n<div class=\"post-format-meta \">\n<div class=\"post-image penci-standard-format\"><img decoding=\"async\" width=\"960\" height=\"640\" src=\"https:\/\/focustim.ro\/wp-content\/uploads\/2026\/04\/simonis-960x640.jpg\" class=\"attachment-penci-thumb-960-auto size-penci-thumb-960-auto wp-post-image\" alt loading=\"lazy\"><\/div>\n<\/div>\n<\/div>\n<div class=\"penci-entry-content entry-content\">\n<p><strong>Lucr\u0103rile de asfaltare a drumului care leag\u0103 Timi\u0219oara de S\u00e2nandrei au \u00eenceput ast\u0103zi. Pre\u0219edintele Consiliului Jude\u021bean Timi\u0219 spine c\u0103 lucrurile pe teren se mi\u0219c\u0103 foarte bine.<\/strong><\/p>\n<p>\u201eAst\u0103zi a \u00eenceput turnarea primului strat de asfalt pe drumul care leag\u0103 Timi\u0219oara de comuna S\u00e2nandrei. \u00cen urm\u0103 cu mai pu\u021bin de dou\u0103 luni am dat ordinul de \u00eencepere a lucr\u0103rilor pentru l\u0103rgirea la patru benzi a acestui sector de drum, iar ast\u0103zi constructorul a\u0219terne primul strat de asfalt. Lucrurile se mi\u0219c\u0103 foarte bine aici, se avanseaz\u0103 \u00eentr-un ritm bun \u0219i dac\u0103 p\u0103str\u0103m caden\u021ba putem finaliza lucrarea \u00eenainte de termenul prev\u0103zut \u00een contract. L\u0103rgirea la patru benzi a acestui drum este necesar\u0103 pentru c\u0103 o localitate aflat\u0103 \u00eentr-un amplu proces de dezvoltare, a\u0219a cum e S\u00e2nandrei, are nevoie de o infrastructur\u0103 serioas\u0103. Proiectul prevede, pe l\u00e2ng\u0103 dou\u0103 benzi pe sensul de mers, amenajarea de trotuare, piste de biciclete, \u0219an\u021buri cu rigole sau iluminat public\u201d, a spus Alfred Simonis.<\/p>\n<div class=\"sharedaddy sd-sharing-enabled\">\n<div class=\"robots-nocontent sd-block sd-social sd-social-icon-text sd-sharing\">\n<h3 class=\"sd-title\">Partajeaz\u0103 asta:<\/h3>\n<div class=\"sd-content\">\n<ul>\n<li class=\"share-twitter\"><a rel=\"nofollow noopener noreferrer\" data-shared=\"sharing-twitter-39923\" class=\"share-twitter sd-button share-icon\" href=\"https:\/\/focustim.ro\/au-inceput-lucrarile-de-asfaltare-a-drumului-care-leaga-timisoara-de-sanandrei\/?share=twitter\" target=\"_blank\" title=\"D\u0103 clic pentru a partaja pe Twitter\"><span>Twitter<\/span><\/a><\/li>\n<li class=\"share-facebook\"><a rel=\"nofollow noopener noreferrer\" data-shared=\"sharing-facebook-39923\" class=\"share-facebook sd-button share-icon\" href=\"https:\/\/focustim.ro\/au-inceput-lucrarile-de-asfaltare-a-drumului-care-leaga-timisoara-de-sanandrei\/?share=facebook\" target=\"_blank\" title=\"D\u0103 clic pentru a partaja pe Facebook\"><span>Facebook<\/span><\/a><\/li>\n<li class=\"share-end\"><\/ul>\n<\/div>\n<\/div>\n<\/div>\n<div class=\"sharedaddy sd-block sd-like jetpack-likes-widget-wrapper jetpack-likes-widget-unloaded\" id=\"like-post-wrapper-167025405-39923-69d77f1c09584\" data-src=\"https:\/\/widgets.wp.com\/likes\/#blog_id=167025405&amp;post_id=39923&amp;origin=focustim.ro&amp;obj_id=167025405-39923-69d77f1c09584\" data-name=\"like-post-frame-167025405-39923-69d77f1c09584\" data-title=\"Apreciaz\u0103 sau republic\u0103\">\n<h3 class=\"sd-title\">Apreciaz\u0103:<\/h3>\n<div class=\"likes-widget-placeholder post-likes-widget-placeholder\"><span class=\"button\"><span>Apreciere<\/span><\/span><span class=\"loading\">\u00cencarc&#8230;<\/span><\/div>\n<\/div>\n<\/div>\n<footer class=\"penci-entry-footer\">\n<div class=\"penci-source-via-tags-wrap\"><span class=\"tags-links penci-tags-links\"><a href=\"https:\/\/focustim.ro\/tag\/alfred-simonis\/\" rel=\"tag\">Alfred Simonis<\/a><a href=\"https:\/\/focustim.ro\/tag\/asfalt\/\" rel=\"tag\">asfalt<\/a><\/span><\/div>\n<p><span class=\"penci-social-buttons penci-social-share-footer\"><span class=\"penci-social-share-text\">Distribuie<\/span><a href=\"https:\/\/focustim.ro\/au-inceput-lucrarile-de-asfaltare-a-drumului-care-leaga-timisoara-de-sanandrei\/\" class=\"penci-post-like penci_post-meta_item  single-like-button penci-social-item like\" data-post_id=\"39923\" title=\"Like\" data-like=\"Like\" data-unlike=\"Unlike\"><span class=\"penci-share-number\">0<\/span><\/a><\/span><\/footer>\n<\/article>\n<div class=\"penci-entry-content entry-content\">\n<p><strong>Lucr\u0103rile de asfaltare a drumului care leag\u0103 Timi\u0219oara de S\u00e2nandrei au \u00eenceput ast\u0103zi. Pre\u0219edintele Consiliului Jude\u021bean Timi\u0219 spine c\u0103 lucrurile pe teren se mi\u0219c\u0103 foarte bine.<\/strong><\/p>\n<p>\u201eAst\u0103zi a \u00eenceput turnarea primului strat de asfalt pe drumul care leag\u0103 Timi\u0219oara de comuna S\u00e2nandrei. \u00cen urm\u0103 cu mai pu\u021bin de dou\u0103 luni am dat ordinul de \u00eencepere a lucr\u0103rilor pentru l\u0103rgirea la patru benzi a acestui sector de drum, iar ast\u0103zi constructorul a\u0219terne primul strat de asfalt. Lucrurile se mi\u0219c\u0103 foarte bine aici, se avanseaz\u0103 \u00eentr-un ritm bun \u0219i dac\u0103 p\u0103str\u0103m caden\u021ba putem finaliza lucrarea \u00eenainte de termenul prev\u0103zut \u00een contract. L\u0103rgirea la patru benzi a acestui drum este necesar\u0103 pentru c\u0103 o localitate aflat\u0103 \u00eentr-un amplu proces de dezvoltare, a\u0219a cum e S\u00e2nandrei, are nevoie de o infrastructur\u0103 serioas\u0103. Proiectul prevede, pe l\u00e2ng\u0103 dou\u0103 benzi pe sensul de mers, amenajarea de trotuare, piste de biciclete, \u0219an\u021buri cu rigole sau iluminat public\u201d, a spus Alfred Simonis.<\/p>\n<div class=\"sharedaddy sd-sharing-enabled\">\n<div class=\"robots-nocontent sd-block sd-social sd-social-icon-text sd-sharing\">\n<h3 class=\"sd-title\">Partajeaz\u0103 asta:<\/h3>\n<div class=\"sd-content\">\n<ul>\n<li class=\"share-twitter\"><a rel=\"nofollow noopener noreferrer\" data-shared=\"sharing-twitter-39923\" class=\"share-twitter sd-button share-icon\" href=\"https:\/\/focustim.ro\/au-inceput-lucrarile-de-asfaltare-a-drumului-care-leaga-timisoara-de-sanandrei\/?share=twitter\" target=\"_blank\" title=\"D\u0103 clic pentru a partaja pe Twitter\"><span>Twitter<\/span><\/a><\/li>\n<li class=\"share-facebook\"><a rel=\"nofollow noopener noreferrer\" data-shared=\"sharing-facebook-39923\" class=\"share-facebook sd-button share-icon\" href=\"https:\/\/focustim.ro\/au-inceput-lucrarile-de-asfaltare-a-drumului-care-leaga-timisoara-de-sanandrei\/?share=facebook\" target=\"_blank\" title=\"D\u0103 clic pentru a partaja pe Facebook\"><span>Facebook<\/span><\/a><\/li>\n<li class=\"share-end\"><\/ul>\n<\/div>\n<\/div>\n<\/div>\n<div class=\"sharedaddy sd-block sd-like jetpack-likes-widget-wrapper jetpack-likes-widget-unloaded\" id=\"like-post-wrapper-167025405-39923-69d77f1c09584\" data-src=\"https:\/\/widgets.wp.com\/likes\/#blog_id=167025405&amp;post_id=39923&amp;origin=focustim.ro&amp;obj_id=167025405-39923-69d77f1c09584\" data-name=\"like-post-frame-167025405-39923-69d77f1c09584\" data-title=\"Apreciaz\u0103 sau republic\u0103\">\n<h3 class=\"sd-title\">Apreciaz\u0103:<\/h3>\n<div class=\"likes-widget-placeholder post-likes-widget-placeholder\"><span class=\"button\"><span>Apreciere<\/span><\/span><span class=\"loading\">\u00cencarc&#8230;<\/span><\/div>\n<\/div>\n<\/div>\n<p>[analyse_source url=&#8221;https:\/\/focustim.ro\/au-inceput-lucrarile-de-asfaltare-a-drumului-care-leaga-timisoara-de-sanandrei\/&#8221;]<\/p>\n","protected":false},"excerpt":{"rendered":"<p>[analyse_image type=&#8221;featured&#8221; src=&#8221;https:\/\/focustim.ro\/wp-content\/uploads\/2026\/04\/simonis.jpg&#8221;] ActualitateAdministra\u021bieFeatured Au \u00eenceput lucr\u0103rile de asfaltare a drumului care leag\u0103 Timi\u0219oara de S\u00e2nandrei 08\/04\/202608\/04\/20260 Distribuie0 Lucr\u0103rile de asfaltare a drumului care leag\u0103 Timi\u0219oara de S\u00e2nandrei au \u00eenceput ast\u0103zi. Pre\u0219edintele Consiliului Jude\u021bean Timi\u0219 spine c\u0103 lucrurile pe teren se mi\u0219c\u0103 foarte bine. \u201eAst\u0103zi a \u00eenceput turnarea primului strat de asfalt pe drumul care [&hellip;]<\/p>\n","protected":false},"author":1,"featured_media":0,"comment_status":"open","ping_status":"","sticky":false,"template":"","format":"standard","meta":{"footnotes":""},"categories":[89],"tags":[226,197],"class_list":["post-1873739","post","type-post","status-publish","format-standard","hentry","category-romania","tag-crawlmanager","tag-focustim-ro"],"_links":{"self":[{"href":"https:\/\/analyse.optim.biz\/index.php?rest_route=\/wp\/v2\/posts\/1873739","targetHints":{"allow":["GET"]}}],"collection":[{"href":"https:\/\/analyse.optim.biz\/index.php?rest_route=\/wp\/v2\/posts"}],"about":[{"href":"https:\/\/analyse.optim.biz\/index.php?rest_route=\/wp\/v2\/types\/post"}],"author":[{"embeddable":true,"href":"https:\/\/analyse.optim.biz\/index.php?rest_route=\/wp\/v2\/users\/1"}],"replies":[{"embeddable":true,"href":"https:\/\/analyse.optim.biz\/index.php?rest_route=%2Fwp%2Fv2%2Fcomments&post=1873739"}],"version-history":[{"count":0,"href":"https:\/\/analyse.optim.biz\/index.php?rest_route=\/wp\/v2\/posts\/1873739\/revisions"}],"wp:attachment":[{"href":"https:\/\/analyse.optim.biz\/index.php?rest_route=%2Fwp%2Fv2%2Fmedia&parent=1873739"}],"wp:term":[{"taxonomy":"category","embeddable":true,"href":"https:\/\/analyse.optim.biz\/index.php?rest_route=%2Fwp%2Fv2%2Fcategories&post=1873739"},{"taxonomy":"post_tag","embeddable":true,"href":"https:\/\/analyse.optim.biz\/index.php?rest_route=%2Fwp%2Fv2%2Ftags&post=1873739"}],"curies":[{"name":"wp","href":"https:\/\/api.w.org\/{rel}","templated":true}]}}