{"id":1873723,"date":"2026-04-08T09:54:09","date_gmt":"2026-04-08T06:54:09","guid":{"rendered":"https:\/\/analyse.optim.biz\/?p=1873723"},"modified":"2026-04-08T09:54:09","modified_gmt":"2026-04-08T06:54:09","slug":"adi-managementul-deseurilor-teleorman-a-stabilit-programul-de-colectare-a-deseurilor-in-perioada","status":"publish","type":"post","link":"https:\/\/analyse.optim.biz\/?p=1873723","title":{"rendered":"ADI \u201eManagementul De\u0219eurilor Teleorman\u201d a stabilit programul de colectare a de\u0219eurilor \u00een perioada"},"content":{"rendered":"<p>[analyse_image type=&#8221;featured&#8221; src=&#8221;https:\/\/liberinteleorman.ro\/wp-content\/uploads\/2026\/04\/Colectare-deseuri-si-mesaj-important.png&#8221;]<\/p>\n<div class=\"entry-content single56__content single56__post_content single56__body_area\">\n<p>Asocia\u021bia de Dezvoltare Intercomunitar\u0103 \u201eManagementul De\u0219eurilor Teleorman\u201d informeaz\u0103 cet\u0103\u021benii c\u0103 programul de colectare \u0219i transport al de\u0219eurilor se va desf\u0103\u0219ura conform graficului obi\u0219nuit, f\u0103r\u0103 modific\u0103ri, \u00een toate localit\u0103\u021bile membre.<\/p>\n<p><strong>Excep\u021bie:<\/strong><\/p>\n<p><strong>\u00cen ziua de duminic\u0103, 12 aprilie 2026, activitatea de colectare \u0219i transport a de\u0219eurilor nu se va desf\u0103\u0219ura, aceasta fiind zi liber\u0103 legal\u0103, conform prevederilor Codului Muncii.<\/strong><\/p>\n<p>\u00cencep\u00e2nd cu zilele urm\u0103toare, activitatea va fi reluat\u0103 \u0219i se va desf\u0103\u0219ura conform programului stabilit.<\/p>\n<p>Recomand\u0103m cet\u0103\u021benilor s\u0103 \u021bin\u0103 cont de aceast\u0103 modificare punctual\u0103 \u0219i s\u0103 respecte \u00een continuare programul de colectare aferent fiec\u0103rei zone.<\/p>\n<p><strong>Totodat\u0103, facem apel c\u0103tre to\u021bi cet\u0103\u021benii s\u0103 se implice activ \u00een protejarea mediului:<\/strong><\/p>\n<p><strong>Totul \u00eencepe cu tine!<\/strong><\/p>\n<p><strong>Separ\u0103 de\u0219eurile la surs\u0103 \u0219i transform\u0103 un gest simplu \u00eentr-un pas important pentru un viitor mai curat. <\/strong><\/p>\n<p>V\u0103 mul\u021bumim pentru \u00een\u021belegere \u0219i pentru implicarea \u00een men\u021binerea unui mediu curat!<\/p>\n<p>A<strong>socia\u021bia de Dezvoltare Intercomunitar\u0103 \u201eManagementul De\u0219eurilor Teleorman\u201d<\/strong><\/p>\n<\/div>\n<p>[analyse_source url=&#8221;https:\/\/liberinteleorman.ro\/adi-managementul-deseurilor-teleorman-a-stabilit-programul-de-colectare-a-deseurilor-in-perioada-sarbatorilor-pascale\/&#8221;]<\/p>\n","protected":false},"excerpt":{"rendered":"<p>[analyse_image type=&#8221;featured&#8221; src=&#8221;https:\/\/liberinteleorman.ro\/wp-content\/uploads\/2026\/04\/Colectare-deseuri-si-mesaj-important.png&#8221;] Asocia\u021bia de Dezvoltare Intercomunitar\u0103 \u201eManagementul De\u0219eurilor Teleorman\u201d informeaz\u0103 cet\u0103\u021benii c\u0103 programul de colectare \u0219i transport al de\u0219eurilor se va desf\u0103\u0219ura conform graficului obi\u0219nuit, f\u0103r\u0103 modific\u0103ri, \u00een toate localit\u0103\u021bile membre. Excep\u021bie: \u00cen ziua de duminic\u0103, 12 aprilie 2026, activitatea de colectare \u0219i transport a de\u0219eurilor nu se va desf\u0103\u0219ura, aceasta fiind zi liber\u0103 [&hellip;]<\/p>\n","protected":false},"author":1,"featured_media":0,"comment_status":"open","ping_status":"","sticky":false,"template":"","format":"standard","meta":{"footnotes":""},"categories":[89],"tags":[226,181],"class_list":["post-1873723","post","type-post","status-publish","format-standard","hentry","category-romania","tag-crawlmanager","tag-liberinteleorman-ro"],"_links":{"self":[{"href":"https:\/\/analyse.optim.biz\/index.php?rest_route=\/wp\/v2\/posts\/1873723","targetHints":{"allow":["GET"]}}],"collection":[{"href":"https:\/\/analyse.optim.biz\/index.php?rest_route=\/wp\/v2\/posts"}],"about":[{"href":"https:\/\/analyse.optim.biz\/index.php?rest_route=\/wp\/v2\/types\/post"}],"author":[{"embeddable":true,"href":"https:\/\/analyse.optim.biz\/index.php?rest_route=\/wp\/v2\/users\/1"}],"replies":[{"embeddable":true,"href":"https:\/\/analyse.optim.biz\/index.php?rest_route=%2Fwp%2Fv2%2Fcomments&post=1873723"}],"version-history":[{"count":0,"href":"https:\/\/analyse.optim.biz\/index.php?rest_route=\/wp\/v2\/posts\/1873723\/revisions"}],"wp:attachment":[{"href":"https:\/\/analyse.optim.biz\/index.php?rest_route=%2Fwp%2Fv2%2Fmedia&parent=1873723"}],"wp:term":[{"taxonomy":"category","embeddable":true,"href":"https:\/\/analyse.optim.biz\/index.php?rest_route=%2Fwp%2Fv2%2Fcategories&post=1873723"},{"taxonomy":"post_tag","embeddable":true,"href":"https:\/\/analyse.optim.biz\/index.php?rest_route=%2Fwp%2Fv2%2Ftags&post=1873723"}],"curies":[{"name":"wp","href":"https:\/\/api.w.org\/{rel}","templated":true}]}}