{"id":1873721,"date":"2026-04-07T18:22:03","date_gmt":"2026-04-07T15:22:03","guid":{"rendered":"https:\/\/analyse.optim.biz\/?p=1873721"},"modified":"2026-04-07T18:22:03","modified_gmt":"2026-04-07T15:22:03","slug":"judetul-teleorman-devine-destinatie-ecoturistica-110-kilometri-ai-traseului-via-danubiana-leaga-acum-50-de","status":"publish","type":"post","link":"https:\/\/analyse.optim.biz\/?p=1873721","title":{"rendered":"Jude\u021bul Teleorman devine destina\u021bie ecoturistic\u0103. 110 kilometri ai traseului Via Danubiana leag\u0103 acum 50 de"},"content":{"rendered":"<p>[analyse_image type=&#8221;featured&#8221; src=&#8221;https:\/\/liberinteleorman.ro\/wp-content\/uploads\/2026\/04\/Igienizare-Zimnicea-Via-Danubiana-1024&#215;683.jpg&#8221;]<\/p>\n<div class=\"entry-content single56__content single56__post_content single56__body_area\">\n<p class=\"MsoNormal\" align=\"justify\"><span><span>\u25cf<span>\u00a0<\/span><\/span><\/span><b><span dir=\"LTR\">Seria de evenimente \u2013 care a reunit peste 200 de membri ai comunit\u0103\u021bilor locale, reprezentan\u021bi ai institu\u021biilor publice, speciali\u0219ti, pres\u0103 \u0219i influenceri \u2013 a marcat finalizarea traseului \u00een jude\u021bul Teleorman<\/span><\/b><\/p>\n<p class=\"MsoNormal\" align=\"justify\"><span><span>\u25cf<span>\u00a0<\/span><\/span><\/span><b><span dir=\"LTR\">La doi ani de la demarare, Via Danubiana traverseaz\u0103 jude\u021bele Giurgiu \u0219i Teleorman pe o lungime total\u0103 de 182 km<\/span><\/b><\/p>\n<p class=\"MsoNormal\" align=\"justify\"><span><span>\u25cf<span>\u00a0<\/span><\/span><\/span><b><span dir=\"LTR\">Evenimentul de la Suhaia, din 4 aprilie 2026, a inclus inaugurarea celei de-a \u0219aptea borne de pe traseu<\/span><\/b><\/p>\n<p class=\"MsoNormal\" align=\"justify\"><span><span>\u25cf<span>\u00a0<\/span><\/span><\/span><b><span dir=\"LTR\">Traseul va fi extins cu \u00eenc\u0103 100 km \u00een jude\u021bul C\u0103l\u0103ra\u0219i p\u00e2n\u0103 la finalul anului 2026<\/span><\/b><\/p>\n<p class=\"MsoNormal\" align=\"justify\"><span><a href=\"https:\/\/maimultverde.ro\" target=\"_blank\" rel=\"noopener\"><b><u><span dir=\"LTR\">Asocia\u021bia MaiMultVerde<\/span><\/u><\/b><\/a><\/span><span dir=\"LTR\">\u00a0anun\u021b\u0103 finalizarea ac\u021biunilor de marcare a traseului ecoturistic <\/span><span><a href=\"https:\/\/viadanubiana.ro\" target=\"_blank\" rel=\"noopener\"><b><u><span dir=\"LTR\">Via Danubiana<\/span><\/u><\/b><\/a><\/span><span dir=\"LTR\">\u00a0\u00een jude\u021bul Teleorman \u0219i lansarea <\/span><span><a href=\"https:\/\/viadanubiana.ro\/wp-content\/uploads\/2026\/01\/VD-Ghidul-calatorului-Teleorman-v9.pdf\" target=\"_blank\" rel=\"noopener\"><b><u><span dir=\"LTR\">Ghidului C\u0103l\u0103torului<\/span><\/u><\/b><\/a><\/span><b><span dir=\"LTR\">\u00a0<\/span><\/b><span dir=\"LTR\">pe Via Danubiana \u00een jude\u021bul Teleorman. Anun\u021bul a fost f\u0103cut <\/span><b><span dir=\"LTR\">s\u00e2mb\u0103t\u0103<\/span><\/b><span dir=\"LTR\">, <\/span><b><span dir=\"LTR\">4 aprilie 2026<\/span><\/b><span dir=\"LTR\">, \u00een cadrul unui eveniment de explorare organizat \u00een zona Suhaia, unde a fost inaugurat\u0103 cea de-a \u0219aptea born\u0103 de pe traseu.<\/span><span dir=\"LTR\">La doi ani de la demararea proiectului, Via Danubiana traverseaz\u0103 \u00een prezent jude\u021bele Giurgiu \u0219i Teleorman pe o lungime total\u0103 de <\/span><b><span dir=\"LTR\">182 de kilometri<\/span><\/b><span dir=\"LTR\">, iar p\u00e2n\u0103 la finalul anului 2026 traseul va fi extins cu <\/span><b><span dir=\"LTR\">\u00eenc\u0103 100 de kilometri<\/span><\/b><span dir=\"LTR\">, \u00een jude\u021bul C\u0103l\u0103ra\u0219i. P\u00e2n\u0103 \u00een prezent, implementarea Via Danubiana a fost finan\u021bat\u0103 exclusiv din fonduri private.<\/span><\/p>\n<p class=\"MsoNormal\" align=\"justify\"><b><span dir=\"LTR\">Via Danubiana este o ini\u021biativ\u0103 a Asocia\u021biei MaiMultVerde<\/span><\/b><span dir=\"LTR\">\u00a0care vizeaz\u0103 amenajarea unui traseu ecoturistic de 1.075 de kilometri de-a lungul Dun\u0103rii, de la Bazia\u0219 la Sulina, prin cele dou\u0103sprezece jude\u021be riverane, cu <\/span><b><span dir=\"LTR\">obiectivul de a fi integrat \u00een ruta EuroVelo 6<\/span><\/b><span dir=\"LTR\">, care leag\u0103 Oceanul Atlantic de Marea Neagr\u0103. Proiectul urm\u0103re\u0219te stimularea dezvolt\u0103rii comunit\u0103\u021bilor locale prin valorificarea sustenabil\u0103 a patrimoniului natural, social, istoric \u0219i cultural.<\/span><\/p>\n<p class=\"MsoNormal\" align=\"justify\"><b><span dir=\"LTR\">Teleorman<\/span><\/b><span dir=\"LTR\">\u00a0este al doilea jude\u021b traversat de Via Danubiana, pe o lungime de 110 km, \u00eentre Islaz \u0219i Pietro\u0219ani, unde traseul se conecteaz\u0103 cu cei 72 de kilometri marca\u021bi anterior \u00een jude\u021bul Giurgiu. \u00cen aceast\u0103 zon\u0103 au fost identificate, documentate \u0219i incluse \u00een ghid <\/span><b><span dir=\"LTR\">50 de obiective naturale, istorice \u0219i culturale<\/span><\/b><span dir=\"LTR\">.<\/span><\/p>\n<p>Deoarece <span dir=\"LTR\">Dun\u0103rea traverseaz\u0103 numeroase arii naturale protejate \u0219i habitate sensibile, <\/span><i><span dir=\"LTR\">proiectul pune accent pe echilibrul dintre acces \u0219i conservare<\/span><\/i><span dir=\"LTR\">\u00a0\u0219i promoveaz\u0103 dezvoltarea unui turism lent, non-invaziv. Traseul este semnalizat prin marcaje \u0219i indicatoare discrete, amplasate pe drumuri existente \u2014 pe diguri, \u00een apropierea apei sau prin zone naturale \u2014 \u0219i este g\u00e2ndit pentru a fi parcurs pe jos, cu bicicleta sau cu caiacul.<\/span><span dir=\"LTR\"><font face=\"Times New Roman\">\u201e<\/font><\/span><i><span dir=\"LTR\">Via Danubiana nu este doar un traseu, ci un mod de a redescoperi rela\u021bia cu Dun\u0103rea. Biodiversitatea \u0219i patrimoniul cultural pot genera valoare real\u0103 pentru comunit\u0103\u021bi, dac\u0103 sunt \u00een\u021belese \u0219i protejate.<\/span><\/i><span dir=\"LTR\"><font face=\"Times New Roman\">\u201d<\/font><\/span><span dir=\"LTR\"><font face=\"Times New Roman\">\u2014 Doru Mitrana, pre\u0219edintele Asocia\u021biei MaiMultVerde<\/font><\/span>. <\/p>\n<p><b><span dir=\"LTR\">Implicarea comunit\u0103\u021bilor \u0219i evenimente locale<\/span><\/b><\/p>\n<p><span dir=\"LTR\">Finalizarea traseului \u00een Teleorman a fost marcat\u0103 <\/span><b><span dir=\"LTR\">printr<\/span><\/b><span dir=\"LTR\">\u2013<\/span><b><span dir=\"LTR\">o serie de evenimente<\/span><\/b><span dir=\"LTR\">\u00a0desf\u0103\u0219urate \u00eempreun\u0103 cu comunit\u0103\u021bile locale din Islaz, Turnu M\u0103gurele, Zimnicea \u0219i Suhaia. Cel mai recent dintre acestea a avut loc pe<\/span><b><span dir=\"LTR\">\u00a04 aprilie<\/span><\/b><span dir=\"LTR\">, \u00een zona Suhaia, \u0219i a inclus un tur de explorare care a adus \u00een prim-plan <\/span><span><a href=\"https:\/\/biodiversity.europa.eu\/sites\/natura2000\/ROSPA0102\" target=\"_blank\" rel=\"noopener\"><u><span dir=\"LTR\">aria natural\u0103 protejat\u0103 <\/span><\/u><\/a><\/span><span dir=\"LTR\">din jurul lacului, microdelta C\u0103lm\u0103\u021bui \u0219i conexiunea acesteia cu Dun\u0103rea. Experien\u021ba, ghidat\u0103 de speciali\u0219ti \u00een biodiversitate \u0219i dezvoltare comunitar\u0103, a inclus vizite \u00een teren \u0219i s-a \u00eencheiat cu o mas\u0103 cu specific local.<\/span><\/p>\n<p><span dir=\"LTR\">La eveniment au participat reprezentan\u021bi ai institu\u021biilor publice, inclusiv ai Ministerului Mediului, Apelor \u0219i P\u0103durilor \u0219i ai Administra\u021biei Preziden\u021biale, al\u0103turi de speciali\u0219ti, pres\u0103 \u0219i creatori de con\u021binut, contribuind la o discu\u021bie aplicat\u0103 despre rolul proiectului \u00een dezvoltarea durabil\u0103 a comunit\u0103\u021bilor locale.<\/span><\/p>\n<p><span dir=\"LTR\">Seria de evenimente, care a reunit peste <\/span><b><span dir=\"LTR\">200 de membri ai comunit\u0103\u021bilor locale, reprezentan\u021bi ai institu\u021biilor publice, exper\u021bi \u0219i invita\u021bi,<\/span><\/b><span dir=\"LTR\">\u00a0a debutat \u00een octombrie 2025 cu explorarea pe biciclete a traseului Islaz \u2013 Plaja G\u00e2rcov, prin Balta Geraiului, parte din Situl de Importan\u021b\u0103 Comunitar\u0103 Corabia \u2013 Turnu M\u0103gurele, \u0219i a continuat cu \u00eentoarcerea pe Dun\u0103re, cu caiacele, pe l\u00e2ng\u0103 insula Calnov\u0103\u021b (Ostrovul Mare), p\u00e2n\u0103 la confluen\u021ba Olt \u2013 Dun\u0103re. <\/span><span dir=\"LTR\">Au urmat \u00eent\u00e2lniri de lucru la nivel local, precum \u0219i evenimente deschise publicului, inclusiv plimbarea cu bicicleta de la Turnu M\u0103gurele (<\/span><b><span dir=\"LTR\">14 martie<\/span><\/b><span dir=\"LTR\">) \u0219i ac\u021biunea de igienizare de la Zimnicea (<\/span><b><span dir=\"LTR\">20 martie<\/span><\/b><span dir=\"LTR\">), completate de explor\u0103ri pe ap\u0103 \u0219i pe traseele din proximitate. Deplas\u0103rile cu caiacul din cadrul proiectului \u0219i siguran\u021ba pe ap\u0103 a participan\u021bilor au fost asigurate de <\/span><span><a href=\"https:\/\/www.kayakchampions.ro\" target=\"_blank\" rel=\"noopener\"><u><span dir=\"LTR\">Kayak Champions<\/span><\/u><\/a><\/span><span dir=\"LTR\">.<\/span><\/p>\n<p><b><span dir=\"LTR\">Evenimentele au avut rolul de a conecta comunit\u0103\u021bile locale \u0219i vizitatorii la valorile \u0219i oportunit\u0103\u021bile Via Danubiana, de a \u00eencuraja implicarea \u00een conservarea ecosistemelor \u0219i de a sus\u021bine dezvoltarea unor ini\u021biative locale \u00een ecoturism.<\/span><\/b><\/p>\n<p><span dir=\"LTR\">Proiectul a fost implementat \u00een parteneriat cu Consiliul Jude\u021bean Teleorman, cu colaborarea Muzeului Jude\u021bean Teleorman \u0219i a institu\u021biilor din subordinea Ministerului Mediului, Apelor \u0219i P\u0103durilor. Finan\u021barea a fost asigurat\u0103 de Lidl Rom\u00e2nia, partener care sus\u021bine \u0219i extinderea traseului \u00een jude\u021bul C\u0103l\u0103ra\u0219i.<\/span><span dir=\"LTR\">Pentru dezvoltarea pe mai departe a Via Danubiana, ini\u021biatorii proiectului au \u00een vedere atragerea de noi parteneri din mediul privat, precum \u0219i includerea proiectului \u00een programe de finan\u021bare na\u021bionale \u0219i europene. Mai multe informa\u021bii sunt disponibile pe <\/span><span><u><span dir=\"LTR\"><a href=\"http:\/\/www.viadanubiana.ro\/\" target=\"_blank\" rel=\"noopener\">www.viadanubiana.ro<\/a><\/span><\/u><\/span><u>. <\/u><\/p>\n<p><span dir=\"LTR\">Proiectul a fost implementat \u00een parteneriat cu Consiliul Jude\u021bean Teleorman, cu colaborarea Muzeului Jude\u021bean Teleorman \u0219i a direc\u021biilor jude\u021bene ale institu\u021biilor aflate sub autoritatea Ministerului Mediului, Apelor \u0219i P\u0103durilor, respectiv Administra\u021bia Na\u021bional\u0103 \u201eApele Rom\u00e2ne\u201d, Agen\u021bia Na\u021bional\u0103 pentru Arii Naturale Protejate \u0219i Regia Na\u021bional\u0103 a P\u0103durilor \u2013 Romsilva. Finan\u021barea a fost asigurat\u0103 de Lidl Rom\u00e2nia, partener al Asocia\u021biei MaiMultVerde, care sus\u021bine \u0219i extinderea traseului cu \u00eenc\u0103 100 de kilometri \u00een jude\u021bul C\u0103l\u0103ra\u0219i, p\u00e2n\u0103 la finalul anului 2026.<\/span><span dir=\"LTR\">Pentru dezvoltarea \u00een continuare a Via Danubiana, ini\u021biatorii proiectului au \u00een vedere at\u00e2t atragerea de noi parteneri din mediul privat, c\u00e2t \u0219i includerea ini\u021biativei \u00een programe guvernamentale de protec\u021bia mediului \u0219i dezvoltare regional\u0103, precum \u0219i \u00een programe de finan\u021bare europene.<\/span><\/p>\n<figure class=\"wp-block-gallery has-nested-images columns-default is-cropped wp-block-gallery-1 is-layout-flex wp-block-gallery-is-layout-flex\">\n<figure class=\"wp-block-image size-large\"><a href=\"https:\/\/liberinteleorman.ro\/wp-content\/uploads\/2026\/04\/Via-Danubiana-panouri-informative-Doru-Mitrana-Presedintele-MaiMultVerde-scaled.jpg\"><img decoding=\"async\" loading=\"lazy\" width=\"1024\" height=\"683\" data-id=\"42117\" src=\"https:\/\/liberinteleorman.ro\/wp-content\/uploads\/2026\/04\/Via-Danubiana-panouri-informative-Doru-Mitrana-Presedintele-MaiMultVerde-1024x683.jpg\" alt class=\"wp-image-42117\"><\/a><\/figure>\n<figure class=\"wp-block-image size-large\"><a href=\"https:\/\/liberinteleorman.ro\/wp-content\/uploads\/2026\/04\/Eveniment-Turnu-Magurele-14-martie-Via-Danubiana-scaled.jpg\"><img decoding=\"async\" loading=\"lazy\" width=\"1024\" height=\"683\" data-id=\"42118\" src=\"https:\/\/liberinteleorman.ro\/wp-content\/uploads\/2026\/04\/Eveniment-Turnu-Magurele-14-martie-Via-Danubiana-1024x683.jpg\" alt class=\"wp-image-42118\"><\/a><\/figure>\n<figure class=\"wp-block-image size-large\"><a href=\"https:\/\/liberinteleorman.ro\/wp-content\/uploads\/2026\/04\/4-aprilie-Via-Danubiana-Lacul-Suhaia-scaled.jpg\"><img decoding=\"async\" loading=\"lazy\" width=\"1024\" height=\"683\" data-id=\"42119\" src=\"https:\/\/liberinteleorman.ro\/wp-content\/uploads\/2026\/04\/4-aprilie-Via-Danubiana-Lacul-Suhaia-1024x683.jpg\" alt class=\"wp-image-42119\"><\/a><\/figure>\n<\/figure>\n<\/div>\n<p>[analyse_source url=&#8221;https:\/\/liberinteleorman.ro\/judetul-teleorman-devine-destinatie-ecoturistica-110-kilometri-ai-traseului-via-danubiana-leaga-acum-50-de-obiective-naturale-istorice-si-culturale-din-lungul-dunarii\/&#8221;]<\/p>\n","protected":false},"excerpt":{"rendered":"<p>[analyse_image type=&#8221;featured&#8221; src=&#8221;https:\/\/liberinteleorman.ro\/wp-content\/uploads\/2026\/04\/Igienizare-Zimnicea-Via-Danubiana-1024&#215;683.jpg&#8221;] \u25cf\u00a0Seria de evenimente \u2013 care a reunit peste 200 de membri ai comunit\u0103\u021bilor locale, reprezentan\u021bi ai institu\u021biilor publice, speciali\u0219ti, pres\u0103 \u0219i influenceri \u2013 a marcat finalizarea traseului \u00een jude\u021bul Teleorman \u25cf\u00a0La doi ani de la demarare, Via Danubiana traverseaz\u0103 jude\u021bele Giurgiu \u0219i Teleorman pe o lungime total\u0103 de 182 km \u25cf\u00a0Evenimentul de [&hellip;]<\/p>\n","protected":false},"author":1,"featured_media":0,"comment_status":"open","ping_status":"","sticky":false,"template":"","format":"standard","meta":{"footnotes":""},"categories":[89],"tags":[226,181],"class_list":["post-1873721","post","type-post","status-publish","format-standard","hentry","category-romania","tag-crawlmanager","tag-liberinteleorman-ro"],"_links":{"self":[{"href":"https:\/\/analyse.optim.biz\/index.php?rest_route=\/wp\/v2\/posts\/1873721","targetHints":{"allow":["GET"]}}],"collection":[{"href":"https:\/\/analyse.optim.biz\/index.php?rest_route=\/wp\/v2\/posts"}],"about":[{"href":"https:\/\/analyse.optim.biz\/index.php?rest_route=\/wp\/v2\/types\/post"}],"author":[{"embeddable":true,"href":"https:\/\/analyse.optim.biz\/index.php?rest_route=\/wp\/v2\/users\/1"}],"replies":[{"embeddable":true,"href":"https:\/\/analyse.optim.biz\/index.php?rest_route=%2Fwp%2Fv2%2Fcomments&post=1873721"}],"version-history":[{"count":0,"href":"https:\/\/analyse.optim.biz\/index.php?rest_route=\/wp\/v2\/posts\/1873721\/revisions"}],"wp:attachment":[{"href":"https:\/\/analyse.optim.biz\/index.php?rest_route=%2Fwp%2Fv2%2Fmedia&parent=1873721"}],"wp:term":[{"taxonomy":"category","embeddable":true,"href":"https:\/\/analyse.optim.biz\/index.php?rest_route=%2Fwp%2Fv2%2Fcategories&post=1873721"},{"taxonomy":"post_tag","embeddable":true,"href":"https:\/\/analyse.optim.biz\/index.php?rest_route=%2Fwp%2Fv2%2Ftags&post=1873721"}],"curies":[{"name":"wp","href":"https:\/\/api.w.org\/{rel}","templated":true}]}}