{"id":1873720,"date":"2026-04-06T08:19:46","date_gmt":"2026-04-06T05:19:46","guid":{"rendered":"https:\/\/analyse.optim.biz\/?p=1873720"},"modified":"2026-04-06T08:19:46","modified_gmt":"2026-04-06T05:19:46","slug":"atelier-pascal-dedicat-copiilor-la-biblioteca-judeteana-marin-preda-ziarul-liber-in-teleorman","status":"publish","type":"post","link":"https:\/\/analyse.optim.biz\/?p=1873720","title":{"rendered":"Atelier pascal dedicat copiilor, la Biblioteca Jude\u021bean\u0103 \u201eMarin Preda\u201d &#8211; Ziarul Liber in Teleorman"},"content":{"rendered":"<p>[analyse_image type=&#8221;featured&#8221; src=&#8221;https:\/\/liberinteleorman.ro\/wp-content\/uploads\/2026\/04\/afis-Sarbatori-Pascale.jpg&#8221;]<\/p>\n<div class=\"entry-content single56__content single56__post_content single56__body_area\">\n<p>Cu prilejul S\u0103rb\u0103torilor Pascale, Biblioteca Jude\u021bean\u0103 \u201eMarin Preda\u201d Teleorman invit\u0103 publicul t\u00e2n\u0103r la o nou\u0103 experien\u021b\u0103 creativ\u0103 \u0219i educativ\u0103. Miercuri, 8 aprilie 2026, \u00eencep\u00e2nd cu ora 14:00, va avea loc cea de-a doua edi\u021bie a atelierului pascal dedicat copiilor cu v\u00e2rste cuprinse \u00eentre 4 \u0219i 14 ani, intitulat \u201dCulorile iepura\u0219ului fermecat\u201d. Activitatea va fi coordonat\u0103 de doamna Laura Du\u021b\u0103, artist plastic, iar copiii vor avea ocazia s\u0103 \u00ee\u0219i exprime imagina\u021bia prin desen \u0219i s\u0103 realizeze, cu propriile m\u00e2ini, obiecte decorative inspirate din simbolistica S\u0103rb\u0103torilor de Pa\u0219te.<\/p>\n<p>\u00cen completarea atelierului, la Sala de lectur\u0103 a bibliotecii este organizat\u0103 expozi\u021bia de carte tematic\u0103 \u201dPovestea Pa\u0219telui \u00een re\u021bete \u0219i obiceiuri\u201d, care aduce \u00een prim-plan volume dedicate tradi\u021biilor pascale, gastronomiei specifice \u0219i semnifica\u021biilor acestei s\u0103rb\u0103tori.<\/p>\n<p>Biblioteca Jude\u021bean\u0103 \u201dMarin Preda\u201d Teleorman r\u0103m\u00e2ne un spa\u021biu deschis comunit\u0103\u021bii, unde cultura, educa\u021bia \u0219i creativitatea se \u00eent\u00e2lnesc pentru a oferi experien\u021be relevante \u0219i memorabile.<\/p>\n<\/div>\n<p>[analyse_source url=&#8221;https:\/\/liberinteleorman.ro\/atelier-pascal-dedicat-copiilor-la-biblioteca-judeteana-marin-preda\/&#8221;]<\/p>\n","protected":false},"excerpt":{"rendered":"<p>[analyse_image type=&#8221;featured&#8221; src=&#8221;https:\/\/liberinteleorman.ro\/wp-content\/uploads\/2026\/04\/afis-Sarbatori-Pascale.jpg&#8221;] Cu prilejul S\u0103rb\u0103torilor Pascale, Biblioteca Jude\u021bean\u0103 \u201eMarin Preda\u201d Teleorman invit\u0103 publicul t\u00e2n\u0103r la o nou\u0103 experien\u021b\u0103 creativ\u0103 \u0219i educativ\u0103. Miercuri, 8 aprilie 2026, \u00eencep\u00e2nd cu ora 14:00, va avea loc cea de-a doua edi\u021bie a atelierului pascal dedicat copiilor cu v\u00e2rste cuprinse \u00eentre 4 \u0219i 14 ani, intitulat \u201dCulorile iepura\u0219ului fermecat\u201d. Activitatea [&hellip;]<\/p>\n","protected":false},"author":1,"featured_media":0,"comment_status":"open","ping_status":"","sticky":false,"template":"","format":"standard","meta":{"footnotes":""},"categories":[89],"tags":[226,181],"class_list":["post-1873720","post","type-post","status-publish","format-standard","hentry","category-romania","tag-crawlmanager","tag-liberinteleorman-ro"],"_links":{"self":[{"href":"https:\/\/analyse.optim.biz\/index.php?rest_route=\/wp\/v2\/posts\/1873720","targetHints":{"allow":["GET"]}}],"collection":[{"href":"https:\/\/analyse.optim.biz\/index.php?rest_route=\/wp\/v2\/posts"}],"about":[{"href":"https:\/\/analyse.optim.biz\/index.php?rest_route=\/wp\/v2\/types\/post"}],"author":[{"embeddable":true,"href":"https:\/\/analyse.optim.biz\/index.php?rest_route=\/wp\/v2\/users\/1"}],"replies":[{"embeddable":true,"href":"https:\/\/analyse.optim.biz\/index.php?rest_route=%2Fwp%2Fv2%2Fcomments&post=1873720"}],"version-history":[{"count":0,"href":"https:\/\/analyse.optim.biz\/index.php?rest_route=\/wp\/v2\/posts\/1873720\/revisions"}],"wp:attachment":[{"href":"https:\/\/analyse.optim.biz\/index.php?rest_route=%2Fwp%2Fv2%2Fmedia&parent=1873720"}],"wp:term":[{"taxonomy":"category","embeddable":true,"href":"https:\/\/analyse.optim.biz\/index.php?rest_route=%2Fwp%2Fv2%2Fcategories&post=1873720"},{"taxonomy":"post_tag","embeddable":true,"href":"https:\/\/analyse.optim.biz\/index.php?rest_route=%2Fwp%2Fv2%2Ftags&post=1873720"}],"curies":[{"name":"wp","href":"https:\/\/api.w.org\/{rel}","templated":true}]}}