{"id":187356,"date":"2015-01-30T14:38:42","date_gmt":"2015-01-30T11:38:42","guid":{"rendered":"https:\/\/analyse.optim.biz\/?p=187356"},"modified":"2015-01-30T14:38:42","modified_gmt":"2015-01-30T11:38:42","slug":"2014-an-negru-pentru-securitatea-europeana","status":"publish","type":"post","link":"https:\/\/analyse.optim.biz\/?p=187356","title":{"rendered":"2014, an negru pentru securitatea european\u0103"},"content":{"rendered":"<div class=\"entry data-app-meta data-app-meta-article\" data-embed-base-url-canonical=\"https:\/\/www.digi24.ro\/embed\/stiri\/actualitate\/politica\/2014-an-negru-pentru-securitatea-europeana-353651\">\n<p data-index=\"1\"><strong>A spus-o secretarul general NATO, \u00een conferin\u0163a \u00een care a prezentat bilan\u0163ul Alian\u0163ei pentru anul trecut.<\/strong> De altfel, Jens Stoltenberg a declarat c\u0103 situa\u0163ia din estul Ucrainei reprezint\u0103 provocarea momentului pentru aceast\u0103 alian\u0163\u0103 militar\u0103.<\/p>\n<p data-index=\"2\"><strong> Iar una dintre primele m\u0103suri pentru a contracara influen\u0163a Rusiei la grani\u0163ele NATO este construirea de centre de comand\u0103 \u00een \u015fase \u0163\u0103ri aliate, printre care \u015fi Rom\u00e2nia.\u00a0<\/strong><\/p>\n<p data-index=\"3\">\u201e<span><strong>Nu a fost un an bun pentru securitatea european\u0103.<\/strong> De fapt, a fost un an negru. \u00cen sud, extremismul violent este la grani\u0163ele noastre\u201d, a spus Jens Stoltenberg, secretarul general NATO.\u00a0<\/span>\u00cen est, Rusia urmeaz\u0103 o cale periculoas\u0103 odat\u0103 cu folosirea for\u0163ei militare. \u00a0<\/p>\n<p data-index=\"4\">Centrele de comand\u0103 NATO sunt elemente de comand\u0103 \u015fi control care vor fi instalate \u00een Estonia, Letonia, Lituania, Polonia, Rom\u00e2nia \u015fi Bulgaria. Sunt elemente-cheie, fiindc\u0103 reprezint\u0103 leg\u0103tura dintre for\u0163ele na\u0163ionale \u015fi cele ale NATO.<\/p>\n<\/div>\n<p> Source URL: https:\/\/www.digi24.ro\/stiri\/actualitate\/politica\/2014-an-negru-pentru-securitatea-europeana-353651<\/p>\n","protected":false},"excerpt":{"rendered":"<p>A spus-o secretarul general NATO, \u00een conferin\u0163a \u00een care a prezentat bilan\u0163ul Alian\u0163ei pentru anul trecut. De altfel, Jens Stoltenberg a declarat c\u0103 situa\u0163ia din estul Ucrainei reprezint\u0103 provocarea momentului pentru aceast\u0103 alian\u0163\u0103 militar\u0103. Iar una dintre primele m\u0103suri pentru a contracara influen\u0163a Rusiei la grani\u0163ele NATO este construirea de centre de comand\u0103 \u00een \u015fase [&hellip;]<\/p>\n","protected":false},"author":1,"featured_media":187357,"comment_status":"open","ping_status":"","sticky":false,"template":"","format":"standard","meta":{"footnotes":""},"categories":[2],"tags":[11],"class_list":["post-187356","post","type-post","status-publish","format-standard","has-post-thumbnail","hentry","category-politics","tag-digi24"],"_links":{"self":[{"href":"https:\/\/analyse.optim.biz\/index.php?rest_route=\/wp\/v2\/posts\/187356","targetHints":{"allow":["GET"]}}],"collection":[{"href":"https:\/\/analyse.optim.biz\/index.php?rest_route=\/wp\/v2\/posts"}],"about":[{"href":"https:\/\/analyse.optim.biz\/index.php?rest_route=\/wp\/v2\/types\/post"}],"author":[{"embeddable":true,"href":"https:\/\/analyse.optim.biz\/index.php?rest_route=\/wp\/v2\/users\/1"}],"replies":[{"embeddable":true,"href":"https:\/\/analyse.optim.biz\/index.php?rest_route=%2Fwp%2Fv2%2Fcomments&post=187356"}],"version-history":[{"count":0,"href":"https:\/\/analyse.optim.biz\/index.php?rest_route=\/wp\/v2\/posts\/187356\/revisions"}],"wp:featuredmedia":[{"embeddable":true,"href":"https:\/\/analyse.optim.biz\/index.php?rest_route=\/wp\/v2\/media\/187357"}],"wp:attachment":[{"href":"https:\/\/analyse.optim.biz\/index.php?rest_route=%2Fwp%2Fv2%2Fmedia&parent=187356"}],"wp:term":[{"taxonomy":"category","embeddable":true,"href":"https:\/\/analyse.optim.biz\/index.php?rest_route=%2Fwp%2Fv2%2Fcategories&post=187356"},{"taxonomy":"post_tag","embeddable":true,"href":"https:\/\/analyse.optim.biz\/index.php?rest_route=%2Fwp%2Fv2%2Ftags&post=187356"}],"curies":[{"name":"wp","href":"https:\/\/api.w.org\/{rel}","templated":true}]}}