{"id":187309,"date":"2015-01-30T21:28:29","date_gmt":"2015-01-30T18:28:29","guid":{"rendered":"https:\/\/analyse.optim.biz\/?p=187309"},"modified":"2015-01-30T21:28:29","modified_gmt":"2015-01-30T18:28:29","slug":"elena-udrea-puterea-vine-de-la-sri-acolo-sunt-informatii-despre-scheletele-din-dulap-la-fel-era-si-pe-vremea-lui-basescu","status":"publish","type":"post","link":"https:\/\/analyse.optim.biz\/?p=187309","title":{"rendered":"Elena Udrea: Puterea vine de la SRI. Acolo sunt informa\u021bii despre \u201escheletele din dulap\u201d. La fel era \u0219i pe vremea lui B\u0103sescu"},"content":{"rendered":"<div class=\"entry data-app-meta data-app-meta-article\" data-embed-base-url-canonical=\"https:\/\/www.digi24.ro\/embed\/stiri\/actualitate\/politica\/elena-udrea-puterea-vine-de-la-sri-acolo-sunt-informatii-despre-scheletele-din-dulap-la-fel-era-si-pe-vremea-lui-basescu-353833\">\n<p data-index=\"1\">Florin Coldea conducea SRI \u0219i c\u00e2nd, oficial, la conducerea institu\u021biei se afla George Maior, spune Elena Udrea.<\/p>\n<p data-index=\"2\">\u201e<strong>C\u00e2nd \u00eei spuneam domnului Maior c\u0103 domnul Coldea conduce de fapt serviciul \u00een realitate \u0219i \u021binta sa era s\u0103 aib\u0103 toat\u0103 puterea, \u00eemi spunea c\u0103 nu e exact a\u0219a \u0219i mi-a garantat de foarte multe ori \u2013 o s\u0103 vezi, domnul Coldea \u00ee\u0219i va da demisia odat\u0103 cu mine din acest serviciu, pentru c\u0103 noi am fost adu\u0219i de Traian B\u0103sescu \u0219i plec\u0103m odat\u0103 cu el.<\/strong> A\u0219 fi curioas\u0103 acum s\u0103 v\u0103d dac\u0103 domnul Maior mai sus\u021bine chestia asta.<span>\u201d a declarat Elena Udrea \u00eentr-un interviu pentru <a href=\"http:\/\/www.hotnews.ro\/stiri-esential-19243479-elena-udrea-anunta-depus-dna-denunt-impotriva-sefului-sri-florian-coldea-coldea-cerut-lui-dorin-cocos-dea-500-000-euro-lui-sebastian-ghita-pentru-rtv.htm\" data-skip-linkfix=\"1\">Hotnews.ro<\/a>.<\/span><\/p>\n<p data-index=\"3\"><strong>Florin Coldea a avut tot interesul s\u0103 \u00eel sus\u021bin\u0103 pe Klaus Iohannis \u00een campania pentru preziden\u021biale, Victor Ponta amenin\u021base c\u0103 \u00eel demite<\/strong>, a mai spus Udrea.<\/p>\n<p data-index=\"4\">\u201eMai era un aspect pe care ar fi trebuit s\u0103 \u00eel confirme Victor Ponta. L-am auzit din foarte multe locuri \u0219i a contribuit \u00een campanie la ideea c\u0103 se dore\u0219te a fi adus domnul Klaus Iohannis (nu c\u0103 ar fi fost mai r\u0103u, evident c\u0103 \u00eentre Victor Ponta \u0219i Klaus Iohannis, vedem \u00eenc\u0103 o dat\u0103 c\u0103 e foarte bine c\u0103 e domnul Iohannis pre\u0219edinte) \u2013 s-a spus c\u0103 undeva, spre ziua lui Victor Ponta, undeva \u00eenspre toamn\u0103, \u00eentr-o adunare neoficial\u0103, fiind de fa\u021b\u0103 \u0219i domnul Victor Ponta, \u0219i domnul Coldea, domnul Ponta i-ar fi spus domnului Coldea: <span>\u201e<strong>D<\/strong><\/span><strong>omnule general, dac\u0103 ajung pre\u0219edinte, c\u0103uta\u021bi-v\u0103 de lucru. <\/strong><span><strong>(&#8230;)<\/strong><\/span><span><strong>\u0218i \u021bine\u021bi cont c\u0103 am curaj s\u0103 v\u0103 spun lucrul \u0103sta \u00een condi\u021biile \u00een care \u00eenc\u0103 nu am ajuns pre\u0219edinte.<\/strong><\/span><span>\u201d<\/span><\/p>\n<p data-index=\"5\">Reporter: Dar de unde \u0219ti\u021bi lucrurile acestea?<\/p>\n<p data-index=\"6\">Elena Udrea: <strong>De la oameni care au fost acolo <\/strong><span><strong>de fa\u021b\u0103&#8230;<\/strong><\/span><\/p>\n<p data-index=\"7\">Reporter: Domnul Ponta eventual.<\/p>\n<p data-index=\"8\">Elena Udrea: <strong>Erau vreo cinci persoane, nu dau nume, le voi spune procurorilor. <\/strong><span><strong>Expun ni\u0219te oameni care nu au nicio&#8230;.<\/strong><\/span><\/p>\n<p data-index=\"9\">Reporter: Spune\u021bi c\u0103 domnul Ponta l-a amenin\u021bat pe domnul Coldea cu concedierea, dac\u0103 va ajunge pre\u0219edinte.<\/p>\n<p data-index=\"10\">Elena Udrea: <span><strong>Da, dar asta trebuie, spre exemplu, s\u0103 confirme Victor Ponta dac\u0103 s-a \u00eent\u00e2mplat.<\/strong><\/span><\/p>\n<p data-index=\"11\">Reporter: Insinua\u021bi c\u0103 domnul Coldea ar fi avut tot interesul c\u0103 Klaus Iohannis s\u0103 fie pre\u0219edinte \u0219i a ac\u021bionat \u00een consecin\u021b\u0103. E o acuza\u021bie extraordinar de grav\u0103.<\/p>\n<p data-index=\"12\">Elena Udrea: <span><strong>Cred c\u0103 da. Asta este o analiz\u0103. Nu este o acuza\u021bie c\u0103 ar fi ceva penal. Este o analiz\u0103 a mea.<\/strong><\/span><\/p>\n<p data-index=\"13\">Reporter: Poli\u021bie politic\u0103. Atunci c\u00e2nd un serviciu lucreaz\u0103 pentru un politician e poli\u021bie politic\u0103.<\/p>\n<p data-index=\"14\">Elena Udrea: Eu v\u0103 spun a\u0219a: c\u0103 \u00een mod cert, \u00een opinia mea, domnul Coldea l-a sus\u021binut pe Klaus Iohannis. \u00cen mod cert.<\/p>\n<p data-index=\"15\">Reporter: Nu se bate cap \u00een cap cu ideea c\u0103 Victor Ponta e ocolit de dosarul Microsoft \u0219i de alte dosare? Dac\u0103 SRI, Coldea, ar fi avut interesul?<\/p>\n<p data-index=\"16\">Elena Udrea: P\u0103i haide\u021bi s\u0103 vedem, dup\u0103 ce a plecat domnul Maior ce mai urmeaz\u0103.\u201d<\/p>\n<p data-index=\"17\">Fostul candidat la preziden\u021biale spune c\u0103 Victor Ponta va pierde guvernarea pentru c\u0103 nu mai are puterea pe care i-o conferea sprijinul lui George Maior \u0219i, implicit, al SRI. \u201e<strong>La fel se \u00eent\u00e2mpla \u0219i pe vremea lui B\u0103sescu\u201d<\/strong>, a ad\u0103ugat Udrea.<\/p>\n<p data-index=\"18\">\u201eElena Udrea: P\u0103rerea mea e c\u0103 se va forma o alt\u0103 majoritate. Majorit\u0103\u021bile se pot forma \u0219i sub presiune. <span><strong>Am auzit comentarii cum c\u0103 Victor Ponta mai avea un suport \u00een Maior. Acum m\u0103 a\u0219tept ca partenerii lui Ponta s\u0103 sus\u021bin\u0103 o alt\u0103 majoritate, format\u0103 \u00een jurul PNL eventual. <\/strong><\/span><\/p>\n<p data-index=\"19\">Reporter: Ce leg\u0103tur\u0103 are majoritatea politic\u0103 cu domnul Maior?<\/p>\n<p data-index=\"20\">Elena Udrea:\u00a0V-am mai spus de unde vine puterea, de la SRI. Acolo sunt toate informa\u021biile, mai ales cele care \u021bin de \u201escheletele din dulap\u201d.<\/p>\n<p data-index=\"21\"><strong><span>Reporter: Asta se \u00eent\u00e2mpla \u0219i pe vremea lui Traian B\u0103sescu?<\/span><\/strong><\/p>\n<p data-index=\"22\"><strong><span>Elena Udrea:\u00a0\u00a0Probabil c\u0103 da. Dar p\u0103rerea mea e c\u0103 lucrul acesta s-a v\u0103zut prea t\u00e2rziu, c\u00e2nd toat\u0103 lumea s-a prins de ceea ce se \u00eent\u00e2mpla. Puterea a crescut pe parcurs. Nu po\u021bi s\u0103 negi rolul SRI \u00een ap\u0103rarea statului de drept. (&#8230;) Institu\u021biile sunt \u0219i ele conduse de oameni. (&#8230;) Nu mai exist\u0103 control politic pe servicii. Este invers, \u0219eful serviciului asupra politicii.\u201d<\/span><\/strong><\/p>\n<\/div>\n<p> Source URL: https:\/\/www.digi24.ro\/stiri\/actualitate\/politica\/elena-udrea-puterea-vine-de-la-sri-acolo-sunt-informatii-despre-scheletele-din-dulap-la-fel-era-si-pe-vremea-lui-basescu-353833<\/p>\n","protected":false},"excerpt":{"rendered":"<p>Florin Coldea conducea SRI \u0219i c\u00e2nd, oficial, la conducerea institu\u021biei se afla George Maior, spune Elena Udrea. \u201eC\u00e2nd \u00eei spuneam domnului Maior c\u0103 domnul Coldea conduce de fapt serviciul \u00een realitate \u0219i \u021binta sa era s\u0103 aib\u0103 toat\u0103 puterea, \u00eemi spunea c\u0103 nu e exact a\u0219a \u0219i mi-a garantat de foarte multe ori \u2013 o [&hellip;]<\/p>\n","protected":false},"author":1,"featured_media":187310,"comment_status":"open","ping_status":"","sticky":false,"template":"","format":"standard","meta":{"footnotes":""},"categories":[2],"tags":[11],"class_list":["post-187309","post","type-post","status-publish","format-standard","has-post-thumbnail","hentry","category-politics","tag-digi24"],"_links":{"self":[{"href":"https:\/\/analyse.optim.biz\/index.php?rest_route=\/wp\/v2\/posts\/187309","targetHints":{"allow":["GET"]}}],"collection":[{"href":"https:\/\/analyse.optim.biz\/index.php?rest_route=\/wp\/v2\/posts"}],"about":[{"href":"https:\/\/analyse.optim.biz\/index.php?rest_route=\/wp\/v2\/types\/post"}],"author":[{"embeddable":true,"href":"https:\/\/analyse.optim.biz\/index.php?rest_route=\/wp\/v2\/users\/1"}],"replies":[{"embeddable":true,"href":"https:\/\/analyse.optim.biz\/index.php?rest_route=%2Fwp%2Fv2%2Fcomments&post=187309"}],"version-history":[{"count":0,"href":"https:\/\/analyse.optim.biz\/index.php?rest_route=\/wp\/v2\/posts\/187309\/revisions"}],"wp:featuredmedia":[{"embeddable":true,"href":"https:\/\/analyse.optim.biz\/index.php?rest_route=\/wp\/v2\/media\/187310"}],"wp:attachment":[{"href":"https:\/\/analyse.optim.biz\/index.php?rest_route=%2Fwp%2Fv2%2Fmedia&parent=187309"}],"wp:term":[{"taxonomy":"category","embeddable":true,"href":"https:\/\/analyse.optim.biz\/index.php?rest_route=%2Fwp%2Fv2%2Fcategories&post=187309"},{"taxonomy":"post_tag","embeddable":true,"href":"https:\/\/analyse.optim.biz\/index.php?rest_route=%2Fwp%2Fv2%2Ftags&post=187309"}],"curies":[{"name":"wp","href":"https:\/\/api.w.org\/{rel}","templated":true}]}}