{"id":1873074,"date":"2026-04-08T07:19:19","date_gmt":"2026-04-08T04:19:19","guid":{"rendered":"https:\/\/analyse.optim.biz\/?p=1873074"},"modified":"2026-04-08T07:19:19","modified_gmt":"2026-04-08T04:19:19","slug":"vrei-sa-organizezi-evenimente-tech-faber-talks-tech-iti-deschide-usa","status":"publish","type":"post","link":"https:\/\/analyse.optim.biz\/?p=1873074","title":{"rendered":"Vrei s\u0103 organizezi evenimente tech? \u201eFABER talks tech!\u201d \u00ee\u021bi deschide u\u0219a"},"content":{"rendered":"<p>[analyse_image type=&#8221;featured&#8221; src=&#8221;https:\/\/www.sursadevest.ro\/wp-content\/uploads\/2026\/04\/faber-tech.png&#8221;]<\/p>\n<p><main id=\"tm-main\"><\/p>\n<div class=\"uk-section-default uk-section\">\n<div class=\"uk-grid-margin uk-container uk-container-xsmall\">\n<div class=\"uk-grid tm-grid-expand uk-child-width-1-1\">\n<div class=\"uk-width-1-1\">\n<h1 class=\"uk-h2 uk-margin uk-text-center\">\n<p>                    Vrei s\u0103 organizezi evenimente tech? \u201eFABER talks tech!\u201d \u00ee\u021bi deschide u\u0219a        <\/p>\n<\/h1>\n<div class=\"uk-panel uk-margin uk-text-center\"><time datetime=\"2026-04-08T09:19:19+02:00\">8 aprilie, 2026<\/time> | <a href=\"https:\/\/www.sursadevest.ro\/author\/petronela\/\">Sursa de Vest<\/a> | <a href=\"https:\/\/www.sursadevest.ro\/categorie\/stiri\/eveniment\/\" rel=\"tag\">Eveniment<\/a>, <a href=\"https:\/\/www.sursadevest.ro\/categorie\/stiri\/\" rel=\"tag\">\u0218tiri<\/a> | <a href=\"https:\/\/www.sursadevest.ro\/vrei-sa-organizezi-evenimente-tech-faber-talks-tech-iti-deschide-usa\/#respond\">Niciun comentariu<span class=\"screen-reader-text\"> la Vrei s\u0103 organizezi evenimente tech? \u201eFABER talks tech!\u201d \u00ee\u021bi deschide u\u0219a<\/span><\/a><\/div>\n<\/div>\n<\/div>\n<\/div>\n<div class=\"uk-container uk-margin-large\">\n<div class=\"uk-grid tm-grid-expand uk-grid-column-large\">\n<div class=\"uk-width-2-3@m\">\n<nav aria-label=\"Breadcrumb\" class=\"uk-margin-small\">\n<ul class=\"uk-breadcrumb uk-margin-remove-bottom\">\n<li><\/li>\n<li><a href=\"https:\/\/www.sursadevest.ro\/categorie\/stiri\/\"><span>\u0218tiri<\/span><\/a><\/li>\n<li><a href=\"https:\/\/www.sursadevest.ro\/categorie\/stiri\/eveniment\/\"><span>Eveniment<\/span><\/a><\/li>\n<\/ul>\n<\/nav>\n<div class=\"uk-margin\"><source type=\"image\/webp\" srcset=\"\/wp-content\/uploads\/yootheme\/cache\/c5\/faber-tech-c574121f.webp 768w, \/wp-content\/uploads\/yootheme\/cache\/b3\/faber-tech-b3ae3008.webp 1024w, \/wp-content\/uploads\/yootheme\/cache\/aa\/faber-tech-aa37e7c6.webp 1142w\" sizes=\"(min-width: 1142px) 1142px\" \/><\/div>\n<div class=\"uk-margin-remove-vertical uk-hidden@m\">\n<div class=\"uk-grid uk-child-width-1-1 uk-child-width-1-2@s uk-grid-small uk-grid-match\">\n<div>\n<div class=\"el-item uk-panel\"><a href=\"https:\/\/xpilatesspa.ro\" target=\"_blank\"><\/p>\n<div class=\"uk-inline-clip uk-transition-toggle\"><source type=\"image\/webp\" srcset=\"\/wp-content\/uploads\/yootheme\/cache\/4f\/WhatsApp-Image-2025-07-16-at-153218_b2c81b10-4f95fb31.webp 768w, \/wp-content\/uploads\/yootheme\/cache\/c3\/WhatsApp-Image-2025-07-16-at-153218_b2c81b10-c35bc934.webp 1024w, \/wp-content\/uploads\/yootheme\/cache\/c8\/WhatsApp-Image-2025-07-16-at-153218_b2c81b10-c8fb1140.webp 1366w, \/wp-content\/uploads\/yootheme\/cache\/8a\/WhatsApp-Image-2025-07-16-at-153218_b2c81b10-8aa1972b.webp 1600w\" sizes=\"(min-width: 1600px) 1600px\" \/><\/div>\n<p><\/a><\/p>\n<div class=\"uk-padding-small uk-margin-remove-first-child\">\n<div class=\"el-meta uk-text-meta uk-margin-small-top\">XPilates &amp; Spa<\/div>\n<div class=\"uk-margin-small-top\"><a href=\"https:\/\/xpilatesspa.ro\" target=\"_blank\" class=\"el-link uk-button uk-button-text\">Vezi detalii<\/a><\/div>\n<\/div>\n<\/div>\n<\/div>\n<\/div>\n<\/div>\n<div class=\"uk-panel uk-margin-remove-top uk-margin-medium-bottom\">\n<p>O nou\u0103 oportunitate pentru pasiona\u021bii de tehnologie prinde contur la Timi\u0219oara. Centrul cultural FABER, al\u0103turi de Growceanu, BanatIT \u0219i ABQ Institute, lanseaz\u0103 oficial programul <strong>FABER talks tech!<\/strong><\/p>\n<p>G\u00e2ndit ca un catalizator pentru idei \u0219i conexiuni, programul se adreseaz\u0103 liderilor de comunit\u0103\u021bi tech, grupurilor informale de speciali\u015fti, exper\u021bilor independen\u021bi care propun workshop-uri educa\u021bionale, ONG-urilor \u015fi asocia\u021biilor studen\u021be\u015fti cu profil tehnic, precum \u015fi fondatorilor de startup-uri care doresc s\u0103 organizeze evenimente de tip \u201eShow &amp; Tell\u201d<\/p>\n<p><em>\u201eTimi\u0219oara, are o comunitate tech activ\u0103 \u0219i \u00een cre\u0219tere, de la speciali\u0219ti din corpora\u021bii la startup-uri \u0219i cercetare aplicat\u0103. \u00centr-un moment de recalibrare pentru industria automotive \u0219i pentru economia global\u0103, FABER, Growceanu, BanatIT \u0219i ABQ Institute cred c\u0103 for\u021ba vine din ini\u021biativa local\u0103 \u0219i din colaborarea autentic\u0103. Programul FABER talks tech! ofer\u0103 un cadru concret prin care comunit\u0103\u021bile tech din ora\u0219 pot accesa spa\u021bii \u0219i infrastructur\u0103 pentru a se \u00eent\u00e2lni, a experimenta \u0219i a cre\u0219te \u00eempreun\u0103\u201d<\/em>, transmit ini\u021biatorii programului.<\/p>\n<h2 class=\"wp-block-heading\"><strong>Ce este FABER talks tech!?<\/strong><\/h2>\n<p><strong>FABER talks tech!<\/strong> este un apel deschis continuu prin care comunit\u0103\u021bile tech din Timi\u015foara pot ob\u021bine acces gratuit sau subven\u021bionat la spa\u021biile \u015fi infrastructura FABER, pentru meetup-uri, workshopuri tehnice, hackathoane \u015fi sesiuni demo deschise publicului. <\/p>\n<h2 class=\"wp-block-heading\"><strong>Ce ofer<\/strong><strong>\u0103 <\/strong><strong>programul?<\/strong><\/h2>\n<p>Proiectele selectate beneficiaz\u0103 de acces gratuit sau subven\u021bionat la s\u0103lile de evenimente \u015fi zonele de meetup din FABER, de dot\u0103ri tehnice complete: conexiune Wi-Fi de mare vitez\u0103, ecrane \u015fi proiectoare profesionale, sisteme de sonorizare; de suport logistic pentru set-up \u015fi sprijin \u00een comunicare pe canalele oficiale FABER.<\/p>\n<h2 class=\"wp-block-heading\"><strong>Cum se aplic<\/strong><strong>\u0103<\/strong><strong>?<\/strong><\/h2>\n<p>Procesul este simplificat \u015fi transparent: apel deschis, exclusiv online, \u00een perioada <strong>8 aprilie <\/strong><strong>\u2013 <\/strong><strong>18 decembrie 2026<\/strong>; r\u0103spuns \u00een <strong>48 de ore<\/strong> de la trimiterea formularului. Selec\u021bia se bazeaz\u0103 pe relevan\u021ba temei, accesibilitatea evenimentului, calitatea agendei \u015fi impactul poten\u021bial \u00een comunitatea tech local\u0103.<\/p>\n<p><em>\u201ePentru mine, miza acestui nou program FABER este crearea unui context real pentru interac\u021biune \u2014 un context care aduce \u00eempreun\u0103 oameni valoro\u015fi, cu experien\u021be \u015fi expertize diferite, care pot conecta cuno\u015ftin\u021be din domenii diverse \u015fi pot genera idei noi. A\u015fa apar solu\u021bii relevante pentru probleme locale, dar cu poten\u021bial de a deveni modele sau r\u0103spunsuri cu valoare global\u0103\u201d <\/em><strong>detaliaz\u0103 Valentin Mure\u015fan, co-fondator FABER. <\/strong><\/p>\n<p>Mai multe detalii \u015fi formularul de aplicare sunt disponibile <a href=\"https:\/\/faber.ro\/ro\/apeluri-de-proiecte\/faber-talks-tech\/\" title>AICI<\/a>. <\/p>\n<p><strong>Informa\u021bii suplimentare<\/strong> se pot ob\u021bine la num\u0103rul de telefon 0746075529 sau la adresa de e-mail <a href=\"mailto:zalan.zakali@wearezakali.com\">zalan.zakali@wearezakali.com<\/a>, Szakali Zalan, manager PR.<\/p>\n<\/div>\n<nav class=\"uk-text-center\">\n<ul class=\"uk-pagination uk-margin-remove-bottom uk-flex-center\">\n<li><a href=\"https:\/\/www.sursadevest.ro\/parcul-rozelor-prinde-din-nou-viata-echipele-horticultura-au-inceput-interventiile\/\"> Anterior<\/a><\/li>\n<li><a href=\"https:\/\/www.sursadevest.ro\/atentie-calatori-stpt-modificari-importante-la-transportul-public-in-timisoara\/\">Urm\u0103tor <\/a><\/li>\n<\/ul>\n<\/nav>\n<h3 class=\"uk-h5\">\n<p>                    Distribuie pe re\u021bele de socializare        <\/p>\n<\/h3>\n<div class=\"uk-margin-top uk-margin-remove-bottom\">\n<ul class=\"uk-child-width-auto uk-grid-small uk-flex-inline uk-flex-middle\">\n<li class=\"el-item\">\n<li class=\"el-item\">\n<li class=\"el-item\">\n<li class=\"el-item\"><\/ul>\n<\/div>\n<div class=\"uk-margin\">\n<div id=\"respond\" class=\"comment-respond\">\n<h2 id=\"reply-title\" class=\"el-title uk-h3 uk-heading-bullet\">Las\u0103 un r\u0103spuns <small><a rel=\"nofollow\" id=\"cancel-comment-reply-link\" class=\"uk-link-muted\" href=\"https:\/\/www.sursadevest.ro\/vrei-sa-organizezi-evenimente-tech-faber-talks-tech-iti-deschide-usa\/#respond\">Anuleaz\u0103 r\u0103spunsul<\/a><\/small><\/h2>\n<p class=\"comment-notes\">Adresa ta de email nu va fi publicat\u0103. C\u00e2mpurile obligatorii sunt marcate cu <span class=\"required\">*<\/span><\/p>\n<div class=\"gglcptch gglcptch_v3\"><\/p>\n<div class=\"gglcptch_error_text\">Perioada de verificare reCAPTCHA a expirat. V\u0103 rug\u0103m s\u0103 re\u00eenc\u0103rca\u021bi pagina.<\/div>\n<\/div>\n<\/div>\n<\/div>\n<hr class=\"uk-margin-large\">\n<h2 class=\"uk-h3 uk-text-left@m uk-text-center\">\n<p>                    Alte articole        <\/p>\n<\/h2>\n<div id=\"template-OEvUe7Lh#0\" class=\"uk-margin\">\n<div class=\"uk-grid uk-child-width-1-1 uk-child-width-1-2@s uk-grid-column-medium uk-grid-match\">\n<div>\n<div class=\"el-item uk-panel uk-margin-remove-first-child\"><a href=\"https:\/\/www.sursadevest.ro\/un-nou-reper-gastronomic-in-timisoara-s-a-deschis-restaurantul-terra-care-promite-sa-schimbe-vibe-ul-orasului\/\"><img decoding=\"async\" class=\"el-image uk-border-rounded\" src=\"https:\/\/www.sursadevest.ro\/wp-content\/uploads\/2026\/04\/hotel-rivo-3.gif\" alt loading=\"lazy\" width=\"610\" height=\"339\"><\/a><\/p>\n<div class=\"el-meta uk-h6 uk-text-primary uk-margin-top uk-margin-remove-bottom\"><time datetime=\"2026-04-08T13:13:30+02:00\">8 aprilie, 2026<\/time> | <a href=\"https:\/\/www.sursadevest.ro\/author\/petronela\/\">Sursa de Vest<\/a> | <a href=\"https:\/\/www.sursadevest.ro\/categorie\/stiri\/eveniment\/\" rel=\"tag\">Eveniment<\/a>, <a href=\"https:\/\/www.sursadevest.ro\/categorie\/stiri\/social\/\" rel=\"tag\">Social<\/a>, <a href=\"https:\/\/www.sursadevest.ro\/categorie\/stiri\/\" rel=\"tag\">\u0218tiri<\/a> | <a href=\"https:\/\/www.sursadevest.ro\/un-nou-reper-gastronomic-in-timisoara-s-a-deschis-restaurantul-terra-care-promite-sa-schimbe-vibe-ul-orasului\/#respond\">Niciun comentariu<span class=\"screen-reader-text\"> la Un nou reper gastronomic \u00een Timi\u0219oara! S-a deschis Restaurantul Terra, care promite s\u0103 schimbe vibe-ul ora\u0219ului<\/span><\/a><\/div>\n<h3 class=\"el-title uk-h4 uk-link-reset uk-margin-small-top uk-margin-remove-bottom\"><a href=\"https:\/\/www.sursadevest.ro\/un-nou-reper-gastronomic-in-timisoara-s-a-deschis-restaurantul-terra-care-promite-sa-schimbe-vibe-ul-orasului\/\">Un nou reper gastronomic \u00een Timi\u0219oara! S-a deschis Restaurantul Terra, care promite s\u0103 schimbe vibe-ul ora\u0219ului<\/a><\/h3>\n<div class=\"el-content uk-panel uk-margin-small-top\">\n<p>Un nou concept culinar \u00ee\u0219i face loc pe harta ora\u0219ului! Restaurantul TERRA s-a deschis oficial \u00een cadrul Hotel Rivo by Branco \u0219i promite s\u0103 aduc\u0103 un suflu fresh \u00een scena gastronomic\u0103 din Timi\u0219oara. Sursa de Vest See Full Bio<\/p>\n<\/div>\n<div class=\"uk-margin-top\"><a href=\"https:\/\/www.sursadevest.ro\/un-nou-reper-gastronomic-in-timisoara-s-a-deschis-restaurantul-terra-care-promite-sa-schimbe-vibe-ul-orasului\/\" class=\"el-link uk-button uk-button-text\">Vezi detalii<\/a><\/div>\n<\/div>\n<\/div>\n<div>\n<div class=\"el-item uk-panel uk-margin-remove-first-child\"><a href=\"https:\/\/www.sursadevest.ro\/tur-virtual-pentru-expozitia-fragilitatea-eternului-de-la-pompei-la-grand-tour-pana-astazi-disponibil-de-paste-la-muzeul-de-arta-din-timisoara\/\"><source type=\"image\/webp\" srcset=\"\/wp-content\/uploads\/yootheme\/cache\/07\/pompeii-1-07066c68.webp 610w, \/wp-content\/uploads\/yootheme\/cache\/cf\/pompeii-1-cf0a7674.webp 768w, \/wp-content\/uploads\/yootheme\/cache\/5f\/pompeii-1-5fa3d360.webp 1024w, \/wp-content\/uploads\/yootheme\/cache\/91\/pompeii-1-910c4098.webp 1220w\" sizes=\"(min-width: 610px) 610px\" \/><\/a><\/p>\n<div class=\"el-meta uk-h6 uk-text-primary uk-margin-top uk-margin-remove-bottom\"><time datetime=\"2026-04-08T13:11:33+02:00\">8 aprilie, 2026<\/time> | <a href=\"https:\/\/www.sursadevest.ro\/author\/petronela\/\">Sursa de Vest<\/a> | <a href=\"https:\/\/www.sursadevest.ro\/categorie\/stiri\/cultura\/\" rel=\"tag\">Cultur\u0103<\/a>, <a href=\"https:\/\/www.sursadevest.ro\/categorie\/stiri\/eveniment\/\" rel=\"tag\">Eveniment<\/a>, <a href=\"https:\/\/www.sursadevest.ro\/categorie\/stiri\/\" rel=\"tag\">\u0218tiri<\/a> | <a href=\"https:\/\/www.sursadevest.ro\/tur-virtual-pentru-expozitia-fragilitatea-eternului-de-la-pompei-la-grand-tour-pana-astazi-disponibil-de-paste-la-muzeul-de-arta-din-timisoara\/#respond\">Niciun comentariu<span class=\"screen-reader-text\"> la Tur virtual pentru expozi\u021bia \u201eFragilitatea Eternului. De la Pompei la Grand Tour p\u00e2n\u0103 ast\u0103zi\u201d, disponibil de Pa\u0219te la Muzeul de Art\u0103 din Timi\u0219oara!<\/span><\/a><\/div>\n<h3 class=\"el-title uk-h4 uk-link-reset uk-margin-small-top uk-margin-remove-bottom\"><a href=\"https:\/\/www.sursadevest.ro\/tur-virtual-pentru-expozitia-fragilitatea-eternului-de-la-pompei-la-grand-tour-pana-astazi-disponibil-de-paste-la-muzeul-de-arta-din-timisoara\/\">Tur virtual pentru expozi\u021bia \u201eFragilitatea Eternului. De la Pompei la Grand Tour p\u00e2n\u0103 ast\u0103zi\u201d, disponibil de Pa\u0219te la Muzeul de Art\u0103 din Timi\u0219oara!<\/a><\/h3>\n<div class=\"el-content uk-panel uk-margin-small-top\">\n<p>Muzeul Na\u021bional de Art\u0103 Timi\u0219oara \u0219i Consiliul Jude\u021bean Timi\u0219 anun\u021b\u0103 lansarea unui tur virtual dedicat expozi\u021biei \u201eFragilitatea Eternului. De la Pompei la Grand Tour p\u00e2n\u0103 ast\u0103zi\u201d, oferind publicului o alternativ\u0103 de vizitare \u00een perioada S\u0103rb\u0103torilor Pascale. Sursa de Vest See Full Bio<\/p>\n<\/div>\n<div class=\"uk-margin-top\"><a href=\"https:\/\/www.sursadevest.ro\/tur-virtual-pentru-expozitia-fragilitatea-eternului-de-la-pompei-la-grand-tour-pana-astazi-disponibil-de-paste-la-muzeul-de-arta-din-timisoara\/\" class=\"el-link uk-button uk-button-text\">Vezi detalii<\/a><\/div>\n<\/div>\n<\/div>\n<div>\n<div class=\"el-item uk-panel uk-margin-remove-first-child\"><a href=\"https:\/\/www.sursadevest.ro\/barbat-retinut-pentru-viol-violenta-in-familie-si-lipsire-de-libertate-a-fost-arestat-preventiv-pentru-30-de-zile\/\"><source type=\"image\/webp\" srcset=\"\/wp-content\/uploads\/yootheme\/cache\/cd\/viol-cd39358c.webp 610w, \/wp-content\/uploads\/yootheme\/cache\/72\/viol-722bfaf5.webp 768w, \/wp-content\/uploads\/yootheme\/cache\/fc\/viol-fc7627fe.webp 952w\" sizes=\"(min-width: 610px) 610px\" \/><\/a><\/p>\n<div class=\"el-meta uk-h6 uk-text-primary uk-margin-top uk-margin-remove-bottom\"><time datetime=\"2026-04-08T13:00:29+02:00\">8 aprilie, 2026<\/time> | <a href=\"https:\/\/www.sursadevest.ro\/author\/petronela\/\">Sursa de Vest<\/a> | <a href=\"https:\/\/www.sursadevest.ro\/categorie\/stiri\/eveniment\/\" rel=\"tag\">Eveniment<\/a>, <a href=\"https:\/\/www.sursadevest.ro\/categorie\/stiri\/\" rel=\"tag\">\u0218tiri<\/a> | <a href=\"https:\/\/www.sursadevest.ro\/barbat-retinut-pentru-viol-violenta-in-familie-si-lipsire-de-libertate-a-fost-arestat-preventiv-pentru-30-de-zile\/#respond\">Niciun comentariu<span class=\"screen-reader-text\"> la B\u0103rbat re\u021binut pentru viol, violen\u021b\u0103 \u00een familie \u0219i lipsire de libertate! A fost arestat preventiv pentru 30 de zile<\/span><\/a><\/div>\n<h3 class=\"el-title uk-h4 uk-link-reset uk-margin-small-top uk-margin-remove-bottom\"><a href=\"https:\/\/www.sursadevest.ro\/barbat-retinut-pentru-viol-violenta-in-familie-si-lipsire-de-libertate-a-fost-arestat-preventiv-pentru-30-de-zile\/\">B\u0103rbat re\u021binut pentru viol, violen\u021b\u0103 \u00een familie \u0219i lipsire de libertate! A fost arestat preventiv pentru 30 de zile<\/a><\/h3>\n<div class=\"el-content uk-panel uk-margin-small-top\">\n<p>Poli\u021bi\u0219tii din vestul \u021b\u0103rii au re\u021binut pentru 24 de ore un b\u0103rbat de 33 de ani, cercetat pentru violen\u021b\u0103 \u00een familie, viol, lipsire de libertate \u00een mod ilegal \u0219i amenin\u021bare. Sursa de Vest See Full Bio<\/p>\n<\/div>\n<div class=\"uk-margin-top\"><a href=\"https:\/\/www.sursadevest.ro\/barbat-retinut-pentru-viol-violenta-in-familie-si-lipsire-de-libertate-a-fost-arestat-preventiv-pentru-30-de-zile\/\" class=\"el-link uk-button uk-button-text\">Vezi detalii<\/a><\/div>\n<\/div>\n<\/div>\n<div>\n<div class=\"el-item uk-panel uk-margin-remove-first-child\"><a href=\"https:\/\/www.sursadevest.ro\/experienta-internationala-la-timisoara-zeci-de-studenti-straini-vin-la-uvt\/\"><img decoding=\"async\" class=\"el-image uk-border-rounded\" src=\"https:\/\/www.sursadevest.ro\/wp-content\/uploads\/2026\/04\/studenti.gif\" alt loading=\"lazy\" width=\"610\" height=\"339\"><\/a><\/p>\n<div class=\"el-meta uk-h6 uk-text-primary uk-margin-top uk-margin-remove-bottom\"><time datetime=\"2026-04-08T12:18:21+02:00\">8 aprilie, 2026<\/time> | <a href=\"https:\/\/www.sursadevest.ro\/author\/petronela\/\">Sursa de Vest<\/a> | <a href=\"https:\/\/www.sursadevest.ro\/categorie\/stiri\/educatie\/\" rel=\"tag\">Educa\u021bie<\/a>, <a href=\"https:\/\/www.sursadevest.ro\/categorie\/stiri\/eveniment\/\" rel=\"tag\">Eveniment<\/a>, <a href=\"https:\/\/www.sursadevest.ro\/categorie\/stiri\/\" rel=\"tag\">\u0218tiri<\/a> | <a href=\"https:\/\/www.sursadevest.ro\/experienta-internationala-la-timisoara-zeci-de-studenti-straini-vin-la-uvt\/#respond\">Niciun comentariu<span class=\"screen-reader-text\"> la Experien\u021b\u0103 interna\u021bional\u0103 la Timi\u0219oara! Zeci de studen\u021bi str\u0103ini vin la UVT<\/span><\/a><\/div>\n<h3 class=\"el-title uk-h4 uk-link-reset uk-margin-small-top uk-margin-remove-bottom\"><a href=\"https:\/\/www.sursadevest.ro\/experienta-internationala-la-timisoara-zeci-de-studenti-straini-vin-la-uvt\/\">Experien\u021b\u0103 interna\u021bional\u0103 la Timi\u0219oara! Zeci de studen\u021bi str\u0103ini vin la UVT<\/a><\/h3>\n<div class=\"el-content uk-panel uk-margin-small-top\">\n<p>Prim\u0103vara a adus un aer cosmopolit \u00een Timi\u0219oara, unde peste 150 de studen\u021bi din toat\u0103 Europa au ajuns, doar \u00een luna martie, pentru a studia la Universitatea de Vest din Timi\u0219oara. Sursa de Vest See Full Bio<\/p>\n<\/div>\n<div class=\"uk-margin-top\"><a href=\"https:\/\/www.sursadevest.ro\/experienta-internationala-la-timisoara-zeci-de-studenti-straini-vin-la-uvt\/\" class=\"el-link uk-button uk-button-text\">Vezi detalii<\/a><\/div>\n<\/div>\n<\/div>\n<div>\n<div class=\"el-item uk-panel uk-margin-remove-first-child\"><a href=\"https:\/\/www.sursadevest.ro\/barbat-de-36-de-ani-retinut-de-politisti-este-suspectat-de-viol-asupra-unui-minor\/\"><source type=\"image\/webp\" srcset=\"\/wp-content\/uploads\/yootheme\/cache\/a0\/arestat-a0a49843.webp 673w\" sizes=\"(min-width: 610px) 610px\" \/><\/a><\/p>\n<div class=\"el-meta uk-h6 uk-text-primary uk-margin-top uk-margin-remove-bottom\"><time datetime=\"2026-04-08T12:01:00+02:00\">8 aprilie, 2026<\/time> | <a href=\"https:\/\/www.sursadevest.ro\/author\/petronela\/\">Sursa de Vest<\/a> | <a href=\"https:\/\/www.sursadevest.ro\/categorie\/stiri\/eveniment\/\" rel=\"tag\">Eveniment<\/a>, <a href=\"https:\/\/www.sursadevest.ro\/categorie\/stiri\/\" rel=\"tag\">\u0218tiri<\/a> | <a href=\"https:\/\/www.sursadevest.ro\/barbat-de-36-de-ani-retinut-de-politisti-este-suspectat-de-viol-asupra-unui-minor\/#respond\">Niciun comentariu<span class=\"screen-reader-text\"> la B\u0103rbat de 36 de ani, re\u021binut de poli\u021bi\u0219ti! Este suspectat de viol asupra unui minor<\/span><\/a><\/div>\n<h3 class=\"el-title uk-h4 uk-link-reset uk-margin-small-top uk-margin-remove-bottom\"><a href=\"https:\/\/www.sursadevest.ro\/barbat-de-36-de-ani-retinut-de-politisti-este-suspectat-de-viol-asupra-unui-minor\/\">B\u0103rbat de 36 de ani, re\u021binut de poli\u021bi\u0219ti! Este suspectat de viol asupra unui minor<\/a><\/h3>\n<div class=\"el-content uk-panel uk-margin-small-top\">\n<p>Un b\u0103rbat de 36 de ani a fost re\u021binut pentru 24 de ore de poli\u021bi\u0219ti, fiind cercetat pentru viol asupra unui minor. Sursa de Vest See Full Bio<\/p>\n<\/div>\n<div class=\"uk-margin-top\"><a href=\"https:\/\/www.sursadevest.ro\/barbat-de-36-de-ani-retinut-de-politisti-este-suspectat-de-viol-asupra-unui-minor\/\" class=\"el-link uk-button uk-button-text\">Vezi detalii<\/a><\/div>\n<\/div>\n<\/div>\n<div>\n<div class=\"el-item uk-panel uk-margin-remove-first-child\"><a href=\"https:\/\/www.sursadevest.ro\/atentie-calatori-stpt-modificari-importante-la-transportul-public-in-timisoara\/\"><source type=\"image\/webp\" srcset=\"\/wp-content\/uploads\/yootheme\/cache\/85\/autobuze-ratt-851665a8.webp 587w\" sizes=\"(min-width: 587px) 587px\" \/><\/a><\/p>\n<div class=\"el-meta uk-h6 uk-text-primary uk-margin-top uk-margin-remove-bottom\"><time datetime=\"2026-04-08T10:07:46+02:00\">8 aprilie, 2026<\/time> | <a href=\"https:\/\/www.sursadevest.ro\/author\/petronela\/\">Sursa de Vest<\/a> | <a href=\"https:\/\/www.sursadevest.ro\/categorie\/stiri\/administratie\/\" rel=\"tag\">Administra\u021bie<\/a>, <a href=\"https:\/\/www.sursadevest.ro\/categorie\/stiri\/eveniment\/\" rel=\"tag\">Eveniment<\/a>, <a href=\"https:\/\/www.sursadevest.ro\/categorie\/stiri\/social\/\" rel=\"tag\">Social<\/a>, <a href=\"https:\/\/www.sursadevest.ro\/categorie\/stiri\/\" rel=\"tag\">\u0218tiri<\/a> | <a href=\"https:\/\/www.sursadevest.ro\/atentie-calatori-stpt-modificari-importante-la-transportul-public-in-timisoara\/#respond\">Niciun comentariu<span class=\"screen-reader-text\"> la Aten\u021bie, c\u0103l\u0103tori STPT! Modific\u0103ri importante la transportul public \u00een Timi\u0219oara<\/span><\/a><\/div>\n<h3 class=\"el-title uk-h4 uk-link-reset uk-margin-small-top uk-margin-remove-bottom\"><a href=\"https:\/\/www.sursadevest.ro\/atentie-calatori-stpt-modificari-importante-la-transportul-public-in-timisoara\/\">Aten\u021bie, c\u0103l\u0103tori STPT! Modific\u0103ri importante la transportul public \u00een Timi\u0219oara<\/a><\/h3>\n<div class=\"el-content uk-panel uk-margin-small-top\">\n<p>Circula\u021bia mijloacelor de transport \u00een comun din Timi\u0219oara va suferi mai multe modific\u0103ri \u00een perioada 14\u201330 aprilie, din cauza unor restric\u021bii de trafic \u00een zona Pie\u021bei Traian \u0219i pe strada Coriolan Brediceanu. Sursa de Vest See Full Bio<\/p>\n<\/div>\n<div class=\"uk-margin-top\"><a href=\"https:\/\/www.sursadevest.ro\/atentie-calatori-stpt-modificari-importante-la-transportul-public-in-timisoara\/\" class=\"el-link uk-button uk-button-text\">Vezi detalii<\/a><\/div>\n<\/div>\n<\/div>\n<div>\n<div class=\"el-item uk-panel uk-margin-remove-first-child\"><a href=\"https:\/\/www.sursadevest.ro\/vrei-sa-organizezi-evenimente-tech-faber-talks-tech-iti-deschide-usa\/\"><source type=\"image\/webp\" srcset=\"\/wp-content\/uploads\/yootheme\/cache\/5d\/faber-tech-5d9d9c7e.webp 610w, \/wp-content\/uploads\/yootheme\/cache\/c5\/faber-tech-c574121f.webp 768w, \/wp-content\/uploads\/yootheme\/cache\/b3\/faber-tech-b3ae3008.webp 1024w, \/wp-content\/uploads\/yootheme\/cache\/2d\/faber-tech-2db320e0.webp 1142w\" sizes=\"(min-width: 610px) 610px\" \/><\/a><\/p>\n<div class=\"el-meta uk-h6 uk-text-primary uk-margin-top uk-margin-remove-bottom\"><time datetime=\"2026-04-08T09:19:19+02:00\">8 aprilie, 2026<\/time> | <a href=\"https:\/\/www.sursadevest.ro\/author\/petronela\/\">Sursa de Vest<\/a> | <a href=\"https:\/\/www.sursadevest.ro\/categorie\/stiri\/eveniment\/\" rel=\"tag\">Eveniment<\/a>, <a href=\"https:\/\/www.sursadevest.ro\/categorie\/stiri\/\" rel=\"tag\">\u0218tiri<\/a> | <a href=\"https:\/\/www.sursadevest.ro\/vrei-sa-organizezi-evenimente-tech-faber-talks-tech-iti-deschide-usa\/#respond\">Niciun comentariu<span class=\"screen-reader-text\"> la Vrei s\u0103 organizezi evenimente tech? \u201eFABER talks tech!\u201d \u00ee\u021bi deschide u\u0219a<\/span><\/a><\/div>\n<h3 class=\"el-title uk-h4 uk-link-reset uk-margin-small-top uk-margin-remove-bottom\"><a href=\"https:\/\/www.sursadevest.ro\/vrei-sa-organizezi-evenimente-tech-faber-talks-tech-iti-deschide-usa\/\">Vrei s\u0103 organizezi evenimente tech? \u201eFABER talks tech!\u201d \u00ee\u021bi deschide u\u0219a<\/a><\/h3>\n<div class=\"el-content uk-panel uk-margin-small-top\">\n<p>O nou\u0103 oportunitate pentru pasiona\u021bii de tehnologie prinde contur la Timi\u0219oara. Centrul cultural FABER, al\u0103turi de Growceanu, BanatIT \u0219i ABQ Institute, lanseaz\u0103 oficial programul FABER talks tech! G\u00e2ndit ca un catalizator pentru idei \u0219i conexiuni, programul se adreseaz\u0103 liderilor de comunit\u0103\u021bi tech, grupurilor informale de speciali\u015fti, exper\u021bilor independen\u021bi care propun workshop-uri educa\u021bionale, ONG-urilor \u015fi asocia\u021biilor [\u2026]<\/p>\n<\/div>\n<div class=\"uk-margin-top\"><a href=\"https:\/\/www.sursadevest.ro\/vrei-sa-organizezi-evenimente-tech-faber-talks-tech-iti-deschide-usa\/\" class=\"el-link uk-button uk-button-text\">Vezi detalii<\/a><\/div>\n<\/div>\n<\/div>\n<div>\n<div class=\"el-item uk-panel uk-margin-remove-first-child\"><a href=\"https:\/\/www.sursadevest.ro\/parcul-rozelor-prinde-din-nou-viata-echipele-horticultura-au-inceput-interventiile\/\"><source type=\"image\/webp\" srcset=\"\/wp-content\/uploads\/yootheme\/cache\/bb\/parcul-eozelor-bbc3d860.webp 610w, \/wp-content\/uploads\/yootheme\/cache\/23\/parcul-eozelor-23b98763.webp 768w, \/wp-content\/uploads\/yootheme\/cache\/82\/parcul-eozelor-82f552ef.webp 966w\" sizes=\"(min-width: 610px) 610px\" \/><\/a><\/p>\n<div class=\"el-meta uk-h6 uk-text-primary uk-margin-top uk-margin-remove-bottom\"><time datetime=\"2026-04-08T09:03:36+02:00\">8 aprilie, 2026<\/time> | <a href=\"https:\/\/www.sursadevest.ro\/author\/petronela\/\">Sursa de Vest<\/a> | <a href=\"https:\/\/www.sursadevest.ro\/categorie\/stiri\/eveniment\/\" rel=\"tag\">Eveniment<\/a>, <a href=\"https:\/\/www.sursadevest.ro\/categorie\/stiri\/\" rel=\"tag\">\u0218tiri<\/a> | <a href=\"https:\/\/www.sursadevest.ro\/parcul-rozelor-prinde-din-nou-viata-echipele-horticultura-au-inceput-interventiile\/#respond\">Niciun comentariu<span class=\"screen-reader-text\"> la Parcul Rozelor prinde din nou via\u021b\u0103! Echipele Horticultura au \u00eenceput interven\u021biile<\/span><\/a><\/div>\n<h3 class=\"el-title uk-h4 uk-link-reset uk-margin-small-top uk-margin-remove-bottom\"><a href=\"https:\/\/www.sursadevest.ro\/parcul-rozelor-prinde-din-nou-viata-echipele-horticultura-au-inceput-interventiile\/\">Parcul Rozelor prinde din nou via\u021b\u0103! Echipele Horticultura au \u00eenceput interven\u021biile<\/a><\/h3>\n<div class=\"el-content uk-panel uk-margin-small-top\">\n<p>Parcul Rozelor, unul dintre cele mai \u00eendr\u0103gite locuri de relaxare din Timi\u0219oara, se preg\u0103te\u0219te s\u0103-\u0219i \u00eent\u00e2mpine vizitatorii \u00een cea mai bun\u0103 form\u0103 odat\u0103 cu apropierea sezonului cald. Sursa de Vest See Full Bio<\/p>\n<\/div>\n<div class=\"uk-margin-top\"><a href=\"https:\/\/www.sursadevest.ro\/parcul-rozelor-prinde-din-nou-viata-echipele-horticultura-au-inceput-interventiile\/\" class=\"el-link uk-button uk-button-text\">Vezi detalii<\/a><\/div>\n<\/div>\n<\/div>\n<div>\n<div class=\"el-item uk-panel uk-margin-remove-first-child\"><a href=\"https:\/\/www.sursadevest.ro\/casieriile-aquatim-inchise-in-perioada-sarbatorii-pastelui-cand-revine-programul-la-normal\/\"><source type=\"image\/webp\" srcset=\"\/wp-content\/uploads\/yootheme\/cache\/63\/aquatim-63cec494.webp 610w, \/wp-content\/uploads\/yootheme\/cache\/a8\/aquatim-a8c9661a.webp 800w\" sizes=\"(min-width: 610px) 610px\" \/><\/a><\/p>\n<div class=\"el-meta uk-h6 uk-text-primary uk-margin-top uk-margin-remove-bottom\"><time datetime=\"2026-04-08T08:42:26+02:00\">8 aprilie, 2026<\/time> | <a href=\"https:\/\/www.sursadevest.ro\/author\/petronela\/\">Sursa de Vest<\/a> | <a href=\"https:\/\/www.sursadevest.ro\/categorie\/stiri\/eveniment\/\" rel=\"tag\">Eveniment<\/a>, <a href=\"https:\/\/www.sursadevest.ro\/categorie\/stiri\/\" rel=\"tag\">\u0218tiri<\/a> | <a href=\"https:\/\/www.sursadevest.ro\/casieriile-aquatim-inchise-in-perioada-sarbatorii-pastelui-cand-revine-programul-la-normal\/#respond\">Niciun comentariu<span class=\"screen-reader-text\"> la Casieriile Aquatim, \u00eenchise \u00een perioada s\u0103rb\u0103torii Pa\u0219telui! C\u00e2nd revine programul la normal?<\/span><\/a><\/div>\n<h3 class=\"el-title uk-h4 uk-link-reset uk-margin-small-top uk-margin-remove-bottom\"><a href=\"https:\/\/www.sursadevest.ro\/casieriile-aquatim-inchise-in-perioada-sarbatorii-pastelui-cand-revine-programul-la-normal\/\">Casieriile Aquatim, \u00eenchise \u00een perioada s\u0103rb\u0103torii Pa\u0219telui! C\u00e2nd revine programul la normal?<\/a><\/h3>\n<div class=\"el-content uk-panel uk-margin-small-top\">\n<p>Aquatim anun\u021b\u0103 programul societ\u0103\u021bii, \u00een perioada Pa\u0219telui. Sursa de Vest See Full Bio<\/p>\n<\/div>\n<div class=\"uk-margin-top\"><a href=\"https:\/\/www.sursadevest.ro\/casieriile-aquatim-inchise-in-perioada-sarbatorii-pastelui-cand-revine-programul-la-normal\/\" class=\"el-link uk-button uk-button-text\">Vezi detalii<\/a><\/div>\n<\/div>\n<\/div>\n<div>\n<div class=\"el-item uk-panel uk-margin-remove-first-child\"><a href=\"https:\/\/www.sursadevest.ro\/performanta-pentru-ghiroda-a-obtinut-marele-premiu-la-festivalul-lada-cu-zestre\/\"><source type=\"image\/webp\" srcset=\"\/wp-content\/uploads\/yootheme\/cache\/f2\/lada-cu-zestre-ghiroda-f22a262b.webp 610w, \/wp-content\/uploads\/yootheme\/cache\/65\/lada-cu-zestre-ghiroda-650ed981.webp 768w, \/wp-content\/uploads\/yootheme\/cache\/6e\/lada-cu-zestre-ghiroda-6e8cd35d.webp 997w\" sizes=\"(min-width: 610px) 610px\" \/><\/a><\/p>\n<div class=\"el-meta uk-h6 uk-text-primary uk-margin-top uk-margin-remove-bottom\"><time datetime=\"2026-04-08T08:38:01+02:00\">8 aprilie, 2026<\/time> | <a href=\"https:\/\/www.sursadevest.ro\/author\/petronela\/\">Sursa de Vest<\/a> | <a href=\"https:\/\/www.sursadevest.ro\/categorie\/stiri\/eveniment\/\" rel=\"tag\">Eveniment<\/a>, <a href=\"https:\/\/www.sursadevest.ro\/categorie\/stiri\/\" rel=\"tag\">\u0218tiri<\/a> | <a href=\"https:\/\/www.sursadevest.ro\/performanta-pentru-ghiroda-a-obtinut-marele-premiu-la-festivalul-lada-cu-zestre\/#respond\">Niciun comentariu<span class=\"screen-reader-text\"> la Performan\u021b\u0103 pentru Ghiroda! A ob\u021binut Marele Premiu la festivalul \u201eLada cu Zestre\u201d<\/span><\/a><\/div>\n<h3 class=\"el-title uk-h4 uk-link-reset uk-margin-small-top uk-margin-remove-bottom\"><a href=\"https:\/\/www.sursadevest.ro\/performanta-pentru-ghiroda-a-obtinut-marele-premiu-la-festivalul-lada-cu-zestre\/\">Performan\u021b\u0103 pentru Ghiroda! A ob\u021binut Marele Premiu la festivalul \u201eLada cu Zestre\u201d<\/a><\/h3>\n<div class=\"el-content uk-panel uk-margin-small-top\">\n<p>Comuna Ghiroda a ob\u021binut din nou o recunoa\u0219tere important\u0103 \u00een cadrul festivalului \u2013 concurs \u201eLada cu Zestre\u201d. A c\u00e2\u0219tigat Marele Premiu la categoria \u201eLaurea\u021bi\u201d. Sursa de Vest See Full Bio<\/p>\n<\/div>\n<div class=\"uk-margin-top\"><a href=\"https:\/\/www.sursadevest.ro\/performanta-pentru-ghiroda-a-obtinut-marele-premiu-la-festivalul-lada-cu-zestre\/\" class=\"el-link uk-button uk-button-text\">Vezi detalii<\/a><\/div>\n<\/div>\n<\/div>\n<div>\n<div class=\"el-item uk-panel uk-margin-remove-first-child\"><a href=\"https:\/\/www.sursadevest.ro\/doliu-in-lumea-fotbalului-mircea-lucescu-cel-mai-titrat-antrenor-roman-s-a-stins-din-viata\/\"><img decoding=\"async\" class=\"el-image uk-border-rounded\" src=\"https:\/\/www.sursadevest.ro\/wp-content\/uploads\/2026\/02\/mircea-lucescu.gif\" alt loading=\"lazy\" width=\"610\" height=\"381\"><\/a><\/p>\n<div class=\"el-meta uk-h6 uk-text-primary uk-margin-top uk-margin-remove-bottom\"><time datetime=\"2026-04-07T19:54:48+02:00\">7 aprilie, 2026<\/time> | <a href=\"https:\/\/www.sursadevest.ro\/author\/petronela\/\">Sursa de Vest<\/a> | <a href=\"https:\/\/www.sursadevest.ro\/categorie\/stiri\/eveniment\/\" rel=\"tag\">Eveniment<\/a>, <a href=\"https:\/\/www.sursadevest.ro\/categorie\/stiri\/\" rel=\"tag\">\u0218tiri<\/a> | <a href=\"https:\/\/www.sursadevest.ro\/doliu-in-lumea-fotbalului-mircea-lucescu-cel-mai-titrat-antrenor-roman-s-a-stins-din-viata\/#respond\">Niciun comentariu<span class=\"screen-reader-text\"> la Doliu \u00een lumea fotbalului! Mircea Lucescu, cel mai titrat antrenor rom\u00e2n, s-a stins din via\u021b\u0103!<\/span><\/a><\/div>\n<h3 class=\"el-title uk-h4 uk-link-reset uk-margin-small-top uk-margin-remove-bottom\"><a href=\"https:\/\/www.sursadevest.ro\/doliu-in-lumea-fotbalului-mircea-lucescu-cel-mai-titrat-antrenor-roman-s-a-stins-din-viata\/\">Doliu \u00een lumea fotbalului! Mircea Lucescu, cel mai titrat antrenor rom\u00e2n, s-a stins din via\u021b\u0103!<\/a><\/h3>\n<div class=\"el-content uk-panel uk-margin-small-top\">\n<p>Cel mai titrat antrenor rom\u00e2n al tuturor timpurilor, Mircea Lucescu s-a stins din via\u021b\u0103, \u00een urm\u0103 cu pu\u021bin timp la v\u00e2rsta de 80 de ani. Sursa de Vest See Full Bio<\/p>\n<\/div>\n<div class=\"uk-margin-top\"><a href=\"https:\/\/www.sursadevest.ro\/doliu-in-lumea-fotbalului-mircea-lucescu-cel-mai-titrat-antrenor-roman-s-a-stins-din-viata\/\" class=\"el-link uk-button uk-button-text\">Vezi detalii<\/a><\/div>\n<\/div>\n<\/div>\n<div>\n<div class=\"el-item uk-panel uk-margin-remove-first-child\"><a href=\"https:\/\/www.sursadevest.ro\/retim-aunta-programul-de-lucru-in-perioada-pastelui\/\"><source type=\"image\/webp\" srcset=\"\/wp-content\/uploads\/yootheme\/cache\/25\/retim-25ef21e8.webp 610w, \/wp-content\/uploads\/yootheme\/cache\/5d\/retim-5da36f27.webp 800w\" sizes=\"(min-width: 610px) 610px\" \/><\/a><\/p>\n<div class=\"el-meta uk-h6 uk-text-primary uk-margin-top uk-margin-remove-bottom\"><time datetime=\"2026-04-07T17:17:00+02:00\">7 aprilie, 2026<\/time> | <a href=\"https:\/\/www.sursadevest.ro\/author\/petronela\/\">Sursa de Vest<\/a> | <a href=\"https:\/\/www.sursadevest.ro\/categorie\/stiri\/eveniment\/\" rel=\"tag\">Eveniment<\/a>, <a href=\"https:\/\/www.sursadevest.ro\/categorie\/stiri\/\" rel=\"tag\">\u0218tiri<\/a> | <a href=\"https:\/\/www.sursadevest.ro\/retim-aunta-programul-de-lucru-in-perioada-pastelui\/#respond\">Niciun comentariu<span class=\"screen-reader-text\"> la RETIM aun\u021b\u0103 programul de lucru, \u00een perioada Pa\u0219telui<\/span><\/a><\/div>\n<h3 class=\"el-title uk-h4 uk-link-reset uk-margin-small-top uk-margin-remove-bottom\"><a href=\"https:\/\/www.sursadevest.ro\/retim-aunta-programul-de-lucru-in-perioada-pastelui\/\">RETIM aun\u021b\u0103 programul de lucru, \u00een perioada Pa\u0219telui<\/a><\/h3>\n<div class=\"el-content uk-panel uk-margin-small-top\">\n<p>Compania RETIM informeaz\u0103 clien\u0163ii \u015fi colaboratorii s\u0103i din jude\u021bul Timi\u0219 asupra programului de lucru valabil \u00een perioada S\u0103rb\u0103torilor Pascale Ortodoxe. Sursa de Vest See Full Bio<\/p>\n<\/div>\n<div class=\"uk-margin-top\"><a href=\"https:\/\/www.sursadevest.ro\/retim-aunta-programul-de-lucru-in-perioada-pastelui\/\" class=\"el-link uk-button uk-button-text\">Vezi detalii<\/a><\/div>\n<\/div>\n<\/div>\n<div>\n<div class=\"el-item uk-panel uk-margin-remove-first-child\"><a href=\"https:\/\/www.sursadevest.ro\/garana-jazz-festival-aniverseaza-30-de-ani-cu-artisti-din-16-tari-si-patru-zile-de-concerte-in-mijlocul-naturii\/\"><source type=\"image\/webp\" srcset=\"\/wp-content\/uploads\/yootheme\/cache\/6d\/garana-jazz-6d110b1d.webp 610w, \/wp-content\/uploads\/yootheme\/cache\/fb\/garana-jazz-fb0daa3d.webp 768w, \/wp-content\/uploads\/yootheme\/cache\/83\/garana-jazz-8395997b.webp 1024w, \/wp-content\/uploads\/yootheme\/cache\/7a\/garana-jazz-7a432c9d.webp 1220w\" sizes=\"(min-width: 610px) 610px\" \/><\/a><\/p>\n<div class=\"el-meta uk-h6 uk-text-primary uk-margin-top uk-margin-remove-bottom\"><time datetime=\"2026-04-07T14:03:00+02:00\">7 aprilie, 2026<\/time> | <a href=\"https:\/\/www.sursadevest.ro\/author\/petronela\/\">Sursa de Vest<\/a> | <a href=\"https:\/\/www.sursadevest.ro\/categorie\/stiri\/cultura\/\" rel=\"tag\">Cultur\u0103<\/a>, <a href=\"https:\/\/www.sursadevest.ro\/categorie\/stiri\/eveniment\/\" rel=\"tag\">Eveniment<\/a>, <a href=\"https:\/\/www.sursadevest.ro\/categorie\/stiri\/\" rel=\"tag\">\u0218tiri<\/a> | <a href=\"https:\/\/www.sursadevest.ro\/garana-jazz-festival-aniverseaza-30-de-ani-cu-artisti-din-16-tari-si-patru-zile-de-concerte-in-mijlocul-naturii\/#respond\">Niciun comentariu<span class=\"screen-reader-text\"> la G\u0103r\u00e2na Jazz Festival aniverseaz\u0103 30 de ani cu arti\u0219ti din 16 \u021b\u0103ri \u0219i patru zile de concerte \u00een mijlocul naturii!<\/span><\/a><\/div>\n<h3 class=\"el-title uk-h4 uk-link-reset uk-margin-small-top uk-margin-remove-bottom\"><a href=\"https:\/\/www.sursadevest.ro\/garana-jazz-festival-aniverseaza-30-de-ani-cu-artisti-din-16-tari-si-patru-zile-de-concerte-in-mijlocul-naturii\/\">G\u0103r\u00e2na Jazz Festival aniverseaz\u0103 30 de ani cu arti\u0219ti din 16 \u021b\u0103ri \u0219i patru zile de concerte \u00een mijlocul naturii!<\/a><\/h3>\n<div class=\"el-content uk-panel uk-margin-small-top\">\n<p>G\u0103r\u00e2na Jazz Festival marcheaz\u0103 \u00een 2026 trei decenii de existen\u021b\u0103 printr-o edi\u021bie aniversar\u0103 ampl\u0103, programat\u0103 \u00eentre 9 \u0219i 12 iulie, \u00een decorul spectaculos al Mun\u021bilor Semenic. Sursa de Vest See Full Bio<\/p>\n<\/div>\n<div class=\"uk-margin-top\"><a href=\"https:\/\/www.sursadevest.ro\/garana-jazz-festival-aniverseaza-30-de-ani-cu-artisti-din-16-tari-si-patru-zile-de-concerte-in-mijlocul-naturii\/\" class=\"el-link uk-button uk-button-text\">Vezi detalii<\/a><\/div>\n<\/div>\n<\/div>\n<div>\n<div class=\"el-item uk-panel uk-margin-remove-first-child\">\n<div class=\"el-meta uk-h6 uk-text-primary uk-margin-top uk-margin-remove-bottom\"><time datetime=\"2026-04-07T13:48:02+02:00\">7 aprilie, 2026<\/time> | <a href=\"https:\/\/www.sursadevest.ro\/author\/petronela\/\">Sursa de Vest<\/a> | <a href=\"https:\/\/www.sursadevest.ro\/categorie\/stirea-din-spatele-stirii\/\" rel=\"tag\">\u0218tirea din Spatele \u0218tirii<\/a> | <a href=\"https:\/\/www.sursadevest.ro\/ips-ioan-selejan-mitropolitul-banatului-la-stirea-din-spatele-stirii\/#respond\">Niciun comentariu<span class=\"screen-reader-text\"> la \u00cePS Ioan Selejan, Mitropolitul Banatului, la \u201e\u0218tirea din Spatele \u0218tirii\u201d<\/span><\/a><\/div>\n<h3 class=\"el-title uk-h4 uk-link-reset uk-margin-small-top uk-margin-remove-bottom\"><a href=\"https:\/\/www.sursadevest.ro\/ips-ioan-selejan-mitropolitul-banatului-la-stirea-din-spatele-stirii\/\">\u00cePS Ioan Selejan, Mitropolitul Banatului, la \u201e\u0218tirea din Spatele \u0218tirii\u201d<\/a><\/h3>\n<div class=\"el-content uk-panel uk-margin-small-top\">\n<p>\u00cePS Ioan Selejan, Mitropolitul Banatului, la \u201e\u0218tirea din Spatele \u0218tirii\u201d \u2013 luni, 6 aprilie 2026. Sursa de Vest See Full Bio<\/p>\n<\/div>\n<div class=\"uk-margin-top\"><a href=\"https:\/\/www.sursadevest.ro\/ips-ioan-selejan-mitropolitul-banatului-la-stirea-din-spatele-stirii\/\" class=\"el-link uk-button uk-button-text\">Vezi detalii<\/a><\/div>\n<\/div>\n<\/div>\n<div>\n<div class=\"el-item uk-panel uk-margin-remove-first-child\"><a href=\"https:\/\/www.sursadevest.ro\/video-presedintele-nicusor-dan-despre-controversele-din-jurul-lui-alfred-simonis-eu-nu-am-o-protectie-in-care-sa-bag-pe-cineva-traim-intr-un-stat-de-drept-cu-constitutie-cu-legi\/\"><img decoding=\"async\" class=\"el-image uk-border-rounded\" src=\"https:\/\/www.sursadevest.ro\/wp-content\/uploads\/2026\/04\/nicusor-dan.gif\" alt loading=\"lazy\" width=\"610\" height=\"339\"><\/a><\/p>\n<div class=\"el-meta uk-h6 uk-text-primary uk-margin-top uk-margin-remove-bottom\"><time datetime=\"2026-04-07T13:14:29+02:00\">7 aprilie, 2026<\/time> | <a href=\"https:\/\/www.sursadevest.ro\/author\/redactie\/\">Petronela Axinte<\/a> | <a href=\"https:\/\/www.sursadevest.ro\/categorie\/stiri\/administratie\/\" rel=\"tag\">Administra\u021bie<\/a>, <a href=\"https:\/\/www.sursadevest.ro\/categorie\/stiri\/eveniment\/\" rel=\"tag\">Eveniment<\/a>, <a href=\"https:\/\/www.sursadevest.ro\/categorie\/stiri\/\" rel=\"tag\">\u0218tiri<\/a> | <a href=\"https:\/\/www.sursadevest.ro\/video-presedintele-nicusor-dan-despre-controversele-din-jurul-lui-alfred-simonis-eu-nu-am-o-protectie-in-care-sa-bag-pe-cineva-traim-intr-un-stat-de-drept-cu-constitutie-cu-legi\/#respond\">Niciun comentariu<span class=\"screen-reader-text\"> la Video: Pre\u0219edintele Nicu\u0219or Dan, despre controversele din jurul lui Alfred Simonis: Eu nu am o protec\u021bie \u00een care s\u0103 bag pe cineva. Tr\u0103im \u00eentr-un stat de drept, cu Constitu\u021bie, cu legi<\/span><\/a><\/div>\n<h3 class=\"el-title uk-h4 uk-link-reset uk-margin-small-top uk-margin-remove-bottom\"><a href=\"https:\/\/www.sursadevest.ro\/video-presedintele-nicusor-dan-despre-controversele-din-jurul-lui-alfred-simonis-eu-nu-am-o-protectie-in-care-sa-bag-pe-cineva-traim-intr-un-stat-de-drept-cu-constitutie-cu-legi\/\">Video: Pre\u0219edintele Nicu\u0219or Dan, despre controversele din jurul lui Alfred Simonis: Eu nu am o protec\u021bie \u00een care s\u0103 bag pe cineva. Tr\u0103im \u00eentr-un stat de drept, cu Constitu\u021bie, cu legi<\/a><\/h3>\n<div class=\"el-content uk-panel uk-margin-small-top\">\n<p>De Ziua Mondial\u0103 a S\u0103n\u0103t\u0103\u021bii, pre\u0219edintele Rom\u00e2niei a venit la Timi\u0219oara, pe \u0219antierul viitorului Centru de Mari Ar\u0219i, o investi\u021bie nefinalizat\u0103 \u0219i f\u0103r\u0103 echipamente medicale. Sursa de Vest See Full Bio<\/p>\n<\/div>\n<div class=\"uk-margin-top\"><a href=\"https:\/\/www.sursadevest.ro\/video-presedintele-nicusor-dan-despre-controversele-din-jurul-lui-alfred-simonis-eu-nu-am-o-protectie-in-care-sa-bag-pe-cineva-traim-intr-un-stat-de-drept-cu-constitutie-cu-legi\/\" class=\"el-link uk-button uk-button-text\">Vezi detalii<\/a><\/div>\n<\/div>\n<\/div>\n<div>\n<div class=\"el-item uk-panel uk-margin-remove-first-child\"><a href=\"https:\/\/www.sursadevest.ro\/motocicleta-confiscata-la-frontiera-ce-au-descoperit-politistii\/\"><source type=\"image\/webp\" srcset=\"\/wp-content\/uploads\/yootheme\/cache\/7e\/politia-de-frontiera-7ecb5883.webp 610w, \/wp-content\/uploads\/yootheme\/cache\/c2\/politia-de-frontiera-c24e7deb.webp 865w\" sizes=\"(min-width: 610px) 610px\" \/><\/a><\/p>\n<div class=\"el-meta uk-h6 uk-text-primary uk-margin-top uk-margin-remove-bottom\"><time datetime=\"2026-04-07T10:06:29+02:00\">7 aprilie, 2026<\/time> | <a href=\"https:\/\/www.sursadevest.ro\/author\/petronela\/\">Sursa de Vest<\/a> | <a href=\"https:\/\/www.sursadevest.ro\/categorie\/stiri\/eveniment\/\" rel=\"tag\">Eveniment<\/a>, <a href=\"https:\/\/www.sursadevest.ro\/categorie\/stiri\/\" rel=\"tag\">\u0218tiri<\/a> | <a href=\"https:\/\/www.sursadevest.ro\/motocicleta-confiscata-la-frontiera-ce-au-descoperit-politistii\/#respond\">Niciun comentariu<span class=\"screen-reader-text\"> la Motociclet\u0103 confiscat\u0103 la frontier\u0103! Ce au descoperit poli\u021bi\u0219tii?<\/span><\/a><\/div>\n<h3 class=\"el-title uk-h4 uk-link-reset uk-margin-small-top uk-margin-remove-bottom\"><a href=\"https:\/\/www.sursadevest.ro\/motocicleta-confiscata-la-frontiera-ce-au-descoperit-politistii\/\">Motociclet\u0103 confiscat\u0103 la frontier\u0103! Ce au descoperit poli\u021bi\u0219tii?<\/a><\/h3>\n<div class=\"el-content uk-panel uk-margin-small-top\">\n<p>Un motociclist a vrut s\u0103 treac\u0103 vama pentru a intra \u00een Rom\u00e2nia, \u00eens\u0103 lucrurile s-au complicat, dup\u0103 descoperirea poli\u021bi\u0219tilor de frontier\u0103. Sursa de Vest See Full Bio<\/p>\n<\/div>\n<div class=\"uk-margin-top\"><a href=\"https:\/\/www.sursadevest.ro\/motocicleta-confiscata-la-frontiera-ce-au-descoperit-politistii\/\" class=\"el-link uk-button uk-button-text\">Vezi detalii<\/a><\/div>\n<\/div>\n<\/div>\n<div>\n<div class=\"el-item uk-panel uk-margin-remove-first-child\">\n<div class=\"el-meta uk-h6 uk-text-primary uk-margin-top uk-margin-remove-bottom\"><time datetime=\"2026-04-07T09:25:30+02:00\">7 aprilie, 2026<\/time> | <a href=\"https:\/\/www.sursadevest.ro\/author\/petronela\/\">Sursa de Vest<\/a> | <a href=\"https:\/\/www.sursadevest.ro\/categorie\/stirea-din-spatele-stirii\/\" rel=\"tag\">\u0218tirea din Spatele \u0218tirii<\/a> | <a href=\"https:\/\/www.sursadevest.ro\/florin-popovici-la-stirea-din-spatele-stirii-3\/#respond\">Niciun comentariu<span class=\"screen-reader-text\"> la Florin Popovici, la \u201e\u0218tirea din Spatele \u0218tirii\u201d<\/span><\/a><\/div>\n<h3 class=\"el-title uk-h4 uk-link-reset uk-margin-small-top uk-margin-remove-bottom\"><a href=\"https:\/\/www.sursadevest.ro\/florin-popovici-la-stirea-din-spatele-stirii-3\/\">Florin Popovici, la \u201e\u0218tirea din Spatele \u0218tirii\u201d<\/a><\/h3>\n<div class=\"el-content uk-panel uk-margin-small-top\">\n<p>Florin Popovici, deputat de Timi\u0219 \u0219i fost director al Cur\u021bii de Conturi Timi\u0219, la \u201e\u0218tirea din Spatele \u0218tirii\u201d \u2013 vineri, 3 aprilie 2026. Sursa de Vest See Full Bio<\/p>\n<\/div>\n<div class=\"uk-margin-top\"><a href=\"https:\/\/www.sursadevest.ro\/florin-popovici-la-stirea-din-spatele-stirii-3\/\" class=\"el-link uk-button uk-button-text\">Vezi detalii<\/a><\/div>\n<\/div>\n<\/div>\n<div>\n<div class=\"el-item uk-panel uk-margin-remove-first-child\"><a href=\"https:\/\/www.sursadevest.ro\/restrictii-noi-in-trafic-la-timisoara-afectata-va-fi-si-circulatia-tramvaielor\/\"><source type=\"image\/webp\" srcset=\"\/wp-content\/uploads\/yootheme\/cache\/f2\/restrictii_trafic-f2fd4525.webp 610w, \/wp-content\/uploads\/yootheme\/cache\/a7\/restrictii_trafic-a77d77bc.webp 768w, \/wp-content\/uploads\/yootheme\/cache\/88\/restrictii_trafic-88a6e2c0.webp 900w\" sizes=\"(min-width: 610px) 610px\" \/><\/a><\/p>\n<div class=\"el-meta uk-h6 uk-text-primary uk-margin-top uk-margin-remove-bottom\"><time datetime=\"2026-04-07T09:18:19+02:00\">7 aprilie, 2026<\/time> | <a href=\"https:\/\/www.sursadevest.ro\/author\/petronela\/\">Sursa de Vest<\/a> | <a href=\"https:\/\/www.sursadevest.ro\/categorie\/stiri\/eveniment\/\" rel=\"tag\">Eveniment<\/a>, <a href=\"https:\/\/www.sursadevest.ro\/categorie\/stiri\/\" rel=\"tag\">\u0218tiri<\/a> | <a href=\"https:\/\/www.sursadevest.ro\/restrictii-noi-in-trafic-la-timisoara-afectata-va-fi-si-circulatia-tramvaielor\/#respond\">Niciun comentariu<span class=\"screen-reader-text\"> la Restric\u021bii noi \u00een trafic, la Timi\u0219oara! Afectat\u0103 va fi \u0219i circula\u021bia tramvaielor<\/span><\/a><\/div>\n<h3 class=\"el-title uk-h4 uk-link-reset uk-margin-small-top uk-margin-remove-bottom\"><a href=\"https:\/\/www.sursadevest.ro\/restrictii-noi-in-trafic-la-timisoara-afectata-va-fi-si-circulatia-tramvaielor\/\">Restric\u021bii noi \u00een trafic, la Timi\u0219oara! Afectat\u0103 va fi \u0219i circula\u021bia tramvaielor<\/a><\/h3>\n<div class=\"el-content uk-panel uk-margin-small-top\">\n<p>La Timi\u0219oara, sunt anun\u021bate restric\u021bii \u00een trafic, pentru lucr\u0103ri la re\u021beaua utilitar\u0103 de gaz \u0219i canalizare. Sursa de Vest See Full Bio<\/p>\n<\/div>\n<div class=\"uk-margin-top\"><a href=\"https:\/\/www.sursadevest.ro\/restrictii-noi-in-trafic-la-timisoara-afectata-va-fi-si-circulatia-tramvaielor\/\" class=\"el-link uk-button uk-button-text\">Vezi detalii<\/a><\/div>\n<\/div>\n<\/div>\n<\/div>\n<\/div>\n<\/div>\n<div class=\"uk-width-1-3@m\">\n<h2 class=\"uk-h4\">\n<p>                    Alte articole        <\/p>\n<\/h2>\n<div class=\"uk-margin\">\n<div class=\"uk-grid uk-child-width-1-1 uk-child-width-1-2@s uk-child-width-1-1@m uk-grid-small uk-grid-divider uk-grid-match\">\n<div>\n<div class=\"el-item uk-panel\">\n<div class=\"uk-grid-column-small\">\n<div class=\"uk-width-auto\"><a href=\"https:\/\/www.sursadevest.ro\/un-nou-reper-gastronomic-in-timisoara-s-a-deschis-restaurantul-terra-care-promite-sa-schimbe-vibe-ul-orasului\/\"><img decoding=\"async\" class=\"el-image\" src=\"https:\/\/www.sursadevest.ro\/wp-content\/uploads\/2026\/04\/hotel-rivo-3.gif\" alt loading=\"lazy\" width=\"75\" height=\"75\"><\/a><\/div>\n<div class=\"uk-width-expand uk-margin-remove-first-child\">\n<div class=\"el-meta uk-h6 uk-text-primary uk-margin-top uk-margin-remove-bottom\">8 aprilie, 2026<\/div>\n<h3 class=\"el-title uk-h5 uk-link-reset uk-margin-remove-top uk-margin-remove-bottom\"><a href=\"https:\/\/www.sursadevest.ro\/un-nou-reper-gastronomic-in-timisoara-s-a-deschis-restaurantul-terra-care-promite-sa-schimbe-vibe-ul-orasului\/\">Un nou reper gastronomic \u00een Timi\u0219oara! S-a deschis Restaurantul Terra, care promite s\u0103 schimbe vibe-ul ora\u0219ului<\/a><\/h3>\n<div class=\"uk-margin-small-top\"><a href=\"https:\/\/www.sursadevest.ro\/un-nou-reper-gastronomic-in-timisoara-s-a-deschis-restaurantul-terra-care-promite-sa-schimbe-vibe-ul-orasului\/\" class=\"el-link uk-button uk-button-text\">Vezi detalii<\/a><\/div>\n<\/div>\n<\/div>\n<\/div>\n<\/div>\n<div>\n<div class=\"el-item uk-panel\">\n<div class=\"uk-grid-column-small\">\n<div class=\"uk-width-auto\"><a href=\"https:\/\/www.sursadevest.ro\/tur-virtual-pentru-expozitia-fragilitatea-eternului-de-la-pompei-la-grand-tour-pana-astazi-disponibil-de-paste-la-muzeul-de-arta-din-timisoara\/\"><source type=\"image\/webp\" srcset=\"\/wp-content\/uploads\/yootheme\/cache\/8b\/pompeii-1-8b892e9e.webp 150w\" sizes=\"(min-width: 75px) 75px\" \/><\/a><\/div>\n<div class=\"uk-width-expand uk-margin-remove-first-child\">\n<div class=\"el-meta uk-h6 uk-text-primary uk-margin-top uk-margin-remove-bottom\">8 aprilie, 2026<\/div>\n<h3 class=\"el-title uk-h5 uk-link-reset uk-margin-remove-top uk-margin-remove-bottom\"><a href=\"https:\/\/www.sursadevest.ro\/tur-virtual-pentru-expozitia-fragilitatea-eternului-de-la-pompei-la-grand-tour-pana-astazi-disponibil-de-paste-la-muzeul-de-arta-din-timisoara\/\">Tur virtual pentru expozi\u021bia \u201eFragilitatea Eternului. De la Pompei la Grand Tour p\u00e2n\u0103 ast\u0103zi\u201d, disponibil de Pa\u0219te la Muzeul de Art\u0103 din Timi\u0219oara!<\/a><\/h3>\n<div class=\"uk-margin-small-top\"><a href=\"https:\/\/www.sursadevest.ro\/tur-virtual-pentru-expozitia-fragilitatea-eternului-de-la-pompei-la-grand-tour-pana-astazi-disponibil-de-paste-la-muzeul-de-arta-din-timisoara\/\" class=\"el-link uk-button uk-button-text\">Vezi detalii<\/a><\/div>\n<\/div>\n<\/div>\n<\/div>\n<\/div>\n<div>\n<div class=\"el-item uk-panel\">\n<div class=\"uk-grid-column-small\">\n<div class=\"uk-width-auto\"><a href=\"https:\/\/www.sursadevest.ro\/barbat-retinut-pentru-viol-violenta-in-familie-si-lipsire-de-libertate-a-fost-arestat-preventiv-pentru-30-de-zile\/\"><source type=\"image\/webp\" srcset=\"\/wp-content\/uploads\/yootheme\/cache\/1f\/viol-1fbfc838.webp 150w\" sizes=\"(min-width: 75px) 75px\" \/><\/a><\/div>\n<div class=\"uk-width-expand uk-margin-remove-first-child\">\n<div class=\"el-meta uk-h6 uk-text-primary uk-margin-top uk-margin-remove-bottom\">8 aprilie, 2026<\/div>\n<h3 class=\"el-title uk-h5 uk-link-reset uk-margin-remove-top uk-margin-remove-bottom\"><a href=\"https:\/\/www.sursadevest.ro\/barbat-retinut-pentru-viol-violenta-in-familie-si-lipsire-de-libertate-a-fost-arestat-preventiv-pentru-30-de-zile\/\">B\u0103rbat re\u021binut pentru viol, violen\u021b\u0103 \u00een familie \u0219i lipsire de libertate! A fost arestat preventiv pentru 30 de zile<\/a><\/h3>\n<div class=\"uk-margin-small-top\"><a href=\"https:\/\/www.sursadevest.ro\/barbat-retinut-pentru-viol-violenta-in-familie-si-lipsire-de-libertate-a-fost-arestat-preventiv-pentru-30-de-zile\/\" class=\"el-link uk-button uk-button-text\">Vezi detalii<\/a><\/div>\n<\/div>\n<\/div>\n<\/div>\n<\/div>\n<div>\n<div class=\"el-item uk-panel\">\n<div class=\"uk-grid-column-small\">\n<div class=\"uk-width-auto\"><a href=\"https:\/\/www.sursadevest.ro\/experienta-internationala-la-timisoara-zeci-de-studenti-straini-vin-la-uvt\/\"><img decoding=\"async\" class=\"el-image\" src=\"https:\/\/www.sursadevest.ro\/wp-content\/uploads\/2026\/04\/studenti.gif\" alt loading=\"lazy\" width=\"75\" height=\"75\"><\/a><\/div>\n<div class=\"uk-width-expand uk-margin-remove-first-child\">\n<div class=\"el-meta uk-h6 uk-text-primary uk-margin-top uk-margin-remove-bottom\">8 aprilie, 2026<\/div>\n<h3 class=\"el-title uk-h5 uk-link-reset uk-margin-remove-top uk-margin-remove-bottom\"><a href=\"https:\/\/www.sursadevest.ro\/experienta-internationala-la-timisoara-zeci-de-studenti-straini-vin-la-uvt\/\">Experien\u021b\u0103 interna\u021bional\u0103 la Timi\u0219oara! Zeci de studen\u021bi str\u0103ini vin la UVT<\/a><\/h3>\n<div class=\"uk-margin-small-top\"><a href=\"https:\/\/www.sursadevest.ro\/experienta-internationala-la-timisoara-zeci-de-studenti-straini-vin-la-uvt\/\" class=\"el-link uk-button uk-button-text\">Vezi detalii<\/a><\/div>\n<\/div>\n<\/div>\n<\/div>\n<\/div>\n<\/div>\n<\/div>\n<div class=\"uk-margin-remove-vertical\">\n<div class=\"uk-grid uk-child-width-1-1 uk-grid-small uk-grid-divider uk-grid-match\">\n<div>\n<div class=\"el-item uk-panel\"><a href=\"https:\/\/xpilatesspa.ro\" target=\"_blank\"><\/p>\n<div class=\"uk-inline-clip uk-transition-toggle\"><source type=\"image\/webp\" srcset=\"\/wp-content\/uploads\/yootheme\/cache\/4f\/WhatsApp-Image-2025-07-16-at-153218_b2c81b10-4f95fb31.webp 768w, \/wp-content\/uploads\/yootheme\/cache\/c3\/WhatsApp-Image-2025-07-16-at-153218_b2c81b10-c35bc934.webp 1024w, \/wp-content\/uploads\/yootheme\/cache\/c8\/WhatsApp-Image-2025-07-16-at-153218_b2c81b10-c8fb1140.webp 1366w, \/wp-content\/uploads\/yootheme\/cache\/8a\/WhatsApp-Image-2025-07-16-at-153218_b2c81b10-8aa1972b.webp 1600w\" sizes=\"(min-width: 1600px) 1600px\" \/><\/div>\n<p><\/a><\/p>\n<div class=\"uk-padding-small uk-margin-remove-first-child\">\n<div class=\"el-meta uk-text-meta uk-margin-small-top\">XPilates &amp; Spa<\/div>\n<div class=\"uk-margin-small-top\"><a href=\"https:\/\/xpilatesspa.ro\" target=\"_blank\" class=\"el-link uk-button uk-button-text\">Vezi detalii<\/a><\/div>\n<\/div>\n<\/div>\n<\/div>\n<div>\n<div class=\"el-item uk-panel\"><a href=\"https:\/\/retim.ro\/utile-timis\/abonamentul-verde\/\" target=\"_blank\"><\/p>\n<div class=\"uk-inline-clip uk-transition-toggle\"><img loading=\"lazy\" decoding=\"async\" class=\"el-image uk-transition-scale-down uk-transition-opaque\" src=\"https:\/\/www.sursadevest.ro\/wp-content\/uploads\/2024\/10\/ReTIM-Abonamentul-Verde-Google-Ads-300x250px.gif\" alt width=\"300\" height=\"250\"><\/div>\n<p><\/a><\/p>\n<div class=\"uk-padding-small uk-margin-remove-first-child\">\n<div class=\"el-meta uk-text-meta uk-margin-small-top\">Retim Ecologic Service<\/div>\n<div class=\"uk-margin-small-top\"><a href=\"https:\/\/retim.ro\/utile-timis\/abonamentul-verde\/\" target=\"_blank\" class=\"el-link uk-button uk-button-text\">Vezi detalii<\/a><\/div>\n<\/div>\n<\/div>\n<\/div>\n<div>\n<div class=\"el-item uk-panel\"><a href=\"https:\/\/rmnimagisticas.ro\/\" target=\"_blank\"><\/p>\n<div class=\"uk-inline-clip uk-transition-toggle\"><source type=\"image\/webp\" srcset=\"\/wp-content\/uploads\/yootheme\/cache\/86\/RMN-Imagistica-86a88a5a.webp 450w\" sizes=\"(min-width: 450px) 450px\" \/><\/div>\n<p><\/a><\/p>\n<div class=\"uk-padding-small uk-margin-remove-first-child\">\n<div class=\"el-meta uk-text-meta uk-margin-small-top\">RMN ImagisticAS<\/div>\n<div class=\"uk-margin-small-top\"><a href=\"https:\/\/rmnimagisticas.ro\/\" target=\"_blank\" class=\"el-link uk-button uk-button-text\">Vezi detalii<\/a><\/div>\n<\/div>\n<\/div>\n<\/div>\n<div>\n<div class=\"el-item uk-panel\"><a href=\"https:\/\/ro.san-marco.com\/\" target=\"_blank\"><\/p>\n<div class=\"uk-inline-clip uk-transition-toggle\"><source type=\"image\/webp\" srcset=\"\/wp-content\/uploads\/yootheme\/cache\/df\/sanmarco-df655601.webp 450w\" sizes=\"(min-width: 450px) 450px\" \/><\/div>\n<p><\/a><\/p>\n<div class=\"uk-padding-small uk-margin-remove-first-child\">\n<div class=\"el-meta uk-text-meta uk-margin-small-top\">San Marco<\/div>\n<div class=\"uk-margin-small-top\"><a href=\"https:\/\/ro.san-marco.com\/\" target=\"_blank\" class=\"el-link uk-button uk-button-text\">Vezi detalii<\/a><\/div>\n<\/div>\n<\/div>\n<\/div>\n<div>\n<div class=\"el-item uk-panel\"><a href=\"https:\/\/afiom.ro\/doneaza\" target=\"_blank\"><\/p>\n<div class=\"uk-inline-clip uk-transition-toggle\"><img loading=\"lazy\" decoding=\"async\" class=\"el-image uk-transition-scale-down uk-transition-opaque\" src=\"https:\/\/www.sursadevest.ro\/wp-content\/uploads\/2024\/12\/AfiOM_Sites_350x350_Mamici.gif\" alt width=\"350\" height=\"350\"><\/div>\n<p><\/a><\/p>\n<div class=\"uk-padding-small uk-margin-remove-first-child\">\n<div class=\"el-meta uk-text-meta uk-margin-small-top\">A fi om!<\/div>\n<div class=\"uk-margin-small-top\"><a href=\"https:\/\/afiom.ro\/doneaza\" target=\"_blank\" class=\"el-link uk-button uk-button-text\">Vezi detalii<\/a><\/div>\n<\/div>\n<\/div>\n<\/div>\n<div>\n<div class=\"el-item uk-panel\"><a href=\"https:\/\/afiom.ro\/doneaza\" target=\"_blank\"><\/p>\n<div class=\"uk-inline-clip uk-transition-toggle\"><img loading=\"lazy\" decoding=\"async\" class=\"el-image uk-transition-scale-down uk-transition-opaque\" src=\"https:\/\/www.sursadevest.ro\/wp-content\/uploads\/2024\/12\/AfiOM_Sites_350x350_Sport.gif\" alt width=\"350\" height=\"350\"><\/div>\n<p><\/a><\/p>\n<div class=\"uk-padding-small uk-margin-remove-first-child\">\n<div class=\"el-meta uk-text-meta uk-margin-small-top\">A fi om!<\/div>\n<div class=\"uk-margin-small-top\"><a href=\"https:\/\/afiom.ro\/doneaza\" target=\"_blank\" class=\"el-link uk-button uk-button-text\">Vezi detalii<\/a><\/div>\n<\/div>\n<\/div>\n<\/div>\n<div>\n<div class=\"el-item uk-panel uk-margin-remove-first-child\">\n<div class=\"el-meta uk-text-meta uk-margin-small-top\">For\u021ba Dreptei<\/div>\n<\/div>\n<\/div>\n<div>\n<div class=\"el-item uk-panel\"><a href=\"https:\/\/www.igard.ro\" target=\"_blank\"><\/p>\n<div class=\"uk-inline-clip uk-transition-toggle\"><source type=\"image\/webp\" srcset=\"\/wp-content\/uploads\/yootheme\/cache\/8c\/iGard-0124-02-8cb83681.webp 768w, \/wp-content\/uploads\/yootheme\/cache\/89\/iGard-0124-02-894b8f7b.webp 1080w\" sizes=\"(min-width: 1080px) 1080px\" \/><\/div>\n<p><\/a><\/p>\n<div class=\"uk-padding-small uk-margin-remove-first-child\">\n<div class=\"el-meta uk-text-meta uk-margin-small-top\">iGard panouri de gard \u2013 www.igard.ro<\/div>\n<div class=\"uk-margin-small-top\"><a href=\"https:\/\/www.igard.ro\" target=\"_blank\" class=\"el-link uk-button uk-button-text\">Vezi detalii<\/a><\/div>\n<\/div>\n<\/div>\n<\/div>\n<div>\n<div class=\"el-item uk-panel\">\n<div class=\"uk-inline-clip uk-transition-toggle\"><source type=\"image\/webp\" srcset=\"\/wp-content\/uploads\/yootheme\/cache\/f2\/atc-small-f2c6a401.webp 600w\" sizes=\"(min-width: 600px) 600px\" \/><\/div>\n<div class=\"uk-padding-small uk-margin-remove-first-child\">\n<div class=\"el-meta uk-text-meta uk-margin-small-top\">ATC BAUDESIGN<\/div>\n<\/div>\n<\/div>\n<\/div>\n<\/div>\n<\/div>\n<\/div>\n<\/div>\n<\/div>\n<\/div>\n<div class=\"aioseo-author-bio-compact\">\n<div class=\"aioseo-author-bio-compact-left\"><img decoding=\"async\" class=\"aioseo-author-bio-compact-image\" src=\"https:\/\/secure.gravatar.com\/avatar\/501cbb41fb946fd7475cb910bea8645fcd5f3c573a38078115f3b3b589fd7a2a?s=300&amp;d=mm&amp;r=g\" alt=\"author avatar\"><\/div>\n<div class=\"aioseo-author-bio-compact-right\">\n<div class=\"aioseo-author-bio-compact-header\"><span class=\"author-name\">Sursa de Vest<\/span><\/div>\n<div class=\"aioseo-author-bio-compact-main\">\n<div class=\"author-bio-link\"><a href=\"https:\/\/www.sursadevest.ro\/author\/petronela\/\">See Full Bio<\/a><\/div>\n<\/div>\n<\/div>\n<\/div>\n<p><\/main><\/p>\n<p>[analyse_source url=&#8221;https:\/\/www.sursadevest.ro\/vrei-sa-organizezi-evenimente-tech-faber-talks-tech-iti-deschide-usa\/&#8221;]<\/p>\n","protected":false},"excerpt":{"rendered":"<p>[analyse_image type=&#8221;featured&#8221; src=&#8221;https:\/\/www.sursadevest.ro\/wp-content\/uploads\/2026\/04\/faber-tech.png&#8221;] Vrei s\u0103 organizezi evenimente tech? \u201eFABER talks tech!\u201d \u00ee\u021bi deschide u\u0219a 8 aprilie, 2026 | Sursa de Vest | Eveniment, \u0218tiri | Niciun comentariu la Vrei s\u0103 organizezi evenimente tech? \u201eFABER talks tech!\u201d \u00ee\u021bi deschide u\u0219a \u0218tiri Eveniment XPilates &amp; Spa Vezi detalii O nou\u0103 oportunitate pentru pasiona\u021bii de tehnologie prinde contur [&hellip;]<\/p>\n","protected":false},"author":1,"featured_media":0,"comment_status":"open","ping_status":"","sticky":false,"template":"","format":"standard","meta":{"footnotes":""},"categories":[89],"tags":[226,200],"class_list":["post-1873074","post","type-post","status-publish","format-standard","hentry","category-romania","tag-crawlmanager","tag-sursadevest-ro"],"_links":{"self":[{"href":"https:\/\/analyse.optim.biz\/index.php?rest_route=\/wp\/v2\/posts\/1873074","targetHints":{"allow":["GET"]}}],"collection":[{"href":"https:\/\/analyse.optim.biz\/index.php?rest_route=\/wp\/v2\/posts"}],"about":[{"href":"https:\/\/analyse.optim.biz\/index.php?rest_route=\/wp\/v2\/types\/post"}],"author":[{"embeddable":true,"href":"https:\/\/analyse.optim.biz\/index.php?rest_route=\/wp\/v2\/users\/1"}],"replies":[{"embeddable":true,"href":"https:\/\/analyse.optim.biz\/index.php?rest_route=%2Fwp%2Fv2%2Fcomments&post=1873074"}],"version-history":[{"count":0,"href":"https:\/\/analyse.optim.biz\/index.php?rest_route=\/wp\/v2\/posts\/1873074\/revisions"}],"wp:attachment":[{"href":"https:\/\/analyse.optim.biz\/index.php?rest_route=%2Fwp%2Fv2%2Fmedia&parent=1873074"}],"wp:term":[{"taxonomy":"category","embeddable":true,"href":"https:\/\/analyse.optim.biz\/index.php?rest_route=%2Fwp%2Fv2%2Fcategories&post=1873074"},{"taxonomy":"post_tag","embeddable":true,"href":"https:\/\/analyse.optim.biz\/index.php?rest_route=%2Fwp%2Fv2%2Ftags&post=1873074"}],"curies":[{"name":"wp","href":"https:\/\/api.w.org\/{rel}","templated":true}]}}