{"id":187267,"date":"2015-01-31T12:41:37","date_gmt":"2015-01-31T09:41:37","guid":{"rendered":"https:\/\/analyse.optim.biz\/?p=187267"},"modified":"2015-01-31T12:41:37","modified_gmt":"2015-01-31T09:41:37","slug":"a-videanu-a-demisionat-de-la-sefia-pdl-bucuresti-si-este-suspendat-din-partid-v-blaga-din-pacate-lucrurile-sunt-clare","status":"publish","type":"post","link":"https:\/\/analyse.optim.biz\/?p=187267","title":{"rendered":"A. Videanu a demisionat de la \u015fefia PDL Bucure\u015fti \u015fi este suspendat din partid. V. Blaga: &#8220;Din p\u0103cate, lucrurile sunt clare&#8221;"},"content":{"rendered":"<div class=\"entry data-app-meta data-app-meta-article\" data-embed-base-url-canonical=\"https:\/\/www.digi24.ro\/embed\/stiri\/actualitate\/politica\/a-videanu-a-demisionat-de-la-sefia-pdl-bucuresti-si-este-suspendat-din-partid-v-blaga-din-pacate-lucrurile-sunt-clare-353923\">\n<p data-index=\"1\">Vasile Blaga a fost \u00eentrebat, \u00eenaintea \u015fedin\u0163ei Consiliului Na\u0163ional al PNL care se reune\u015fte s\u00e2mb\u0103t\u0103, la Palatul Parlamentului, care este statutul lui<a href=\"https:\/\/www.digi24.ro\/Stiri\/Digi24\/Actualitate\/Justitie\/ADRIEAN+VIDEANU+DOSARUL+GAZELOR+IEFTINE+ARESTARE\" target=\"_blank\" data-skip-linkfix=\"1\" rel=\"noopener\"><strong> Adriean Videanu<\/strong><\/a> \u00een PNL, din moment ce a fost arestat preventiv.<\/p>\n<p data-index=\"2\">\u201eDin p\u0103cate lucrurile sunt clare, domnia sa este suspendat din calitatea de membru de partid, dar a trimis azi diminea\u0163\u0103 la partid \u015fi demisia din func\u0163ia de pre\u015fedinte al organiza\u0163iei noastre de Bucure\u015fti \u015fi co-pre\u015fedinte al PNL (Organiza\u0163ia PNL Bucure\u015fti, nr)\u201d, a declarat Blaga.<\/p>\n<p data-index=\"3\">\u00cenalta Curte de Casa\u0163ie \u015fi Justi\u0163ie a decis \u00een aceast\u0103 diminea\u0163\u0103 arestarea preventiv\u0103 a lui Adriean Videanu, Dorin \u015fi Alin Coco\u015f, Alina Bica \u015fi Florentin Mih\u0103ilescu. Decizia a fost luat\u0103 \u00een dosarul disjuns din cel al desp\u0103gubirii ilegale pentru un teren supraevaluat \u015fi poate fi contestat\u0103 la instan\u0163a suprem\u0103.<\/p>\n<\/div>\n<p> Source URL: https:\/\/www.digi24.ro\/stiri\/actualitate\/politica\/a-videanu-a-demisionat-de-la-sefia-pdl-bucuresti-si-este-suspendat-din-partid-v-blaga-din-pacate-lucrurile-sunt-clare-353923<\/p>\n","protected":false},"excerpt":{"rendered":"<p>Vasile Blaga a fost \u00eentrebat, \u00eenaintea \u015fedin\u0163ei Consiliului Na\u0163ional al PNL care se reune\u015fte s\u00e2mb\u0103t\u0103, la Palatul Parlamentului, care este statutul lui Adriean Videanu \u00een PNL, din moment ce a fost arestat preventiv. \u201eDin p\u0103cate lucrurile sunt clare, domnia sa este suspendat din calitatea de membru de partid, dar a trimis azi diminea\u0163\u0103 la partid [&hellip;]<\/p>\n","protected":false},"author":1,"featured_media":187268,"comment_status":"open","ping_status":"","sticky":false,"template":"","format":"standard","meta":{"footnotes":""},"categories":[2],"tags":[11],"class_list":["post-187267","post","type-post","status-publish","format-standard","has-post-thumbnail","hentry","category-politics","tag-digi24"],"_links":{"self":[{"href":"https:\/\/analyse.optim.biz\/index.php?rest_route=\/wp\/v2\/posts\/187267","targetHints":{"allow":["GET"]}}],"collection":[{"href":"https:\/\/analyse.optim.biz\/index.php?rest_route=\/wp\/v2\/posts"}],"about":[{"href":"https:\/\/analyse.optim.biz\/index.php?rest_route=\/wp\/v2\/types\/post"}],"author":[{"embeddable":true,"href":"https:\/\/analyse.optim.biz\/index.php?rest_route=\/wp\/v2\/users\/1"}],"replies":[{"embeddable":true,"href":"https:\/\/analyse.optim.biz\/index.php?rest_route=%2Fwp%2Fv2%2Fcomments&post=187267"}],"version-history":[{"count":0,"href":"https:\/\/analyse.optim.biz\/index.php?rest_route=\/wp\/v2\/posts\/187267\/revisions"}],"wp:featuredmedia":[{"embeddable":true,"href":"https:\/\/analyse.optim.biz\/index.php?rest_route=\/wp\/v2\/media\/187268"}],"wp:attachment":[{"href":"https:\/\/analyse.optim.biz\/index.php?rest_route=%2Fwp%2Fv2%2Fmedia&parent=187267"}],"wp:term":[{"taxonomy":"category","embeddable":true,"href":"https:\/\/analyse.optim.biz\/index.php?rest_route=%2Fwp%2Fv2%2Fcategories&post=187267"},{"taxonomy":"post_tag","embeddable":true,"href":"https:\/\/analyse.optim.biz\/index.php?rest_route=%2Fwp%2Fv2%2Ftags&post=187267"}],"curies":[{"name":"wp","href":"https:\/\/api.w.org\/{rel}","templated":true}]}}