{"id":187241,"date":"2015-01-31T20:56:29","date_gmt":"2015-01-31T17:56:29","guid":{"rendered":"https:\/\/analyse.optim.biz\/?p=187241"},"modified":"2015-01-31T20:56:29","modified_gmt":"2015-01-31T17:56:29","slug":"mircea-geoana-si-marian-vanghelie-isi-lanseaza-partidul","status":"publish","type":"post","link":"https:\/\/analyse.optim.biz\/?p=187241","title":{"rendered":"Mircea Geoan\u0103 \u015fi Marian Vanghelie \u00ee\u015fi lanseaz\u0103 partidul"},"content":{"rendered":"<div class=\"entry data-app-meta data-app-meta-article\" data-embed-base-url-canonical=\"https:\/\/www.digi24.ro\/embed\/stiri\/actualitate\/politica\/mircea-geoana-si-marian-vanghelie-isi-lanseaza-partidul-354009\">\n<p data-index=\"1\">O mie de invita\u0163i vor veni la Romexpo pentru a sus\u0163ine noua forma\u0163iune. Va fi lansat\u0103 \u015fi o platform\u0103 politic\u0103 numit\u0103 Mi\u015fcarea Rom\u00e2nia Noastr\u0103. Cei doi lideri spun c\u0103 20 de parlamentari ar urma s\u0103 se al\u0103ture noului partid. Cei mai mul\u0163i &#8211; de la PSD.<\/p>\n<p data-index=\"2\"><strong>Mircea Geoan\u0103 \u015fi Marian Vanghelie au fost exclu\u015fi din PSD \u00een noiembrie anul trecut,<\/strong> dup\u0103 ce Victor Ponta a pierdut alegerile, fiind acuza\u0163i de complot \u00eempotriva actualei conduceri. \u00cenc\u0103 de atunci Mircea Geoan\u0103 \u015fi Marian Vanghelie vorbeau despre un proiect politic, o alternativ\u0103 la st\u00e2nga dominat\u0103 de PSD.<\/p>\n<p data-index=\"3\"><strong> La \u00eenceputul anului, au fost \u00eenregistrate de c\u0103tre consiliera lui Mircea Geoan\u0103 la OSIM dou\u0103 m\u0103rci<\/strong>: \u201ePartidul Social Democrat Independent\u201d \u015fi \u201ePartidul Social Democra\u0163iei Independente\u201d. Iar deputatul Oana Niculescu Mizil, care are o rela\u0163ie cu Marian Vanghelie, a depus \u015fi ea o cerere pentru marca \u201ePartidul Social Democrat Independent\u201d. De la momentul excluderii, cei doi fo\u015fti social-democrat au purtat negocieri cu parlamentari din mai toate taberele. Surse declar\u0103 c\u0103 li s-au al\u0103turat 20 de parlamentari. Deocamdat\u0103, doar 13 nume au fost dezv\u0103luite. Este vorba despre nou\u0103 social-democra\u0163i, un senator conservator \u015fi trei fo\u015fti parlamentari PPDD, acum neafilia\u0163i.<\/p>\n<p data-index=\"4\"><strong>Fo\u015ftii colegi din conducerea PSD spun c\u0103 nu \u00ee\u015fi fac probleme \u00een privin\u0163a majorit\u0103\u0163ii din Parlament<\/strong>, chiar dac\u0103 Mircea Geoan\u0103 \u015fi Marian Vanghelie au anun\u0163at \u015fi c\u0103 mul\u0163i parlamentari social-democra\u0163i ar urma s\u0103 voteze pentru c\u0103derea Guvernului Ponta.<\/p>\n<p data-index=\"5\">\u201eAvem zece \u00een plus. Am \u00een\u021beles c\u0103 un coleg \u0219i-a anun\u021bat inten\u021bia s\u0103 se \u00eenscrie \u00een forma\u021biunea domnului Geoan\u0103\u201d, a spus Ilie S\u00e2rbu, liderul senatorilor PSD. \u201eFoarte mul\u021bi oameni sunt irita\u021bi fa\u021b\u0103 de atitudinea lui Mircea Geoan\u0103. Dup\u0103 CEX, c\u00e2nd au fost exclu\u0219i, au tot sunat\u201d, a spus Liviu Dragnea. Cel mai probabil, Mircea Geoan\u0103 va fi pre\u015fedintele noului partid, secondat de primarul Sectorului 5. \u00a0<\/p>\n<\/div>\n<p> Source URL: https:\/\/www.digi24.ro\/stiri\/actualitate\/politica\/mircea-geoana-si-marian-vanghelie-isi-lanseaza-partidul-354009<\/p>\n","protected":false},"excerpt":{"rendered":"<p>O mie de invita\u0163i vor veni la Romexpo pentru a sus\u0163ine noua forma\u0163iune. Va fi lansat\u0103 \u015fi o platform\u0103 politic\u0103 numit\u0103 Mi\u015fcarea Rom\u00e2nia Noastr\u0103. Cei doi lideri spun c\u0103 20 de parlamentari ar urma s\u0103 se al\u0103ture noului partid. Cei mai mul\u0163i &#8211; de la PSD. Mircea Geoan\u0103 \u015fi Marian Vanghelie au fost exclu\u015fi din [&hellip;]<\/p>\n","protected":false},"author":1,"featured_media":187242,"comment_status":"open","ping_status":"","sticky":false,"template":"","format":"standard","meta":{"footnotes":""},"categories":[2],"tags":[11],"class_list":["post-187241","post","type-post","status-publish","format-standard","has-post-thumbnail","hentry","category-politics","tag-digi24"],"_links":{"self":[{"href":"https:\/\/analyse.optim.biz\/index.php?rest_route=\/wp\/v2\/posts\/187241","targetHints":{"allow":["GET"]}}],"collection":[{"href":"https:\/\/analyse.optim.biz\/index.php?rest_route=\/wp\/v2\/posts"}],"about":[{"href":"https:\/\/analyse.optim.biz\/index.php?rest_route=\/wp\/v2\/types\/post"}],"author":[{"embeddable":true,"href":"https:\/\/analyse.optim.biz\/index.php?rest_route=\/wp\/v2\/users\/1"}],"replies":[{"embeddable":true,"href":"https:\/\/analyse.optim.biz\/index.php?rest_route=%2Fwp%2Fv2%2Fcomments&post=187241"}],"version-history":[{"count":0,"href":"https:\/\/analyse.optim.biz\/index.php?rest_route=\/wp\/v2\/posts\/187241\/revisions"}],"wp:featuredmedia":[{"embeddable":true,"href":"https:\/\/analyse.optim.biz\/index.php?rest_route=\/wp\/v2\/media\/187242"}],"wp:attachment":[{"href":"https:\/\/analyse.optim.biz\/index.php?rest_route=%2Fwp%2Fv2%2Fmedia&parent=187241"}],"wp:term":[{"taxonomy":"category","embeddable":true,"href":"https:\/\/analyse.optim.biz\/index.php?rest_route=%2Fwp%2Fv2%2Fcategories&post=187241"},{"taxonomy":"post_tag","embeddable":true,"href":"https:\/\/analyse.optim.biz\/index.php?rest_route=%2Fwp%2Fv2%2Ftags&post=187241"}],"curies":[{"name":"wp","href":"https:\/\/api.w.org\/{rel}","templated":true}]}}