{"id":1872285,"date":"2026-04-08T15:34:14","date_gmt":"2026-04-08T12:34:14","guid":{"rendered":"https:\/\/analyse.optim.biz\/?p=1872285"},"modified":"2026-04-08T15:34:14","modified_gmt":"2026-04-08T12:34:14","slug":"cioban-ridicat-de-la-stana-si-dus-dupa-gratii-dupa-o-condamnare-pentru-tentativa-de-omor-stiri-suceava","status":"publish","type":"post","link":"https:\/\/analyse.optim.biz\/?p=1872285","title":{"rendered":"Cioban ridicat de la st\u00e2n\u0103 \u0219i dus dup\u0103 gratii dup\u0103 o condamnare pentru tentativ\u0103 de omor &#8211; Stiri Suceava"},"content":{"rendered":"<p>[analyse_image type=&#8221;featured&#8221; src=&#8221;https:\/\/www.informatiata.ro\/wp-content\/uploads\/2026\/04\/Screenshot_20260408_181836-1024&#215;546.jpg&#8221;]<\/p>\n<div class=\"td-post-content tagdiv-type\">\n<div class=\"td-post-featured-image\"><a href=\"https:\/\/www.informatiata.ro\/wp-content\/uploads\/2026\/04\/Screenshot_20260408_181836.jpg\" data-caption><img loading=\"lazy\" decoding=\"async\" width=\"696\" height=\"371\" class=\"entry-thumb td-modal-image\" src=\"https:\/\/www.informatiata.ro\/wp-content\/uploads\/2026\/04\/Screenshot_20260408_181836-696x371.jpg\" alt title=\"Screenshot_20260408_181836\"><img loading=\"lazy\" decoding=\"async\" width=\"696\" height=\"371\" class=\"entry-thumb td-modal-image\" src=\"https:\/\/www.informatiata.ro\/wp-content\/uploads\/2026\/04\/Screenshot_20260408_181836-696x371.jpg\" alt title=\"Screenshot_20260408_181836\"><\/a><\/div>\n<p>Un cioban a fost ridicat de la st\u00e2n\u0103 \u0219i dus dup\u0103 gratii dup\u0103 o condamnare pentru tentativ\u0103 de omor. <\/p>\n<p>La data de 07.04.2026, orele 14,40, lucr\u0103torii din cadrul SIC IPJ Suceava au \u00eenaintat c\u0103tre Sec\u021bia Nr.13 Poli\u021bie Rural\u0103 B\u0103lc\u0103u\u021bi mandatul de executare a pedepsei \u00eenchisorii emis de Tribunalul Boto\u0219ani, cu men\u021biunea c\u0103 din verific\u0103rile efectuate, persoana condamnat\u0103 s-ar afla la o st\u00e2n\u0103 situat\u0103 pe raza satului Negostina, comuna B\u0103lc\u0103u\u021bi, jude\u021b Suceava, <\/p>\n<div class=\"td-a-rec td-a-rec-id-content_inlineright  tdi_6 td_block_template_1\"><img loading=\"lazy\" decoding=\"async\" class=\"aligncenter size-full wp-image-64555\" src=\"https:\/\/www.informatiata.ro\/wp-content\/uploads\/2026\/04\/SAVCOM-13.gif\" alt width=\"299\" height=\"250\"><img loading=\"lazy\" decoding=\"async\" class=\"aligncenter size-full wp-image-64555\" src=\"https:\/\/www.informatiata.ro\/wp-content\/uploads\/2026\/04\/SAVCOM-13.gif\" alt width=\"299\" height=\"250\"><img loading=\"lazy\" decoding=\"async\" class=\"aligncenter size-full wp-image-64556\" src=\"https:\/\/www.informatiata.ro\/wp-content\/uploads\/2026\/04\/FACOS-11.gif\" alt width=\"300\" height=\"250\"><img loading=\"lazy\" decoding=\"async\" class=\"aligncenter size-full wp-image-64556\" src=\"https:\/\/www.informatiata.ro\/wp-content\/uploads\/2026\/04\/FACOS-11.gif\" alt width=\"300\" height=\"250\"><\/div>\n<p>\u00cen baza mandatului \u0219i a datelor primite, lucr\u0103torii Sec\u021biei Nr.13 Poli\u021bie Rural\u0103 B\u0103lc\u0103u\u021bi s-au deplasat la st\u00e2na respectiv\u0103, unde a fost identificat numitul Tincu Ioan de 58 ami, din com.Vii\u0219oara, jude\u021bul Boto\u0219ani. <\/p>\n<p>B\u0103rbatul a fost condamnat de Tribunalul Boto\u0219ani s\u0103 execute pedeapsa rezultant\u0103 de 5 (cinci) ani \u0219i 2 (dou\u0103) luni \u00eenchisoare, pentru s\u0103v\u00e2r\u0219irea infrac\u021biunilor de tentativ\u0103 la \u201eomor\u201d \u0219i \u201edistrugere\u201d. <\/p>\n<p>Persoana condamnat\u0103 a fost preluat\u0103 de o escort\u0103 din cadrul Sec\u021biei Nr.13 Poli\u021bie Rural\u0103 B\u0103lc\u0103u\u021bi, fiind transportat\u0103 \u00een regim normal de deplasare pentru a fi \u00eencarcerat\u0103 la Penitenciarul Boto\u0219ani.<\/p>\n<div class=\"td-a-rec td-a-rec-id-content_bottom  tdi_7 td_block_template_1\"><img loading=\"lazy\" decoding=\"async\" class=\"aligncenter size-large wp-image-64548\" src=\"https:\/\/www.informatiata.ro\/wp-content\/uploads\/2026\/04\/125204cb-14ed-41f8-bc6b-85e2e0d2b3ef-1-1024x682.jpg\" alt width=\"696\" height=\"464\"><img loading=\"lazy\" decoding=\"async\" class=\"aligncenter size-large wp-image-64548\" src=\"https:\/\/www.informatiata.ro\/wp-content\/uploads\/2026\/04\/125204cb-14ed-41f8-bc6b-85e2e0d2b3ef-1-1024x682.jpg\" alt width=\"696\" height=\"464\"><\/div>\n<\/div>\n<p>[analyse_source url=&#8221;https:\/\/www.informatiata.ro\/cioban-ridicat-din-stana-condamnat-inchisoare\/&#8221;]<\/p>\n","protected":false},"excerpt":{"rendered":"<p>[analyse_image type=&#8221;featured&#8221; src=&#8221;https:\/\/www.informatiata.ro\/wp-content\/uploads\/2026\/04\/Screenshot_20260408_181836-1024&#215;546.jpg&#8221;] Un cioban a fost ridicat de la st\u00e2n\u0103 \u0219i dus dup\u0103 gratii dup\u0103 o condamnare pentru tentativ\u0103 de omor. La data de 07.04.2026, orele 14,40, lucr\u0103torii din cadrul SIC IPJ Suceava au \u00eenaintat c\u0103tre Sec\u021bia Nr.13 Poli\u021bie Rural\u0103 B\u0103lc\u0103u\u021bi mandatul de executare a pedepsei \u00eenchisorii emis de Tribunalul Boto\u0219ani, cu men\u021biunea c\u0103 [&hellip;]<\/p>\n","protected":false},"author":1,"featured_media":0,"comment_status":"open","ping_status":"","sticky":false,"template":"","format":"standard","meta":{"footnotes":""},"categories":[89],"tags":[226,167],"class_list":["post-1872285","post","type-post","status-publish","format-standard","hentry","category-romania","tag-crawlmanager","tag-informatiata-ro"],"_links":{"self":[{"href":"https:\/\/analyse.optim.biz\/index.php?rest_route=\/wp\/v2\/posts\/1872285","targetHints":{"allow":["GET"]}}],"collection":[{"href":"https:\/\/analyse.optim.biz\/index.php?rest_route=\/wp\/v2\/posts"}],"about":[{"href":"https:\/\/analyse.optim.biz\/index.php?rest_route=\/wp\/v2\/types\/post"}],"author":[{"embeddable":true,"href":"https:\/\/analyse.optim.biz\/index.php?rest_route=\/wp\/v2\/users\/1"}],"replies":[{"embeddable":true,"href":"https:\/\/analyse.optim.biz\/index.php?rest_route=%2Fwp%2Fv2%2Fcomments&post=1872285"}],"version-history":[{"count":0,"href":"https:\/\/analyse.optim.biz\/index.php?rest_route=\/wp\/v2\/posts\/1872285\/revisions"}],"wp:attachment":[{"href":"https:\/\/analyse.optim.biz\/index.php?rest_route=%2Fwp%2Fv2%2Fmedia&parent=1872285"}],"wp:term":[{"taxonomy":"category","embeddable":true,"href":"https:\/\/analyse.optim.biz\/index.php?rest_route=%2Fwp%2Fv2%2Fcategories&post=1872285"},{"taxonomy":"post_tag","embeddable":true,"href":"https:\/\/analyse.optim.biz\/index.php?rest_route=%2Fwp%2Fv2%2Ftags&post=1872285"}],"curies":[{"name":"wp","href":"https:\/\/api.w.org\/{rel}","templated":true}]}}