{"id":187216,"date":"2015-02-01T17:46:42","date_gmt":"2015-02-01T14:46:42","guid":{"rendered":"https:\/\/analyse.optim.biz\/?p=187216"},"modified":"2015-02-01T17:46:42","modified_gmt":"2015-02-01T14:46:42","slug":"tinerii-din-spatele-celei-mai-spectaculoase-campanii-politice-online-oamenii-care-au-creat-imaginea-lui-klaus-iohannis","status":"publish","type":"post","link":"https:\/\/analyse.optim.biz\/?p=187216","title":{"rendered":"Tinerii din spatele celei mai spectaculoase campanii politice online. Oamenii care au creat imaginea lui Klaus Iohannis"},"content":{"rendered":"<div class=\"entry data-app-meta data-app-meta-article\" data-embed-base-url-canonical=\"https:\/\/www.digi24.ro\/embed\/stiri\/actualitate\/politica\/tinerii-din-spatele-celei-mai-spectaculoase-campanii-politice-online-oamenii-care-au-creat-imaginea-lui-klaus-iohannis-354137\">\n<p data-index=\"1\"><strong>Ioan Dan Niculescu \u015fi Vlad T\u0103u\u015fance sunt doi dintre tinerii care au coordonat cea mai de succes campanie politic\u0103 online din Rom\u00e2nia.<\/strong>\u00a0<\/p>\n<p data-index=\"2\">Nu fac parte dintr-un partid, dar \u00eencurajeaz\u0103 implicarea civic\u0103. <span>\u00cei cunoa\u015ftem la Bonton pe oamenii care au creat imaginea pre\u015fedintelui. <\/span>P\u00e2n\u0103 la jum\u0103tatea anului trecut, peste 7 milioane de rom\u00e2ni aveau conturi de Facebook, iar 70% dintre ace\u015ftia activau zilnic pe acest canal.<\/p>\n<p data-index=\"3\"><strong>Ast\u0103zi, online-ul nu mai reprezint\u0103 doar o surs\u0103 de informa\u0163ie, ci are \u015fi un rol mobilizator.<\/strong> S-a \u00eent\u00e2mplat \u015fi la alegerile preziden\u0163iale din noiembrie 2014, atunci c\u00e2nd \u00een premier\u0103 pentru politica rom\u00e2neasc\u0103, victoria virtual\u0103 a avut acela\u015fi impact \u015fi \u00een via\u0163a real\u0103. Sute de ore de munc\u0103 \u015fi c\u00e2\u0163iva tineri cu obiective clare au reu\u015fit s\u0103 \u00eel aduc\u0103 pe Klaus Iohannis la Palatul Cotroceni, \u015fi totodat\u0103, s\u0103 \u00eel transforme \u00een cel mai popular om politic european din mediul online.<\/p>\n<p data-index=\"4\"><strong>Cum a \u00eenceput cea mai spectaculoas\u0103 campanie politic\u0103 online din Rom\u00e2nia<\/strong><\/p>\n<p data-index=\"5\">\u201e<strong>B\u0103i, care a\u0163i mai f\u0103cut o campanie electoral\u0103? &#8230; \u015fi r\u0103spunsurile veneau: eu nu, eu nu, eu nu \u015fi a fost un moment \u00een care ne-am uitat unii la al\u0163ii \u015fi ne-am \u00eentrebat pentru prima dat\u0103: ce c\u0103ut\u0103m noi \u00eempreun\u0103 aici?<\/strong>\u201d, a spus Ioan Dan Niculescu, director de crea\u0163ie. \u201eOrice \u00ee\u0163i dore\u015fti pe lumea asta este fezabil, cu unica condi\u0163ie s\u0103-\u0163i dore\u015fti suficient de mult. Cred c\u0103 este un criteriu \u00een func\u0163ie de care, p\u00e2n\u0103 la urm\u0103 se \u015fi aleg lucrurile pe care le facem, de cele pe care le vis\u0103m\u201d, a mai spus Dan.<\/p>\n<p data-index=\"6\">\u201eDac\u0103 toat\u0103 lumea are o motiva\u0163ie comun\u0103 \u015fi \u00een\u0163elege de ce se scoal\u0103 diminea\u0163a \u015fi vine la birou&#8230; toat\u0103 lumea lucreaz\u0103 pentru acela\u015fi lucru. \u015ei nu e vorba despre tine, niciodat\u0103, e vorba despre omul pentru care lucrezi\u201d, a explicat Vlad Ioan T\u0103u\u015fance, responsabil strategie online. Omul pentru care au lucrat Ioan Dan Niculescu \u015fi Vlad T\u0103u\u015fance este acum pre\u015fedintele Rom\u00e2niei, Klaus Iohannis. Ei sunt tinerii care au coordonat cea mai surprinz\u0103toare campanie online din Rom\u00e2nia \u015fi au construit cel mai vizitat profil de politician din Europa, \u00een doar patru luni de munc\u0103.<\/p>\n<p data-index=\"7\">\u201e<strong>Este, de fapt, prima oar\u0103 \u00een Rom\u00e2nia c\u00e2nd un candidat folose\u015fte Internetul cu succes fiind el \u00eensu\u015fi, \u015fi altfel dec\u00e2t prin propagarea unor mesaje de tip populist, altfel dec\u00e2t printr-o campanie negativ\u0103<\/strong>\u201d, a precizat Antonio Momoc, specialist \u00een comunicare. Ioan Dan Niculescu s-a n\u0103scut \u00eentr-o familie de medici \u015fi este absolvent de Drept. Are 36 de ani \u015fi o experien\u0163\u0103 de aproape 20 de ani \u00een crea\u0163ie. \u00cen campania preziden\u0163ial\u0103 online s-a ocupat de cele mai mici detalii ale paginii oficiale de Facebook. A ales fonturile, culorile \u015fi cuvintele cheie. \u00ce\u015fi \u00eemparte via\u0163a \u00eentre Rom\u00e2nia \u015fi Asia. De ce? \u201eEste nevoie de schimbat locul suficient de des pentru a-mi retrezi anumite tr\u0103iri \u015fi de aici entuziasmul pentru ceea ce fac. Mie \u00eemi asigur\u0103 partea frumoas\u0103, partea spectaculoas\u0103 a vie\u0163ii mele \u015fi \u00eemi ofer\u0103 de c\u00e2\u0163iva ani buni posibilitatea de a lucra cu o echip\u0103 \u00eemp\u0103r\u0163it\u0103 uneori chiar pe trei continente\u201d, a explicat Dan.<\/p>\n<p data-index=\"8\">Vlad T\u0103u\u015fance are 35 de ani. S-a n\u0103scut la Timi\u015foara, dar locuie\u015fte de ani buni la Bucure\u015fti. A studiat \u015etiin\u0163e Politice, \u00eens\u0103 a lucrat \u00een pres\u0103 \u015fi \u00een comunicare. El a fost responsabil de strategia online \u015fi de elementele creative din campania electoral\u0103. Cunoa\u015fte foarte bine spa\u0163iul virtual.<\/p>\n<p data-index=\"9\">\u201ePoate fi folosit ca un subtitut de via\u0163\u0103 real\u0103, nu este. Poate fi folosit ca un mod de a face bani, func\u0163ioneaz\u0103 foarte bine, exist\u0103 deja meserii specializate pe domeniu, \u00eel v\u0103d ca pe, p\u00e2n\u0103 la urm\u0103 o deschidere extraordinar\u0103 at\u00e2ta timp c\u00e2t \u00eel folose\u015fti \u00eentr-un scop ra\u0163ional \u015fi ai utilitatea \u00een cap\u201d, a spus Vlad.\u00a0<\/p>\n<p data-index=\"10\"><strong>Vlad \u015fi Ioan au fost \u00eenconjura\u0163i de o echip\u0103 de oameni la fel de tineri, talenta\u0163i \u015fi creativi.<\/strong> \u201eEntuziasmul a fost un prim numitor comun. Oameni care s\u0103 nu ia \u00een calcul riscurile personale \u015fi nici m\u0103car riscurile proiectului cu totul, ci pur \u015fi simplu s\u0103 fac\u0103 un lucru pentru c\u0103 vor s\u0103-l fac\u0103.\u00a0<strong>Pentru c\u0103 nu po\u0163i pune \u00een balan\u0163\u0103, mai ales \u00een crea\u0163ie, dar nici \u00een comunicare, rutina cu entuziasmul\u201d<\/strong>, a mai spus Dan.<\/p>\n<p data-index=\"11\"><strong>De\u015fi nu au fost implica\u0163i niciodat\u0103 \u00een campanii politice, tinerii i-au uimit chiar \u015fi pe cei de la Facebook, pentru c\u0103 au creat o pagin\u0103 de politician, care a crescut \u00een trei luni de la 13.000 de like-uri, la peste un milion.<\/strong><\/p>\n<p data-index=\"12\">\u201eLipsa de experien\u0163\u0103 ne-a f\u0103cut s\u0103-i ascult\u0103m pe oameni cu foarte mult\u0103 r\u0103bdare \u015fi s\u0103 ne ascult\u0103m inima \u015fi \u00ee\u0163i spun sincer \u015fi pe rom\u00e2ne\u015fte, de multe ori s\u0103 ne uit\u0103m unii la al\u0163ii \u015fi s\u0103 ne \u00eentreb\u0103m: b\u0103i, tu \u00een situa\u0163ia asta ce ai face? \u0162ie, \u00een situa\u0163ia asta ce \u0163i-ar pl\u0103cea s\u0103 auzi?\u201d, a spus Dan. \u201eNu e un cuv\u00e2nt magic povestea asta cu online-ul. Like-urile alea nu se transform\u0103 automat \u00een voturi. Dac\u0103 omul Klaus Iohannis n-ar fi avut consisten\u0163\u0103&#8230; puteam s\u0103 avem campania campaniilor p\u00e2n\u0103 la urm\u0103 \u015fi s\u0103 cump\u0103r\u0103m tot online-ul din univers \u015fi tot nu ar fi ajuns pre\u015fedinte\u201d, a explicat Vlad Ioan T\u0103u\u015fance. Dar dincolo de sinceritate \u015fi autenticitate, care au fost ingredientele unei campanii at\u00e2t de reu\u015fite?<\/p>\n<p data-index=\"13\"><strong>\u201ePa\u015fii cei mai importan\u0163i, dup\u0103 p\u0103rerea mea sunt cei lega\u0163i de cercetare, adic\u0103 trebuie s\u0103 fii dispus s\u0103 analizezi foarte foarte multe, s\u0103 te hot\u0103r\u0103\u015fti cu cine vrei s\u0103 vorbe\u015fti de fapt, pentru c\u0103 nu am avut nici banii, nici resursele,<\/strong> nici timpul s\u0103 vorbim cu to\u0163i rom\u00e2nii, pentru c\u0103 nu sunt oricum to\u0163i rom\u00e2nii pe internet \u00een momentul \u0103sta. Plus foarte foarte mult\u0103 r\u0103bdare\u201d, a spus Vlad Ioan T\u0103u\u015fance.<\/p>\n<p data-index=\"14\"><strong>Rom\u00e2nia virtual\u0103 se poate l\u0103uda acum cu cel mai cunoscut pre\u015fedinte din Europa.<\/strong> Chiar \u015fi \u00een via\u0163a real\u0103, \u00eencrederea \u00een Klaus Iohannis a crescut odat\u0103 cu popularitatea din online. \u00cen primul sondaj dup\u0103 alegerile preziden\u0163iale, acesta avea o cot\u0103 de \u00eencredere de 61% fa\u0163\u0103 de 25% \u00eenainte de scrutinul preziden\u0163ial. \u201eLa dou\u0103 zile dup\u0103 alegeri, c\u00e2nd dep\u0103\u015feam pragul de un milion \u015fi presa str\u0103in\u0103 \u00eencepea s\u0103 scrie despre noi \u015fi \u00eencepeam s\u0103 primim felicit\u0103ri, acela a fost momentul \u00een care ne-am uitat unul la altul \u015fi ne-am dat seama c\u0103 dincolo de tot \u015fi de toate am f\u0103cut o chestie spectaculoas\u0103 \u00eempreun\u0103&#8230;\u201d, a povestit Ioan Dan Niculescu. Internetul pare s\u0103 fi f\u0103cut diferen\u0163a \u00een campania preziden\u0163ial\u0103 din 2014. Va fi mediul virtual de acum \u00eencolo un succes garantat pentru politicieni?<\/p>\n<p data-index=\"15\">\u201e<strong>\u00cei ajut\u0103 \u00een primul r\u00e2nd pe cei care doresc s\u0103 fie ajuta\u0163i \u015fi de acest mijloc de comunicare, iar pe al\u0163ii s-ar putea s\u0103 nu-i ajute, s\u0103-i \u00eencurce\u201d, a spus Antonio Momoc.<\/strong> Oamenii tineri din spatele noului pre\u015fedinte sunt acum \u201epe val\u201d. Succesul i-a bucurat, dar nu s-au \u201e\u00eemb\u0103tat\u201d cu el. \u201e<span>Nu, nu mi-a schimbat via\u0163a, r\u0103m\u00e2n acela\u015fi om, r\u0103m\u00e2nem to\u0163i aceia\u015fi oameni, facem acelea\u015fi lucruri&#8230; C<\/span>red c\u0103 orice om care are leg\u0103turi directe sau conexe cu lumea politic\u0103 are de dus o lupt\u0103 constant\u0103 cu propriul rol \u015fi propria modestie \u015fi hai s\u0103 zic s\u0103 fac\u0103 zilnic ni\u015fte mici exerci\u0163ii de umilin\u0163\u0103&#8230; S\u0103 r\u0103m\u00e2i lucid \u015fi s\u0103 \u00een\u0163elegi de ce e\u015fti acolo \u015fi care e scopul t\u0103u\u201d, a spus Ioan Dan Niculescu.<\/p>\n<p data-index=\"16\">\u201e<strong>Suntem un grup de oameni care au dus un mesaj, \u00eentr-un fel profesionist \u015fi organizat \u015fi cum trebuia el dus mai departe c\u0103tre un grup mai mare de oameni \u015fi am reu\u015fit s\u0103 producem \u00een mod evident o schimbare social\u0103, nu numai una politic\u0103<\/strong>\u201d, a mai spus Dan. Pentru tinerii exper\u0163i \u00een comunicare, victoria lui Klaus Iohannis este cea mai mare realizare de p\u00e2n\u0103 acum. \u201eE dr\u0103gu\u0163 s\u0103 oferi familiei ni\u015fte confirm\u0103ri din c\u00e2nd \u00een c\u00e2nd. \u00ce\u0163i ofer\u0103 foarte mare libertate s\u0103 \u00ee\u0163i ias\u0103 ni\u015fte lucruri. Am \u00eenv\u0103\u0163at pe pielea mea, asta \u00een rela\u0163ia cu mama mea \u015fi nu numai cu mama mea, din c\u00e2nd \u00een c\u00e2nd mai c\u00e2\u015ftigi o campanie electoral\u0103, mai sco\u0163i o revist\u0103&#8230; ajut\u0103, e\u015fti l\u0103sat \u00een pace s\u0103-\u0163i vezi de via\u0163\u0103. Deci da, cred c\u0103 doi ani de zile voi fi lini\u015ftit de acum \u00eenainte\u201d, a spus Vlad Ioan T\u0103u\u015fance. Dincolo de miza alegerilor preziden\u0163iale, internetul a re\u00eenviat ideea de comunitate \u015fi implicare.<\/p>\n<p data-index=\"17\">\u201eCred c\u0103 \u00eenseamn\u0103 o mai mare implicare \u00een zona aceasta politic\u0103 public\u0103 civic\u0103 a categoriei de v\u00e2rst\u0103 18-35 de ani \u015fi \u00een ultim\u0103 instan\u0163\u0103 \u00eenseamn\u0103 o maturizare, un \u00eenceput de maturizare a clasei politice pe de o parte, dar clar o maturizare a societ\u0103\u0163ii \u015fi mai ales a tinerilor care sunt interesa\u0163i sau care devin \u015fi prin online interesa\u0163i de politic, de civic, de tot ceea ce \u00eenseamn\u0103 spa\u0163iul public\u201d, a spus Antonio Momoc.<\/p>\n<p data-index=\"18\"><strong>Echipa de campanie online a pre\u015fedintelui Klaus Iohannis a reu\u015fit s\u0103 ating\u0103, \u00een scurt timp, ceea ce p\u0103rea aproape imposibil. Notorietate, vizibilitate \u015fi respect. \u015ei nu doar \u00een mediul virtual.<\/strong><\/p>\n<\/div>\n<p> Source URL: https:\/\/www.digi24.ro\/stiri\/actualitate\/politica\/tinerii-din-spatele-celei-mai-spectaculoase-campanii-politice-online-oamenii-care-au-creat-imaginea-lui-klaus-iohannis-354137<\/p>\n","protected":false},"excerpt":{"rendered":"<p>Ioan Dan Niculescu \u015fi Vlad T\u0103u\u015fance sunt doi dintre tinerii care au coordonat cea mai de succes campanie politic\u0103 online din Rom\u00e2nia.\u00a0 Nu fac parte dintr-un partid, dar \u00eencurajeaz\u0103 implicarea civic\u0103. \u00cei cunoa\u015ftem la Bonton pe oamenii care au creat imaginea pre\u015fedintelui. P\u00e2n\u0103 la jum\u0103tatea anului trecut, peste 7 milioane de rom\u00e2ni aveau conturi de [&hellip;]<\/p>\n","protected":false},"author":1,"featured_media":187217,"comment_status":"open","ping_status":"","sticky":false,"template":"","format":"standard","meta":{"footnotes":""},"categories":[2],"tags":[11],"class_list":["post-187216","post","type-post","status-publish","format-standard","has-post-thumbnail","hentry","category-politics","tag-digi24"],"_links":{"self":[{"href":"https:\/\/analyse.optim.biz\/index.php?rest_route=\/wp\/v2\/posts\/187216","targetHints":{"allow":["GET"]}}],"collection":[{"href":"https:\/\/analyse.optim.biz\/index.php?rest_route=\/wp\/v2\/posts"}],"about":[{"href":"https:\/\/analyse.optim.biz\/index.php?rest_route=\/wp\/v2\/types\/post"}],"author":[{"embeddable":true,"href":"https:\/\/analyse.optim.biz\/index.php?rest_route=\/wp\/v2\/users\/1"}],"replies":[{"embeddable":true,"href":"https:\/\/analyse.optim.biz\/index.php?rest_route=%2Fwp%2Fv2%2Fcomments&post=187216"}],"version-history":[{"count":0,"href":"https:\/\/analyse.optim.biz\/index.php?rest_route=\/wp\/v2\/posts\/187216\/revisions"}],"wp:featuredmedia":[{"embeddable":true,"href":"https:\/\/analyse.optim.biz\/index.php?rest_route=\/wp\/v2\/media\/187217"}],"wp:attachment":[{"href":"https:\/\/analyse.optim.biz\/index.php?rest_route=%2Fwp%2Fv2%2Fmedia&parent=187216"}],"wp:term":[{"taxonomy":"category","embeddable":true,"href":"https:\/\/analyse.optim.biz\/index.php?rest_route=%2Fwp%2Fv2%2Fcategories&post=187216"},{"taxonomy":"post_tag","embeddable":true,"href":"https:\/\/analyse.optim.biz\/index.php?rest_route=%2Fwp%2Fv2%2Ftags&post=187216"}],"curies":[{"name":"wp","href":"https:\/\/api.w.org\/{rel}","templated":true}]}}