{"id":187204,"date":"2015-02-01T19:25:32","date_gmt":"2015-02-01T16:25:32","guid":{"rendered":"https:\/\/analyse.optim.biz\/?p=187204"},"modified":"2015-02-01T19:25:32","modified_gmt":"2015-02-01T16:25:32","slug":"elena-udrea-nou-atac-impotriva-lui-florian-coldea","status":"publish","type":"post","link":"https:\/\/analyse.optim.biz\/?p=187204","title":{"rendered":"Elena Udrea, nou atac \u00eempotriva lui Florian Coldea"},"content":{"rendered":"<div class=\"entry data-app-meta data-app-meta-article\" data-embed-base-url-canonical=\"https:\/\/www.digi24.ro\/embed\/stiri\/actualitate\/politica\/elena-udrea-nou-atac-impotriva-lui-florian-coldea-354159\">\n<p data-index=\"1\"><img decoding=\"async\" src=\"https:\/\/analyse.optim.biz\/wp-content\/uploads\/2024\/09\/ad04mtfizjizote0ymnhyjkzogi2njnlmznlnti0njfmma-thumb_.jpg\" data-skip-htmlfix=\"1\" title=\"ad04mtfizjizote0ymnhyjkzogi2njnlmznlnti0njfmma-thumb_\"><\/p>\n<p data-index=\"2\"><strong>ACTUALIZARE 20:20<\/strong> \u00centr-o nou\u0103 postare pe Facebook, Elena Udrea reac\u021bioneaz\u0103 la informa\u021bii \u201epe surse\u201d potrivit c\u0103rora <strong>fostul pre\u0219edinte Traian B\u0103sescu ar fi fost interceptat \u00een timp ce vorbea cu ea<\/strong>.<\/p>\n<div class=\"fb-post\">\n<div class=\"fb-xfbml-parse-ignore\"><a href=\"https:\/\/www.facebook.com\/EUdrea\/posts\/10152841335669584:0\" data-skip-linkfix=\"1\">Post<\/a> by <a href=\"https:\/\/www.facebook.com\/EUdrea\" data-skip-linkfix=\"1\">Elena Udrea<\/a>.<\/div>\n<\/div>\n<div class=\"fb-xfbml-parse-ignore\">\u00a0<\/div>\n<div class=\"fb-xfbml-parse-ignore\">\n<p data-index=\"4\">\u201eR\u0103zboiul cu \u015feful SRI, generalul Coldea, a ajuns la faza pe intercept\u0103ri! \u201cPe surse&#8221; afl\u0103m c\u0103 Traian B\u0103sescu ar fi fost \u00eenregistrat c\u00e2nd vorbea cu mine.<br \/>Dou\u0103 lucruri am de comentat:<br \/>1) C\u00e2t de fraier\u0103 m\u0103 cred oamenii ace\u015ftia s\u0103 \u00ee\u015fi \u00eenchipuie c\u0103 nu \u015ftiu c\u0103 sunt ascultat\u0103???<br \/>2) Pot spune eu exact ce am vorbit cu Traian B\u0103sescu, nu este nevoie s\u0103 fac\u0103 ei un efort de &#8220;redare&#8221; a discu\u0163iei. Mai ales c\u0103 s-ar putea s\u0103 nu le ias\u0103 exact.<br \/><strong>Presupun c\u0103 urmeaz\u0103 faza pe film\u0103ri \u015fi, \u00een continuarea celor de la Paris, faza pe fotografii!<\/strong>\u201d, anticipeaz\u0103 Elena Udrea.<\/p>\n<\/div>\n<hr>\n<div class=\"fb-post\">\n<div class=\"fb-xfbml-parse-ignore\"><a href=\"https:\/\/www.facebook.com\/EUdrea\/posts\/10152840868479584\" data-skip-linkfix=\"1\">Post<\/a> by <a href=\"https:\/\/www.facebook.com\/EUdrea\" data-skip-linkfix=\"1\">Elena Udrea<\/a>.<\/div>\n<\/div>\n<p data-index=\"6\">\u201eColdea cere timp pentru a putea s\u0103-\u015fi rezolve problemele interne ap\u0103rute dup\u0103 dezv\u0103luirile pe care le-am f\u0103cut. Practic, are nevoie de timp pentru a mu\u015famaliza lucrurile. Eventual, p\u00e2n\u0103 m\u0103 &#8220;rezolv\u0103&#8221; pe mine\u201d, a scris deputatul pe <a href=\"https:\/\/www.facebook.com\/EUdrea\" target=\"_blank\" data-skip-linkfix=\"1\" rel=\"noopener\">pagina sa de Facebook.<\/a><\/p>\n<p data-index=\"7\">Dup\u0103 dou\u0103 ore de la aceast\u0103 postare, Elena Udrea a mai transmis un mesaj, coment\u00e2nd un <a href=\"http:\/\/adevarul.ro\/news\/politica\/insomniacii-elenei-udrea-1_54ce0c60448e03c0fd2bce2b\/index.html\" target=\"_parent\" data-skip-linkfix=\"1\" rel=\"noopener\">articol publicat de fostul purt\u0103tor de cuv\u00e2nt al PDL, Adriana S\u0103ftoiu<\/a>: \u201eEu \u015fi Adriana S\u0103ftoiu am avut ne\u00een\u0163elegerile noastre. \u00cen ultimii ani, nu am mai fost de aceea\u015fi parte a baricadei, dar acum \u00een\u0163elegem la fel lucrurile: nu putem s\u0103 ne prefacem la infinit c\u0103 sistemul este doar opera politicienilor \u015fi\/sau a unor oameni de afaceri corup\u0163i.Argumentul Adrianei este foarte corect: &#8220;trebuie facut\u0103 distinc\u0163ia \u00eentre oameni \u015fi institu\u0163ii&#8221;. Florian Coldea nu este SRI!\u201d, spune Elena Udrea.<\/p>\n<p data-index=\"8\">Anchet\u0103 intern\u0103, la Serviciul Rom\u00e2n de Informa\u0163ii, dup\u0103 acuza\u0163iile lansate de Elena Udrea<a href=\"https:\/\/www.digi24.ro\/Stiri\/Digi24\/Actualitate\/Justitie\/SRI+VERIFICARI+UDREA\" target=\"_blank\" data-skip-linkfix=\"1\" rel=\"noopener\">! Informa\u0163ia vine de la pre\u015fedintele Comisiei Parlamentare de control asupra SRI, Georgian Pop.<\/a> Deputatul spune c\u0103 rezultatele acestor verificari vor fi prezentate \u00een fa\u0163a Comisiei parlamentare, care-l a\u015fteapt\u0103 la raport \u015fi pe \u015feful interimar al Serviciului, Florian Coldea, s\u0103pt\u0103m\u00e2na urm\u0103toare. <strong>Georgian Pop<\/strong> sus\u0163ine c\u0103 \u00a0verificarea este una standard, pe care Serviciul o face ori de c\u00e2te ori exist\u0103 acuza\u0163ii la adresa sa.\u00a0<\/p>\n<p data-index=\"9\">\u201e<span>S\u00e2mb\u0103t\u0103 diminea\u0163a, \u00een calitatea mea de pre\u015fedinte al Comisiei, am discutat cu conducerea interimar\u0103 a Serviciului Rom\u00e2n de Informa\u0163ii. M-au asigurat c\u0103 a fost ini\u0163iat\u0103 o verificare intern\u0103, ca m\u0103sur\u0103 standard, privind acuza\u0163iile din spa\u0163iul public la adresa SRI \u015fi a reprezentan\u0163ilor acestora.\u00a0<\/span>Am convenit ca la audierea care era oricum programat\u0103 s\u0103 avem un punct suplimentar pe ordinea de zi \u00een care conducerea interimar\u0103 a SRI ne va prezenta rezultatele verific\u0103rii interne\u201d, a declarat la Digi24 <strong>Georgian Pop<\/strong>.<\/p>\n<p data-index=\"10\">Senatorii \u015fi deputa\u0163ii din Comisia de control al activit\u0103\u0163ii SRI vor s\u0103 afle dac\u0103 actualul \u015fef al serviciului, Florian Coldea, i-ar fi cerut bani lui Dorin Coco\u015f pentru finan\u0163area televiziunii lui Sebastian Ghi\u0163\u0103, unul dintre membrii acesti comisii. Parlamentarii vor s\u0103 mai afle \u015fi dac\u0103 Florian Coldea ar fi influen\u0163at anchete ale DIICOT \u015fi DNA sau dac\u0103 serviciul s-ar fi implicat \u00een campania preiziden\u0163ial\u0103, \u00een favoarea lui Klaus Iohannis, a\u015fa cum sus\u0163inea Elena Udrea.<\/p>\n<p data-index=\"11\">Dup\u0103 anun\u0163ul f\u0103cut de pre\u015fedintele Comisiei de Control a SRI, Elena Udrea l-a acuzat pe Florian Coldea ar \u00eencerca tergiversarea acestei anchete.<\/p>\n<p data-index=\"12\">\u201e<span>Lucrurile pe care le spune doamna Udrea nu sunt lipsite de logic\u0103, nu sunt lipsite de un adev\u0103r. Dar pare c\u0103 le folose\u015fte \u00eentr-un context \u00een care vrea s\u0103 le ofere fostului so\u0163 \u015fi fiului acestuia posibilitatea de a colabora cu procurorii \u015fi a sc\u0103pa de arest\u201d, a comentat <strong>Daniel Savu<\/strong>, senator PSD.<\/span><\/p>\n<p data-index=\"13\"><strong>Teodor Atanasiu<\/strong>, vicepre\u0219edinte PNL, spune c\u0103 nu a sim\u021bit nicio implicare a serviciilor \u00een campania electoral\u0103, dar nu exclude c\u0103 s-ar fi putut \u00eent\u00e2mpla.<\/p>\n<p data-index=\"14\">\u00centr-un interviu acordat a doua zi dup\u0103 chemarea ei la DNA \u015fi punerea sub acuzare, Elena Udrea a spus c\u0103 SRI ar fi avut o influen\u0163\u0103 \u00een alegerea lui Klaus Iohannis \u00een func\u0163ia de \u015fef al statului.<\/p>\n<p data-index=\"15\">\u00cen interviu, Elena Udrea a sugerat \u015fi faptul c\u0103 Serviciul Rom\u00e2n de Informa\u0163ii ar influen\u0163a schimbarea majorit\u0103\u0163ii parlamentare. \u00a0<\/p>\n<p data-index=\"16\"><a href=\"https:\/\/www.digi24.ro\/Stiri\/Digi24\/Actualitate\/Politica\/Elena+Udrea+Puterea+vine+de+la+SRI+Acolo+sunt+informatii+despre+\" target=\"_blank\" data-skip-linkfix=\"1\" rel=\"noopener\"><strong>Elena Udrea: Puterea vine de la SRI. Acolo sunt informa\u021bii despre \u201escheletele din dulap\u201d. La fel era \u0219i pe vremea lui B\u0103sescu<\/strong><\/a><\/p>\n<p data-index=\"17\"><strong><a href=\"https:\/\/www.digi24.ro\/Stiri\/Digi24\/Actualitate\/Justitie\/Sefii+DNA+si+SRI+reclamati+de+Elena+Udrea+Florian+Coldea\" target=\"_blank\" data-skip-linkfix=\"1\" rel=\"noopener\">\u0218eful interimar al SRI, Florian Coldea, reclamat la DNA. Elena Udrea \u00eei aduce acuza\u021bii extrem de grave<\/a><\/strong><\/p>\n<h5><a href=\"https:\/\/www.digi24.ro\/Stiri\/Digi24\/Actualitate\/Justitie\/Elena+Udrea+spune+ca+a+primit+de+la+Alina+Bica+informatii+despre\" target=\"_blank\" data-skip-linkfix=\"1\" rel=\"noopener\">Elena Udrea spune c\u0103 a primit de la Alina Bica informa\u021bii despre un dosar pe care aceasta \u00eel instrumenta<\/a><\/h5>\n<h5><a href=\"https:\/\/www.digi24.ro\/Stiri\/Digi24\/Actualitate\/Justitie\/Elena+Udrea+Dorin+Cocos+se+ducea+la+SRI+Coldea+bani\" target=\"_blank\" data-skip-linkfix=\"1\" rel=\"noopener\">Elena Udrea: Nu cred c\u0103 Dorin Coco\u0219 se ducea la SRI s\u0103 tund\u0103 iarba din curte<\/a><\/h5>\n<h5><a href=\"https:\/\/www.digi24.ro\/Stiri\/Digi24\/Actualitate\/Politica\/C+T+Popescu+Nu+sunt+acuzatiile+Elenei+Udrea+Sunt+relatari+de+la+\" target=\"_blank\" data-skip-linkfix=\"1\" rel=\"noopener\">C. T. Popescu: Nu sunt acuza\u021biile Elenei Udrea. Sunt relat\u0103ri de la diverse persoane: un mort, fostul ei so\u021b \u0219i acest domn Ghi\u021b\u0103<\/a><\/h5>\n<p data-index=\"18\"><strong><br \/><\/strong><\/p>\n<p data-index=\"19\"><a href=\"https:\/\/www.digi24.ro\/Stiri\/Digi24\/Actualitate\/Politica\/V+Ponta+reactie+la+acuzatiile+E+Udrea+99+din+ce+spune+ea+sunt+lu\" target=\"_blank\" data-skip-linkfix=\"1\" rel=\"noopener\"><strong>Victor Ponta, reac\u0163ie la acuza\u0163iile Elenei Udrea: 99% din ce spune ea sunt lucruri fanteziste<\/strong><\/a><\/p>\n<\/div>\n<p> Source URL: https:\/\/www.digi24.ro\/stiri\/actualitate\/politica\/elena-udrea-nou-atac-impotriva-lui-florian-coldea-354159<\/p>\n","protected":false},"excerpt":{"rendered":"<p>ACTUALIZARE 20:20 \u00centr-o nou\u0103 postare pe Facebook, Elena Udrea reac\u021bioneaz\u0103 la informa\u021bii \u201epe surse\u201d potrivit c\u0103rora fostul pre\u0219edinte Traian B\u0103sescu ar fi fost interceptat \u00een timp ce vorbea cu ea. Post by Elena Udrea. \u00a0 \u201eR\u0103zboiul cu \u015feful SRI, generalul Coldea, a ajuns la faza pe intercept\u0103ri! \u201cPe surse&#8221; afl\u0103m c\u0103 Traian B\u0103sescu ar fi [&hellip;]<\/p>\n","protected":false},"author":1,"featured_media":187205,"comment_status":"open","ping_status":"","sticky":false,"template":"","format":"standard","meta":{"footnotes":""},"categories":[2],"tags":[11],"class_list":["post-187204","post","type-post","status-publish","format-standard","has-post-thumbnail","hentry","category-politics","tag-digi24"],"_links":{"self":[{"href":"https:\/\/analyse.optim.biz\/index.php?rest_route=\/wp\/v2\/posts\/187204","targetHints":{"allow":["GET"]}}],"collection":[{"href":"https:\/\/analyse.optim.biz\/index.php?rest_route=\/wp\/v2\/posts"}],"about":[{"href":"https:\/\/analyse.optim.biz\/index.php?rest_route=\/wp\/v2\/types\/post"}],"author":[{"embeddable":true,"href":"https:\/\/analyse.optim.biz\/index.php?rest_route=\/wp\/v2\/users\/1"}],"replies":[{"embeddable":true,"href":"https:\/\/analyse.optim.biz\/index.php?rest_route=%2Fwp%2Fv2%2Fcomments&post=187204"}],"version-history":[{"count":0,"href":"https:\/\/analyse.optim.biz\/index.php?rest_route=\/wp\/v2\/posts\/187204\/revisions"}],"wp:featuredmedia":[{"embeddable":true,"href":"https:\/\/analyse.optim.biz\/index.php?rest_route=\/wp\/v2\/media\/187205"}],"wp:attachment":[{"href":"https:\/\/analyse.optim.biz\/index.php?rest_route=%2Fwp%2Fv2%2Fmedia&parent=187204"}],"wp:term":[{"taxonomy":"category","embeddable":true,"href":"https:\/\/analyse.optim.biz\/index.php?rest_route=%2Fwp%2Fv2%2Fcategories&post=187204"},{"taxonomy":"post_tag","embeddable":true,"href":"https:\/\/analyse.optim.biz\/index.php?rest_route=%2Fwp%2Fv2%2Ftags&post=187204"}],"curies":[{"name":"wp","href":"https:\/\/api.w.org\/{rel}","templated":true}]}}