{"id":1872036,"date":"2026-04-08T08:23:37","date_gmt":"2026-04-08T05:23:37","guid":{"rendered":"https:\/\/analyse.optim.biz\/?p=1872036"},"modified":"2026-04-08T08:23:37","modified_gmt":"2026-04-08T05:23:37","slug":"parcul-independentei-din-tulcea-are-un-nou-look-mai-verde-mai-curat-mai-modern-mai-atractiv","status":"publish","type":"post","link":"https:\/\/analyse.optim.biz\/?p=1872036","title":{"rendered":"Parcul Independen\u021bei din Tulcea are un nou \u201elook\u201d: mai verde, mai curat, mai modern, mai atractiv(!)"},"content":{"rendered":"<p>[analyse_image type=&#8221;featured&#8221; src=&#8221;https:\/\/dobrogeanews.b-cdn.net\/wp-content\/uploads\/2026\/04\/parcul-independentei-tulcea2.jpg&#8221;]<\/p>\n<div id=\"post-69772\" class=\"entry single-default post-69772 post type-post status-publish format-standard has-post-thumbnail hentry category-info tag-parcul-independentei tag-stefan-ilie-2 tag-tulcea-2\">\n<div>\n<div class=\"ss-follow-wrapper ss-clearfix ss-regular-buttons ss-columns-1 ss-default-style\">\n<div class=\"ss-follow-column\" data-ss-sf-network-id='\"facebook\"'><a href=\"https:\/\/www.facebook.com\/dobrogeanews\" class=\"ss-follow-network ss-facebook-color\" rel=\"nofollow noopener\" aria-label=\"facebook\" target=\"_blank\"><span class=\"ss-follow-network-label\">Urm\u0103re\u015fte-ne \u015fi pe Facebook!<\/span><span class=\"ss-follow-network-count\"><span class=\"ss-follow-network-count-number\">57K<\/span><span class=\"ss-follow-network-count-label\">Followers<\/span><\/span><\/a><\/div>\n<\/div>\n<\/div>\n<h3>Urmeaz\u0103 aleile, parcarea \u0219i mobilierul urban<\/h3>\n<p>Suprafa\u021ba spa\u021biilor verzi a crescut \u00een aceast\u0103 prim\u0103var\u0103 \u00een municipiul Tulcea dup\u0103 un plan elaborat al celor de la Servicii Publice care au f\u0103cut mult mai multe lucr\u0103ri anul acesta.  <\/p>\n<figure class=\"wp-block-image size-full is-resized\">\n<source type=\"image\/webp\" data-lazy-srcset=\"https:\/\/dobrogeanews.b-cdn.net\/wp-content\/uploads\/2026\/04\/parcul-independentei-tulcea.jpg.webp 2560w, https:\/\/dobrogeanews.b-cdn.net\/wp-content\/uploads\/2026\/04\/parcul-independentei-tulcea-300x246.jpg.webp 300w, https:\/\/dobrogeanews.b-cdn.net\/wp-content\/uploads\/2026\/04\/parcul-independentei-tulcea-1024x840.jpg.webp 1024w, https:\/\/dobrogeanews.b-cdn.net\/wp-content\/uploads\/2026\/04\/parcul-independentei-tulcea-768x630.jpg.webp 768w, https:\/\/dobrogeanews.b-cdn.net\/wp-content\/uploads\/2026\/04\/parcul-independentei-tulcea-1536x1260.jpg.webp 1536w, https:\/\/dobrogeanews.b-cdn.net\/wp-content\/uploads\/2026\/04\/parcul-independentei-tulcea-2048x1680.jpg.webp 2048w\" sizes=\"(max-width: 640px) 100vw, 640px\" \/><br \/>\n<img loading=\"lazy\" decoding=\"async\" src=\"https:\/\/dobrogeanews.b-cdn.net\/wp-content\/uploads\/2026\/04\/parcul-independentei-tulcea.jpg\" alt=\"Parcul Independe\u021bei Tulcea\" width=\"640\" height=\"525\"><\/figure>\n<p>Servicii Publice Tulcea a lucrat \u00een ritm sus\u021binut astfel \u00eenc\u00e2t de S\u0103rb\u0103torile Pascale ora\u0219ul s\u0103 fie deja preg\u0103tit. S-a lucrat intens la parcurile din ora\u0219 dar \u0219i la celelalte zone verzi. Parcului Independen\u021bei (Casa Sindicatelor) are deja un nou look pentru c\u0103 a avut parte de lucr\u0103ri elaborate dup\u0103 un plan prestabilit pentru revitalizarea \u0219i modernizarea b\u0103tr\u00e2nului parc de la Sindicate. <\/p>\n<p>Aici au fost executate lucr\u0103ri de cur\u0103\u021bare general\u0103, de toaletarea culoarului de ieder\u0103 care crescuse haotic acoperind cu totul arcadele. S-a s\u0103pat \u0219i af\u00e2nat solul, s-a fertilizat \u0219i plantat covor de gazon, s-au plantat arbu\u0219ti \u0219i flori de sezon (plante perene \u0219i anuale) pentru a colora spa\u021biul verde. Aici s-au montat borduri \u0219i s-a lucrat la sistemul de iriga\u021bie.<\/p>\n<figure class=\"wp-block-image size-full is-resized\">\n<source type=\"image\/webp\" data-lazy-srcset=\"https:\/\/dobrogeanews.b-cdn.net\/wp-content\/uploads\/2026\/04\/parcul-independentei-tulcea2.jpg.webp 2560w, https:\/\/dobrogeanews.b-cdn.net\/wp-content\/uploads\/2026\/04\/parcul-independentei-tulcea2-300x246.jpg.webp 300w, https:\/\/dobrogeanews.b-cdn.net\/wp-content\/uploads\/2026\/04\/parcul-independentei-tulcea2-1024x840.jpg.webp 1024w, https:\/\/dobrogeanews.b-cdn.net\/wp-content\/uploads\/2026\/04\/parcul-independentei-tulcea2-768x630.jpg.webp 768w, https:\/\/dobrogeanews.b-cdn.net\/wp-content\/uploads\/2026\/04\/parcul-independentei-tulcea2-1536x1260.jpg.webp 1536w, https:\/\/dobrogeanews.b-cdn.net\/wp-content\/uploads\/2026\/04\/parcul-independentei-tulcea2-2048x1680.jpg.webp 2048w\" sizes=\"(max-width: 640px) 100vw, 640px\" \/><br \/>\n<img loading=\"lazy\" decoding=\"async\" src=\"https:\/\/dobrogeanews.b-cdn.net\/wp-content\/uploads\/2026\/04\/parcul-independentei-tulcea2.jpg\" alt=\"Parcul Independe\u021bei Tulcea\" width=\"640\" height=\"525\"><\/figure>\n<p>\u201eSpa\u021biile verzi au fost reabilitate de Servicii Publice, c\u0103rora le mul\u021bumesc pentru planul de reabilitare a celor vechi \u0219i a cre\u0219terii \u00een zonele \u00een care a fost posibil. Echipa Servicii Publice a demarat \u00een aceste zile \u0219i un plan pentru regenerarea verde a Str\u0103zii Isaccei, \u00eencep\u00e2nd cu zona Alum. Parcurile ora\u0219ului \u0219i zonele amenajate deja arat\u0103 altfel \u0219i, am convingerea c\u0103 ne ofer\u0103 tuturor z\u00e2mbetul prim\u0103verii. <\/p>\n<p>Suntem al\u0103turi de colegii no\u0219tri \u0219i le dorim succes! Revenind la Zona Sindicatelor, \u00een perioada urm\u0103toare Direc\u021bia de \u00centre\u021binere Patrimoniu va moderniza \u0219i recondi\u021biona mobilierul urban, arcadele, b\u0103ncile, etc, iar Direc\u021bia Tehnica va asfalta culoarele de acces, \u00eencep\u00e2nd cu Strada Portului \u0219i termin\u00e2nd cu Parcarea, care va fi marcat\u0103 la final de serviciul Parc\u0103ri.<\/p>\n<p>Zona Sindicate este una dintre principalele intr\u0103ri ale Falezei Ivan Patzaichin, \u0219i necesit\u0103 modernizare pentru a deveni o veritabil\u0103 carte de vizit\u0103 a tulcenilor pentru turi\u0219ti. Aduc mul\u021bumiri \u0219i c\u0103tre OMD Municipiul Tulcea pentru aportul important adus acestei activit\u0103\u021bi frumoase a ora\u0219ul nostru\u201d <\/p>\n<p>a transmis \u0218tefan Ilie, primarul Municipiului Tulcea.<\/p>\n<div class=\"monsterinsights-inline-popular-posts monsterinsights-inline-popular-posts-charlie monsterinsights-popular-posts-styled\">\n<div class=\"monsterinsights-inline-popular-posts-text\"><span class=\"monsterinsights-inline-popular-posts-label\">Vezi \u0219i:<\/span><\/p>\n<div class=\"monsterinsights-inline-popular-posts-post\"><a class=\"monsterinsights-inline-popular-posts-title\" href=\"https:\/\/www.dobrogeanews.ro\/video-primarul-stefan-ilie-raspunde-intrebarilor-privind-reabilitarea-strazilor-din-municipiul-tulcea\/\">(Video) Primarul \u0218tefan Ilie, r\u0103spunde \u00eentreb\u0103rilor privind reabilitarea Str\u0103zilor din Municipiul Tulcea<\/a><\/div>\n<div class=\"monsterinsights-inline-popular-posts-post\"><a class=\"monsterinsights-inline-popular-posts-title\" href=\"https:\/\/www.dobrogeanews.ro\/la-babadag-eleviii-continua-sa-primeasca-pachetele-alimentare-prin-programul-national-masa-sanatoasa\/\">La Babadag, elevii continu\u0103 s\u0103 primeasc\u0103 pachetele alimentare prin Programul Na\u021bional \u201eMas\u0103 s\u0103n\u0103toas\u0103\u201d<\/a><\/div>\n<div class=\"monsterinsights-inline-popular-posts-post\"><a class=\"monsterinsights-inline-popular-posts-title\" href=\"https:\/\/www.dobrogeanews.ro\/dr-laurentiu-ivanof-fiti-atenti-la-taceri-la-retrageri-la-schimbari-subtile-uneori-cei-care-au-cea-mai-mare-nevoie-de-ajutor-sunt-cei-care-cer-cel-mai-putin\/\">Dr. Lauren\u021biu Ivanof: Fi\u021bi aten\u021bi la t\u0103ceri. La retrageri. La schimb\u0103ri subtile. Uneori, cei care au cea mai mare nevoie de ajutor sunt cei care cer cel mai pu\u021bin.<\/a><\/div>\n<\/div>\n<\/div>\n<p class=\"has-text-align-center has-white-color has-text-color has-background\"><span><a href=\"https:\/\/news.google.com\/publications\/CAAqBwgKMIu5pgsw88O-Aw?ceid=RO:ro&amp;oc=3\">Urm\u0103ri\u0163i \u015etirile Dobrogeanews \u015fi pe Google News<\/a><\/span><\/p>\n<\/div>\n<div id=\"post-69772\" class=\"entry single-default post-69772 post type-post status-publish format-standard has-post-thumbnail hentry category-info tag-parcul-independentei tag-stefan-ilie-2 tag-tulcea-2\">\n<div>\n<div class=\"ss-follow-wrapper ss-clearfix ss-regular-buttons ss-columns-1 ss-default-style\">\n<div class=\"ss-follow-column\" data-ss-sf-network-id='\"facebook\"'><a href=\"https:\/\/www.facebook.com\/dobrogeanews\" class=\"ss-follow-network ss-facebook-color\" rel=\"nofollow noopener\" aria-label=\"facebook\" target=\"_blank\"><span class=\"ss-follow-network-label\">Urm\u0103re\u015fte-ne \u015fi pe Facebook!<\/span><span class=\"ss-follow-network-count\"><span class=\"ss-follow-network-count-number\">57K<\/span><span class=\"ss-follow-network-count-label\">Followers<\/span><\/span><\/a><\/div>\n<\/div>\n<\/div>\n<h3>Urmeaz\u0103 aleile, parcarea \u0219i mobilierul urban<\/h3>\n<p>Suprafa\u021ba spa\u021biilor verzi a crescut \u00een aceast\u0103 prim\u0103var\u0103 \u00een municipiul Tulcea dup\u0103 un plan elaborat al celor de la Servicii Publice care au f\u0103cut mult mai multe lucr\u0103ri anul acesta.  <\/p>\n<figure class=\"wp-block-image size-full is-resized\">\n<source type=\"image\/webp\" data-lazy-srcset=\"https:\/\/dobrogeanews.b-cdn.net\/wp-content\/uploads\/2026\/04\/parcul-independentei-tulcea.jpg.webp 2560w, https:\/\/dobrogeanews.b-cdn.net\/wp-content\/uploads\/2026\/04\/parcul-independentei-tulcea-300x246.jpg.webp 300w, https:\/\/dobrogeanews.b-cdn.net\/wp-content\/uploads\/2026\/04\/parcul-independentei-tulcea-1024x840.jpg.webp 1024w, https:\/\/dobrogeanews.b-cdn.net\/wp-content\/uploads\/2026\/04\/parcul-independentei-tulcea-768x630.jpg.webp 768w, https:\/\/dobrogeanews.b-cdn.net\/wp-content\/uploads\/2026\/04\/parcul-independentei-tulcea-1536x1260.jpg.webp 1536w, https:\/\/dobrogeanews.b-cdn.net\/wp-content\/uploads\/2026\/04\/parcul-independentei-tulcea-2048x1680.jpg.webp 2048w\" sizes=\"(max-width: 640px) 100vw, 640px\" \/><br \/>\n<img loading=\"lazy\" decoding=\"async\" src=\"https:\/\/dobrogeanews.b-cdn.net\/wp-content\/uploads\/2026\/04\/parcul-independentei-tulcea.jpg\" alt=\"Parcul Independe\u021bei Tulcea\" width=\"640\" height=\"525\"><\/figure>\n<p>Servicii Publice Tulcea a lucrat \u00een ritm sus\u021binut astfel \u00eenc\u00e2t de S\u0103rb\u0103torile Pascale ora\u0219ul s\u0103 fie deja preg\u0103tit. S-a lucrat intens la parcurile din ora\u0219 dar \u0219i la celelalte zone verzi. Parcului Independen\u021bei (Casa Sindicatelor) are deja un nou look pentru c\u0103 a avut parte de lucr\u0103ri elaborate dup\u0103 un plan prestabilit pentru revitalizarea \u0219i modernizarea b\u0103tr\u00e2nului parc de la Sindicate. <\/p>\n<p>Aici au fost executate lucr\u0103ri de cur\u0103\u021bare general\u0103, de toaletarea culoarului de ieder\u0103 care crescuse haotic acoperind cu totul arcadele. S-a s\u0103pat \u0219i af\u00e2nat solul, s-a fertilizat \u0219i plantat covor de gazon, s-au plantat arbu\u0219ti \u0219i flori de sezon (plante perene \u0219i anuale) pentru a colora spa\u021biul verde. Aici s-au montat borduri \u0219i s-a lucrat la sistemul de iriga\u021bie.<\/p>\n<figure class=\"wp-block-image size-full is-resized\">\n<source type=\"image\/webp\" data-lazy-srcset=\"https:\/\/dobrogeanews.b-cdn.net\/wp-content\/uploads\/2026\/04\/parcul-independentei-tulcea2.jpg.webp 2560w, https:\/\/dobrogeanews.b-cdn.net\/wp-content\/uploads\/2026\/04\/parcul-independentei-tulcea2-300x246.jpg.webp 300w, https:\/\/dobrogeanews.b-cdn.net\/wp-content\/uploads\/2026\/04\/parcul-independentei-tulcea2-1024x840.jpg.webp 1024w, https:\/\/dobrogeanews.b-cdn.net\/wp-content\/uploads\/2026\/04\/parcul-independentei-tulcea2-768x630.jpg.webp 768w, https:\/\/dobrogeanews.b-cdn.net\/wp-content\/uploads\/2026\/04\/parcul-independentei-tulcea2-1536x1260.jpg.webp 1536w, https:\/\/dobrogeanews.b-cdn.net\/wp-content\/uploads\/2026\/04\/parcul-independentei-tulcea2-2048x1680.jpg.webp 2048w\" sizes=\"(max-width: 640px) 100vw, 640px\" \/><br \/>\n<img loading=\"lazy\" decoding=\"async\" src=\"https:\/\/dobrogeanews.b-cdn.net\/wp-content\/uploads\/2026\/04\/parcul-independentei-tulcea2.jpg\" alt=\"Parcul Independe\u021bei Tulcea\" width=\"640\" height=\"525\"><\/figure>\n<p>\u201eSpa\u021biile verzi au fost reabilitate de Servicii Publice, c\u0103rora le mul\u021bumesc pentru planul de reabilitare a celor vechi \u0219i a cre\u0219terii \u00een zonele \u00een care a fost posibil. Echipa Servicii Publice a demarat \u00een aceste zile \u0219i un plan pentru regenerarea verde a Str\u0103zii Isaccei, \u00eencep\u00e2nd cu zona Alum. Parcurile ora\u0219ului \u0219i zonele amenajate deja arat\u0103 altfel \u0219i, am convingerea c\u0103 ne ofer\u0103 tuturor z\u00e2mbetul prim\u0103verii. <\/p>\n<p>Suntem al\u0103turi de colegii no\u0219tri \u0219i le dorim succes! Revenind la Zona Sindicatelor, \u00een perioada urm\u0103toare Direc\u021bia de \u00centre\u021binere Patrimoniu va moderniza \u0219i recondi\u021biona mobilierul urban, arcadele, b\u0103ncile, etc, iar Direc\u021bia Tehnica va asfalta culoarele de acces, \u00eencep\u00e2nd cu Strada Portului \u0219i termin\u00e2nd cu Parcarea, care va fi marcat\u0103 la final de serviciul Parc\u0103ri.<\/p>\n<p>Zona Sindicate este una dintre principalele intr\u0103ri ale Falezei Ivan Patzaichin, \u0219i necesit\u0103 modernizare pentru a deveni o veritabil\u0103 carte de vizit\u0103 a tulcenilor pentru turi\u0219ti. Aduc mul\u021bumiri \u0219i c\u0103tre OMD Municipiul Tulcea pentru aportul important adus acestei activit\u0103\u021bi frumoase a ora\u0219ul nostru\u201d <\/p>\n<p>a transmis \u0218tefan Ilie, primarul Municipiului Tulcea.<\/p>\n<div class=\"monsterinsights-inline-popular-posts monsterinsights-inline-popular-posts-charlie monsterinsights-popular-posts-styled\">\n<div class=\"monsterinsights-inline-popular-posts-text\"><span class=\"monsterinsights-inline-popular-posts-label\">Vezi \u0219i:<\/span><\/p>\n<div class=\"monsterinsights-inline-popular-posts-post\"><a class=\"monsterinsights-inline-popular-posts-title\" href=\"https:\/\/www.dobrogeanews.ro\/video-primarul-stefan-ilie-raspunde-intrebarilor-privind-reabilitarea-strazilor-din-municipiul-tulcea\/\">(Video) Primarul \u0218tefan Ilie, r\u0103spunde \u00eentreb\u0103rilor privind reabilitarea Str\u0103zilor din Municipiul Tulcea<\/a><\/div>\n<div class=\"monsterinsights-inline-popular-posts-post\"><a class=\"monsterinsights-inline-popular-posts-title\" href=\"https:\/\/www.dobrogeanews.ro\/la-babadag-eleviii-continua-sa-primeasca-pachetele-alimentare-prin-programul-national-masa-sanatoasa\/\">La Babadag, elevii continu\u0103 s\u0103 primeasc\u0103 pachetele alimentare prin Programul Na\u021bional \u201eMas\u0103 s\u0103n\u0103toas\u0103\u201d<\/a><\/div>\n<div class=\"monsterinsights-inline-popular-posts-post\"><a class=\"monsterinsights-inline-popular-posts-title\" href=\"https:\/\/www.dobrogeanews.ro\/dr-laurentiu-ivanof-fiti-atenti-la-taceri-la-retrageri-la-schimbari-subtile-uneori-cei-care-au-cea-mai-mare-nevoie-de-ajutor-sunt-cei-care-cer-cel-mai-putin\/\">Dr. Lauren\u021biu Ivanof: Fi\u021bi aten\u021bi la t\u0103ceri. La retrageri. La schimb\u0103ri subtile. Uneori, cei care au cea mai mare nevoie de ajutor sunt cei care cer cel mai pu\u021bin.<\/a><\/div>\n<\/div>\n<\/div>\n<p class=\"has-text-align-center has-white-color has-text-color has-background\"><span><a href=\"https:\/\/news.google.com\/publications\/CAAqBwgKMIu5pgsw88O-Aw?ceid=RO:ro&amp;oc=3\">Urm\u0103ri\u0163i \u015etirile Dobrogeanews \u015fi pe Google News<\/a><\/span><\/p>\n<\/div>\n<p>[analyse_source url=&#8221;https:\/\/www.dobrogeanews.ro\/parcul-independentei-din-tulcea-are-un-nou-look-mai-verde-mai-curat-mai-modern-mai-atratctiv\/&#8221;]<\/p>\n","protected":false},"excerpt":{"rendered":"<p>[analyse_image type=&#8221;featured&#8221; src=&#8221;https:\/\/dobrogeanews.b-cdn.net\/wp-content\/uploads\/2026\/04\/parcul-independentei-tulcea2.jpg&#8221;] Urm\u0103re\u015fte-ne \u015fi pe Facebook!57KFollowers Urmeaz\u0103 aleile, parcarea \u0219i mobilierul urban Suprafa\u021ba spa\u021biilor verzi a crescut \u00een aceast\u0103 prim\u0103var\u0103 \u00een municipiul Tulcea dup\u0103 un plan elaborat al celor de la Servicii Publice care au f\u0103cut mult mai multe lucr\u0103ri anul acesta. Servicii Publice Tulcea a lucrat \u00een ritm sus\u021binut astfel \u00eenc\u00e2t de S\u0103rb\u0103torile [&hellip;]<\/p>\n","protected":false},"author":1,"featured_media":0,"comment_status":"open","ping_status":"","sticky":false,"template":"","format":"standard","meta":{"footnotes":""},"categories":[89],"tags":[226,223],"class_list":["post-1872036","post","type-post","status-publish","format-standard","hentry","category-romania","tag-crawlmanager","tag-dobrogeanews-ro"],"_links":{"self":[{"href":"https:\/\/analyse.optim.biz\/index.php?rest_route=\/wp\/v2\/posts\/1872036","targetHints":{"allow":["GET"]}}],"collection":[{"href":"https:\/\/analyse.optim.biz\/index.php?rest_route=\/wp\/v2\/posts"}],"about":[{"href":"https:\/\/analyse.optim.biz\/index.php?rest_route=\/wp\/v2\/types\/post"}],"author":[{"embeddable":true,"href":"https:\/\/analyse.optim.biz\/index.php?rest_route=\/wp\/v2\/users\/1"}],"replies":[{"embeddable":true,"href":"https:\/\/analyse.optim.biz\/index.php?rest_route=%2Fwp%2Fv2%2Fcomments&post=1872036"}],"version-history":[{"count":0,"href":"https:\/\/analyse.optim.biz\/index.php?rest_route=\/wp\/v2\/posts\/1872036\/revisions"}],"wp:attachment":[{"href":"https:\/\/analyse.optim.biz\/index.php?rest_route=%2Fwp%2Fv2%2Fmedia&parent=1872036"}],"wp:term":[{"taxonomy":"category","embeddable":true,"href":"https:\/\/analyse.optim.biz\/index.php?rest_route=%2Fwp%2Fv2%2Fcategories&post=1872036"},{"taxonomy":"post_tag","embeddable":true,"href":"https:\/\/analyse.optim.biz\/index.php?rest_route=%2Fwp%2Fv2%2Ftags&post=1872036"}],"curies":[{"name":"wp","href":"https:\/\/api.w.org\/{rel}","templated":true}]}}