{"id":187201,"date":"2015-02-01T20:11:32","date_gmt":"2015-02-01T17:11:32","guid":{"rendered":"https:\/\/analyse.optim.biz\/?p=187201"},"modified":"2015-02-01T20:11:32","modified_gmt":"2015-02-01T17:11:32","slug":"klaus-iohannis-se-intalneste-luni-la-cotroceni-cu-calin-popescu-tariceanu-si-valeriu-zgonea","status":"publish","type":"post","link":"https:\/\/analyse.optim.biz\/?p=187201","title":{"rendered":"Klaus Iohannis se \u00eent\u00e2lne\u0219te luni, la Cotroceni, cu C\u0103lin Popescu-T\u0103riceanu \u0219i Valeriu Zgonea"},"content":{"rendered":"<div class=\"entry data-app-meta data-app-meta-article\" data-embed-base-url-canonical=\"https:\/\/www.digi24.ro\/embed\/stiri\/actualitate\/politica\/klaus-iohannis-se-intalneste-luni-la-cotroceni-cu-calin-popescu-tariceanu-si-valeriu-zgonea-354170\">\n<p data-index=\"1\"><img decoding=\"async\" src=\"https:\/\/analyse.optim.biz\/wp-content\/uploads\/2024\/09\/ptgwmczoyxnoptbjytm2nmezytc5zjhimtmwyzcyzdlmmzk5yjg4nza0-thumb_.jpg\" data-skip-htmlfix=\"1\" title=\"ptgwmczoyxnoptbjytm2nmezytc5zjhimtmwyzcyzdlmmzk5yjg4nza0-thumb_\"><\/p>\n<p data-index=\"2\">Ini\u021bial, \u00eentrevederea fusese stabilit\u0103 pentru mar\u021bi, 27 ianuarie, dar av\u00e2nd \u00een vedere faptul c\u0103 at\u00e2t T\u0103riceanu, c\u00e2t \u0219i Zgonea, efectuau vizite \u00een str\u0103in\u0103tate, discu\u021biile au fost reprogramate.<\/p>\n<p data-index=\"3\">Luni este prima zi a noii sesiuni ordinare, prima din acest an, a Senatului \u0219i Camerei Deputa\u021bilor.<\/p>\n<\/div>\n<p> Source URL: https:\/\/www.digi24.ro\/stiri\/actualitate\/politica\/klaus-iohannis-se-intalneste-luni-la-cotroceni-cu-calin-popescu-tariceanu-si-valeriu-zgonea-354170<\/p>\n","protected":false},"excerpt":{"rendered":"<p>Ini\u021bial, \u00eentrevederea fusese stabilit\u0103 pentru mar\u021bi, 27 ianuarie, dar av\u00e2nd \u00een vedere faptul c\u0103 at\u00e2t T\u0103riceanu, c\u00e2t \u0219i Zgonea, efectuau vizite \u00een str\u0103in\u0103tate, discu\u021biile au fost reprogramate. Luni este prima zi a noii sesiuni ordinare, prima din acest an, a Senatului \u0219i Camerei Deputa\u021bilor. Source URL: https:\/\/www.digi24.ro\/stiri\/actualitate\/politica\/klaus-iohannis-se-intalneste-luni-la-cotroceni-cu-calin-popescu-tariceanu-si-valeriu-zgonea-354170<\/p>\n","protected":false},"author":1,"featured_media":187202,"comment_status":"open","ping_status":"","sticky":false,"template":"","format":"standard","meta":{"footnotes":""},"categories":[2],"tags":[11],"class_list":["post-187201","post","type-post","status-publish","format-standard","has-post-thumbnail","hentry","category-politics","tag-digi24"],"_links":{"self":[{"href":"https:\/\/analyse.optim.biz\/index.php?rest_route=\/wp\/v2\/posts\/187201","targetHints":{"allow":["GET"]}}],"collection":[{"href":"https:\/\/analyse.optim.biz\/index.php?rest_route=\/wp\/v2\/posts"}],"about":[{"href":"https:\/\/analyse.optim.biz\/index.php?rest_route=\/wp\/v2\/types\/post"}],"author":[{"embeddable":true,"href":"https:\/\/analyse.optim.biz\/index.php?rest_route=\/wp\/v2\/users\/1"}],"replies":[{"embeddable":true,"href":"https:\/\/analyse.optim.biz\/index.php?rest_route=%2Fwp%2Fv2%2Fcomments&post=187201"}],"version-history":[{"count":0,"href":"https:\/\/analyse.optim.biz\/index.php?rest_route=\/wp\/v2\/posts\/187201\/revisions"}],"wp:featuredmedia":[{"embeddable":true,"href":"https:\/\/analyse.optim.biz\/index.php?rest_route=\/wp\/v2\/media\/187202"}],"wp:attachment":[{"href":"https:\/\/analyse.optim.biz\/index.php?rest_route=%2Fwp%2Fv2%2Fmedia&parent=187201"}],"wp:term":[{"taxonomy":"category","embeddable":true,"href":"https:\/\/analyse.optim.biz\/index.php?rest_route=%2Fwp%2Fv2%2Fcategories&post=187201"},{"taxonomy":"post_tag","embeddable":true,"href":"https:\/\/analyse.optim.biz\/index.php?rest_route=%2Fwp%2Fv2%2Ftags&post=187201"}],"curies":[{"name":"wp","href":"https:\/\/api.w.org\/{rel}","templated":true}]}}