{"id":1871954,"date":"2026-04-08T00:27:35","date_gmt":"2026-04-07T21:27:35","guid":{"rendered":"https:\/\/analyse.optim.biz\/?p=1871954"},"modified":"2026-04-08T00:27:35","modified_gmt":"2026-04-07T21:27:35","slug":"purtatorul-de-cuvant-al-patriarhiei-romane-il-povatuieste-pe-andrei-caramitru-ce-inseamna-a-fi-crestin","status":"publish","type":"post","link":"https:\/\/analyse.optim.biz\/?p=1871954","title":{"rendered":"Purt\u0103torul de cuv\u00e2nt al Patriarhiei Rom\u00e2ne \u00eel pov\u0103\u021buie\u0219te pe Andrei Caramitru ce \u00eenseamn\u0103 a fi cre\u0219tin"},"content":{"rendered":"<p>[analyse_image type=&#8221;featured&#8221; src=&#8221;https:\/\/ortodoxinfo.ro\/wp-content\/uploads\/2026\/04\/adrian-agachi-purtator-cuvant-bor-biserica-patriarhia.jpg&#8221;]<\/p>\n<article id=\"post-219339\" class=\"post-219339 post type-post status-publish format-standard has-post-thumbnail category-predici-conferinte-interviuri\">\n<header class=\"single-header\">\n<h1 class=\"s-title fw-headline\">Purt\u0103torul de cuv\u00e2nt al Patriarhiei Rom\u00e2ne \u00eel pov\u0103\u021buie\u0219te pe Andrei Caramitru ce \u00eenseamn\u0103 a fi cre\u0219tin<\/h1>\n<div class=\"single-meta meta-s-default yes-0\">\n<div class=\"smeta-in\"><a class=\"meta-el meta-avatar\" href=\"https:\/\/ortodoxinfo.ro\/author\/redactor\/\"><img loading=\"lazy\" decoding=\"async\" alt=\"OrtodoxINFO\" src=\"https:\/\/secure.gravatar.com\/avatar\/21010332354a182ce4de6016685c5586f21c51866d0ec5bc8ef383240b3c3e02?s=120&amp;r=g\" class=\"avatar avatar-120 photo\" height=\"120\" width=\"120\"><\/a><\/p>\n<div class=\"smeta-sec\">\n<div class=\"p-meta\">\n<div class=\"meta-inner is-meta\"><span class=\"meta-el meta-date\"><time datetime=\"2026-04-08T03:27:35+03:00\">8 aprilie 2026<\/time><\/span><span class=\"meta-el meta-category meta-bold\"><a class=\"meta-separate category-1644\" href=\"https:\/\/ortodoxinfo.ro\/category\/credinta-ortodoxa\/predici-conferinte-interviuri\/\">Predici, conferin\u021be, interviuri, sfaturi<\/a><\/span><span class=\"meta-el meta-view\">8.3k vizualiz\u0103ri\t\t<\/span><span class=\"meta-el meta-comment mobile-last-meta tablet-last-meta\"><a href=\"https:\/\/ortodoxinfo.ro\/2026\/04\/08\/purtatorul-de-cuvant-al-patriarhiei-romane-il-povatuieste-pe-andrei-caramitru-ce-inseamna-sa-fii-crestin\/#respond\">Comentarii<\/a><\/span><\/div>\n<\/div>\n<\/div>\n<\/div>\n<div class=\"smeta-extra\">\n<div class=\"t-shared-sec tooltips-n has-read-meta is-color\">\n<div class=\"t-shared-header is-meta\"><span class=\"share-label\">Share<\/span><\/div>\n<\/div>\n<div class=\"single-right-meta single-time-read is-meta\"><span class=\"meta-el meta-read\">3 Min Read<\/span><\/div>\n<\/div>\n<\/div>\n<\/header>\n<div class=\"grid-container\">\n<div class=\"s-ct\">\n<div class=\"s-feat-outer\">\n<div class=\"s-feat\">\n<div class=\"featured-lightbox-trigger\" data-source=\"https:\/\/ortodoxinfo.ro\/wp-content\/uploads\/2026\/04\/adrian-agachi-purtator-cuvant-bor-biserica-patriarhia.jpg\" data-caption data-attribution><img fetchpriority=\"high\" decoding=\"async\" width=\"860\" height=\"484\" src=\"https:\/\/ortodoxinfo.ro\/wp-content\/uploads\/2026\/04\/adrian-agachi-purtator-cuvant-bor-biserica-patriarhia-860x484.jpg\" class=\"attachment-foxiz_crop_o1 size-foxiz_crop_o1 wp-post-image\" alt loading=\"eager\"><\/div>\n<\/div>\n<\/div>\n<div class=\"s-ct-wrap has-lsl\">\n<div class=\"s-ct-inner\">\n<div class=\"l-shared-sec-outer show-mobile\">\n<div class=\"l-shared-sec\">\n<div class=\"l-shared-header meta-text\"><span class=\"share-label\">SHARE<\/span><\/div>\n<\/div>\n<\/div>\n<div class=\"e-ct-outer\">\n<div class=\"entry-content rbct clearfix is-highlight-shares\">\n<blockquote>\n<p>\u201eNu pute\u021bi \u0219i nici nu ve\u021bi putea asculta\u021bi aici \u2013 s\u0103 trimite\u021bi hoarde s\u0103 fac\u0103 represiune violent\u0103 contra celor care nu v\u0103 pup\u0103 m\u00e2inile sau v\u0103 critic\u0103\u201d (Andrei Caramitru).<\/p>\n<\/blockquote>\n<p>Domnule Caramitru,<\/p>\n<div class=\"inline-single-ad ad_single_index alignfull\">\n<div class=\"ad-wrap ad-script-wrap\">\n<div class=\"ad-script non-adsense edge-padding\">\n<div>\n\u203c\ufe0f\u203c\ufe0f NU recunoa\u0219tem ca pre\u0219edinte al Rom\u00e2niei pe marioneta retard\u0103 Nicu\u0219or Dan! Rom\u00e2ni, boicota\u021bi aceast\u0103 f\u0103c\u0103tur\u0103, care ne face \u021bara de r\u00e2s! NU rom\u00e2nii l-au votat pe Nicusoro\u0219 &#8211; cu unele excep\u021bii de persoane infantile, manipulabile \u0219i chiar idioate &#8211; ci l-au ajutat Maia Soro\u0219, Emanuel Macrou \u0219i tr\u0103d\u0103torii de la B.E.C. \u0219i CCR!<br \/>\n La \u00eenchisoare cu cei care au fraudat alegerile!\n<\/div>\n<\/div>\n<\/div>\n<\/div>\n<p>Biserica nu a f\u0103cut \u0219i nu face vreodat\u0103 represiuni violente \u00eempotriva nim\u0103nui, dar are dreptul s\u0103 \u00ee\u0219i apere credin\u021ba \u0219i valorile \u00een conformitate cu poruncile dumnezeie\u0219ti \u0219i cu legile \u00een vigoare. Cre\u0219tinii au ap\u0103rat aceste mari valori v\u0103rs\u00e2ndu-\u0219i propriul s\u00e2nge, niciodat\u0103 pe al altora, prin nenum\u0103ra\u021bii martiri \u0219i mucenici, prin sfin\u021bii care au murit \u00een temni\u021bele comuniste sau \u00een alte lag\u0103re \u0219i \u00eenchisori pentru ca ast\u0103zi s\u0103 avem libertatea \u0219i demnitatea de care ne bucur\u0103m cu to\u021bii.<\/p>\n<p>Ei \u0219i-au iertat c\u0103l\u0103ii, a\u0219a cum \u0219i noi, ast\u0103zi, r\u0103bd\u0103m \u00eendelung batjocorirea la care suntem supu\u0219i \u00een multe feluri \u0219i \u00een multe chipuri, f\u0103r\u0103 a avea vreodat\u0103 g\u00e2nd de r\u0103zbunare sau r\u0103utate fa\u021b\u0103 de cei care ne \u00eenfiereaz\u0103 zilnic.<\/p>\n<p>Nu avem preten\u021bia s\u0103 ne pupe nimeni m\u00e2inile \u0219i nici nu ne facem iluzii c\u0103 vom fi vreodat\u0103 scuti\u021bi de critici. Cre\u0219tinii des\u0103v\u00e2r\u0219i\u021bi nu cad de-a gata din ceruri. Sfin\u021benia este dob\u00e2ndit\u0103 de cei care sunt gata s\u0103-\u0219i poarte crucea \u0219i s\u0103-L iubeasc\u0103 pe Dumnezeu \u0219i aproapele lor. Calea vie\u021bii cre\u0219tine este una a accept\u0103rii suferin\u021bei \u0219i a rodirii cu sens \u00een fa\u021ba durerilor vie\u021bii.<br \/>\n\u00cens\u0103 nici noi, nici cei din trecut \u0219i sper\u0103m c\u0103 nici cei care vor veni dup\u0103 noi nu vom \u00eenceta s\u0103 ap\u0103r\u0103m Biserica \u2013 trupul lui Hristos, mama noastr\u0103 spiritual\u0103 \u2013 din care facem parte ca oameni cre\u0219tini. Noi ne c\u0103l\u0103uzim dup\u0103 cuv\u00e2ntul Sf\u00e2ntului Ciprian al Cartaginei: \u201eCine nu are Biserica drept mam\u0103, nu \u00cel poate avea pe Dumnezeu ca tat\u0103\u201d.<\/p>\n<p>Mai departe, sunte\u021bi liber \u0219i dvs. \u0219i cei care g\u00e2ndesc ca dvs. s\u0103 face\u021bi ce dori\u021bi. \u00cens\u0103 ne vom ap\u0103ra Biserica prin cuv\u00e2nt \u0219i fapt\u0103, prin r\u0103bdarea oric\u0103rui chin \u0219i suferin\u021b\u0103, pentru c\u0103 niciun fiu credincios nu \u00ee\u0219i poate abandona propria mam\u0103 atunci c\u00e2nd aceasta se afl\u0103 \u00een nevoie.<br \/>\nHristos poate totul \u0219i va ap\u0103ra Biserica Sa, pe care nici por\u021bile iadului nu o vor birui, \u00eens\u0103 se bucur\u0103 totodat\u0103 cu mare drag c\u00e2nd vede c\u0103 nu r\u0103m\u00e2nem indiferen\u021bi fa\u021b\u0103 de cea pentru care \u0219i-a v\u0103rsat propriul S\u0103u S\u00e2nge.<br \/>\nDumnezeu ne a\u0219teapt\u0103 pe to\u021bi, domnule Caramitru. Fie s\u0103 ne g\u0103seasc\u0103 pe to\u021bi \u00een starea sufleteasc\u0103 potrivit\u0103 c\u00e2nd va veni s\u0103 judece \u0219i s\u0103 r\u0103spl\u0103teasc\u0103 fiec\u0103ruia dup\u0103 faptele sale.<\/p>\n<p>Doresc tuturor S\u0103rb\u0103tori binecuv\u00e2ntate \u0219i fie ca \u00cenvierea M\u00e2ntuitorului Iisus Hristos s\u0103 vindece r\u0103nile noastre sociale \u0219i s\u0103 ne picure \u00een inimi iertare \u0219i iubire.<\/p>\n<p>Iar dac\u0103 am smintit sau am r\u0103nit pe cineva cu ceva, \u00eel rog sa m\u0103 ierte.<\/p>\n<p>Dumnezeu s\u0103 ne ierte \u0219i s\u0103 ne binecuv\u00e2nteze!<\/p>\n<p>Pr. Adrian Agachi<\/p>\n<\/div>\n<\/div>\n<\/div>\n<div class=\"e-shared-sec entry-sec\">\n<div class=\"e-shared-header h4\"><span>Distribuie<\/span><\/div>\n<div class=\"rbbsl tooltips-n effect-fadeout is-bg\"><a class=\"share-action share-trigger icon-facebook\" aria-label=\"Share on Facebook\" href=\"https:\/\/www.facebook.com\/sharer.php?u=https%3A%2F%2Fortodoxinfo.ro%2F2026%2F04%2F08%2Fpurtatorul-de-cuvant-al-patriarhiei-romane-il-povatuieste-pe-andrei-caramitru-ce-inseamna-sa-fii-crestin%2F\" data-title=\"Facebook\" rel=\"nofollow\"><span>Facebook<\/span><\/a><a class=\"share-action share-trigger icon-twitter\" aria-label=\"Share on X\" href=\"https:\/\/twitter.com\/intent\/tweet?text=Purt%C4%83torul+de+cuv%C3%A2nt+al+Patriarhiei+Rom%C3%A2ne+%C3%AEl+pov%C4%83%C8%9Buie%C8%99te+pe+Andrei+Caramitru+ce+%C3%AEnseamn%C4%83+a+fi+cre%C8%99tin&amp;url=https%3A%2F%2Fortodoxinfo.ro%2F2026%2F04%2F08%2Fpurtatorul-de-cuvant-al-patriarhiei-romane-il-povatuieste-pe-andrei-caramitru-ce-inseamna-sa-fii-crestin%2F&amp;via=ortodoxinforo\" data-title=\"X\" rel=\"nofollow\"><span>X<\/span><\/a><a class=\"share-action icon-whatsapp is-web\" aria-label=\"Share on Whatsapp\" href=\"https:\/\/web.whatsapp.com\/send?text=Purt%C4%83torul+de+cuv%C3%A2nt+al+Patriarhiei+Rom%C3%A2ne+%C3%AEl+pov%C4%83%C8%9Buie%C8%99te+pe+Andrei+Caramitru+ce+%C3%AEnseamn%C4%83+a+fi+cre%C8%99tin%20%E2%98%9E%20https%3A%2F%2Fortodoxinfo.ro%2F2026%2F04%2F08%2Fpurtatorul-de-cuvant-al-patriarhiei-romane-il-povatuieste-pe-andrei-caramitru-ce-inseamna-sa-fii-crestin%2F\" target=\"_blank\" data-title=\"WhatsApp\" rel=\"nofollow\"><span>Whatsapp<\/span><\/a><a class=\"share-action icon-whatsapp is-mobile\" aria-label=\"Share on Whatsapp\" href=\"\/\/send?text=Purt%C4%83torul+de+cuv%C3%A2nt+al+Patriarhiei+Rom%C3%A2ne+%C3%AEl+pov%C4%83%C8%9Buie%C8%99te+pe+Andrei+Caramitru+ce+%C3%AEnseamn%C4%83+a+fi+cre%C8%99tin%20%E2%98%9E%20https%3A%2F%2Fortodoxinfo.ro%2F2026%2F04%2F08%2Fpurtatorul-de-cuvant-al-patriarhiei-romane-il-povatuieste-pe-andrei-caramitru-ce-inseamna-sa-fii-crestin%2F\" target=\"_blank\" data-title=\"WhatsApp\" rel=\"nofollow\"><span>Whatsapp<\/span><\/a><a class=\"share-action share-trigger icon-telegram\" aria-label=\"Share on Telegram\" href=\"https:\/\/t.me\/share\/?url=https%3A%2F%2Fortodoxinfo.ro%2F2026%2F04%2F08%2Fpurtatorul-de-cuvant-al-patriarhiei-romane-il-povatuieste-pe-andrei-caramitru-ce-inseamna-sa-fii-crestin%2F&amp;text=Purt%C4%83torul+de+cuv%C3%A2nt+al+Patriarhiei+Rom%C3%A2ne+%C3%AEl+pov%C4%83%C8%9Buie%C8%99te+pe+Andrei+Caramitru+ce+%C3%AEnseamn%C4%83+a+fi+cre%C8%99tin\" data-title=\"Telegram\" rel=\"nofollow\"><span>Telegram<\/span><\/a><a class=\"share-action icon-copy copy-trigger\" aria-label=\"Copy Link\" href=\"https:\/\/ortodoxinfo.ro\/2026\/04\/08\/purtatorul-de-cuvant-al-patriarhiei-romane-il-povatuieste-pe-andrei-caramitru-ce-inseamna-sa-fii-crestin\/\" data-copied=\"Copied!\" data-link=\"https:\/\/ortodoxinfo.ro\/2026\/04\/08\/purtatorul-de-cuvant-al-patriarhiei-romane-il-povatuieste-pe-andrei-caramitru-ce-inseamna-sa-fii-crestin\/\" rel=\"nofollow\" data-copy=\"Copy Link\"><span>Copy Link<\/span><\/a><a class=\"share-action icon-print\" aria-label=\"Print\" rel=\"nofollow\" data-title=\"Print\"><span>Print<\/span><\/a><\/div>\n<\/div>\n<\/div>\n<div id=\"tabs\" class=\"dntplgn_form_wrapper\"><span><\/p>\n<h2>\u0218tirile sunt sub cenzur\u0103! Sprijini\u021bi OrtodoxINFO!<\/h2>\n<p>Guvernul nu dore\u0219te aflarea adev\u0103rului despre lovitura de stat \u0219i \u00eengenuncherea Rom\u00e2niei. \u00cencerc\u0103m s\u0103 men\u021binem viu acest site \u0219i s\u0103 v\u0103 punem la dispozi\u021bie informa\u021bii care s\u0103 fac\u0103 lumin\u0103 \u00een cea mai mare provocare pe care o tr\u0103im. Jurnalismul independent al portalului OrtodoxINFO func\u021bioneaz\u0103 strict cu ajutorul cititorilor.<br \/>\nNe pute\u021bi sprijini printr-o <b><a href=\"https:\/\/ortodoxinfo.ro\/donatii\/\">dona\u021bie bancar\u0103<\/a> sau prin PayPal, complet\u00e2nd formularul de mai jos.<\/b><\/span><\/p>\n<ul>\n<li><a href=\"https:\/\/ortodoxinfo.ro\/2026\/04\/08\/purtatorul-de-cuvant-al-patriarhiei-romane-il-povatuieste-pe-andrei-caramitru-ce-inseamna-sa-fii-crestin\/#tabs-1\">Dona\u021bie lunar\u0103<\/a><\/li>\n<li><a href=\"https:\/\/ortodoxinfo.ro\/2026\/04\/08\/purtatorul-de-cuvant-al-patriarhiei-romane-il-povatuieste-pe-andrei-caramitru-ce-inseamna-sa-fii-crestin\/#tabs-2\">Doar acum<\/a><\/li>\n<\/ul>\n<div id=\"tabs-1\"><img loading=\"lazy\" decoding=\"async\" alt border=\"0\" src=\"https:\/\/www.paypalobjects.com\/en_US\/i\/scr\/pixel.gif\" width=\"1\" height=\"1\"><\/div>\n<div id=\"tabs-2\">\n<p>\t\t     \u20ac<\/p>\n<p>\t\t    <img loading=\"lazy\" decoding=\"async\" alt border=\"0\" src=\"https:\/\/www.paypalobjects.com\/en_US\/i\/scr\/pixel.gif\" width=\"1\" height=\"1\"><\/div>\n<p>Mul\u021bumim celor care ne-au ajutat p\u00e2n\u0103 acum!\n\t<\/p><\/div>\n<div class=\"comment-box-wrap entry-sec\">\n<div class=\"comment-box-header\"><span class=\"h3\">Las\u0103 un comentariu<\/span><\/div>\n<div class=\"comment-holder no-comment\">\n<div id=\"comments\" class=\"comments-area\">\n<div id=\"respond\" class=\"comment-respond\">\n<h3 id=\"reply-title\" class=\"comment-reply-title\">Las\u0103 un r\u0103spuns <small><a rel=\"nofollow\" id=\"cancel-comment-reply-link\" href=\"https:\/\/ortodoxinfo.ro\/2026\/04\/08\/purtatorul-de-cuvant-al-patriarhiei-romane-il-povatuieste-pe-andrei-caramitru-ce-inseamna-sa-fii-crestin\/#respond\">Anuleaz\u0103 r\u0103spunsul<\/a><\/small><\/h3>\n<p class=\"comment-notes\"><span id=\"email-notes\">Adresa ta de email nu va fi publicat\u0103.<\/span><span class=\"required-field-message\">C\u00e2mpurile obligatorii sunt marcate cu <span class=\"required\">*<\/span><\/span><\/p>\n<\/div>\n<\/div>\n<\/div>\n<\/div>\n<\/div>\n<div class=\"sidebar-wrap single-sidebar\">\n<div class=\"sidebar-inner clearfix\">\n<div id=\"widget-post-2\" class=\"widget rb-section w-sidebar clearfix widget-post\">\n<div class=\"block-h widget-heading heading-layout-1\">\n<div class=\"heading-inner\">\n<h4 class=\"heading-title\"><span>Articole recente<\/span><\/h4>\n<\/div>\n<\/div>\n<div class=\"widget-p-listing\">\n<div class=\"p-wrap p-small p-list-small-2\" data-pid=\"219315\">\n<div class=\"feat-holder\">\n<div class=\"p-featured ratio-v1\"><a class=\"p-flink\" href=\"https:\/\/ortodoxinfo.ro\/2026\/04\/08\/rugaminte-pentru-sustinerea-ortodoxinfo\/\" title=\"Rug\u0103minte pentru sus\u021binerea OrtodoxINFO!\"><img decoding=\"async\" width=\"150\" height=\"150\" src=\"https:\/\/ortodoxinfo.ro\/wp-content\/uploads\/2026\/04\/Screenshot_20260407_155807_Gallery-150x150.jpg\" class=\"featured-img wp-post-image\" alt loading=\"lazy\"><\/a><\/div>\n<\/div>\n<div class=\"p-content\">\n<h5 class=\"entry-title\"><a class=\"p-url\" href=\"https:\/\/ortodoxinfo.ro\/2026\/04\/08\/rugaminte-pentru-sustinerea-ortodoxinfo\/\" rel=\"bookmark\">Rug\u0103minte pentru sus\u021binerea OrtodoxINFO!<\/a><\/h5>\n<div class=\"p-meta\">\n<div class=\"meta-inner is-meta\"><span class=\"meta-el meta-date\"><time datetime=\"2026-04-08T10:43:37+03:00\">8 aprilie 2026<\/time><\/span><span class=\"meta-el meta-category meta-bold\"><a class=\"meta-separate category-574\" href=\"https:\/\/ortodoxinfo.ro\/category\/anunturi\/publicistica\/\">Publicistic\u0103<\/a><\/span><span class=\"meta-el meta-view\">2k vizualiz\u0103ri\t\t<\/span><\/div>\n<\/div>\n<\/div>\n<\/div>\n<div class=\"p-wrap p-small p-list-small-2\" data-pid=\"219347\">\n<div class=\"feat-holder\">\n<div class=\"p-featured ratio-v1\"><a class=\"p-flink\" href=\"https:\/\/ortodoxinfo.ro\/2026\/04\/08\/sfanta-si-marea-miercuri-denie-2\/\" title=\"Sf\u00e2nta \u0219i Marea Miercuri (Denie)\"><img decoding=\"async\" width=\"150\" height=\"150\" src=\"https:\/\/ortodoxinfo.ro\/wp-content\/uploads\/2026\/04\/femeia-pacatoasa-1-150x150.jpg\" class=\"featured-img wp-post-image\" alt loading=\"lazy\"><\/a><\/div>\n<\/div>\n<div class=\"p-content\">\n<h5 class=\"entry-title\"><a class=\"p-url\" href=\"https:\/\/ortodoxinfo.ro\/2026\/04\/08\/sfanta-si-marea-miercuri-denie-2\/\" rel=\"bookmark\">Sf\u00e2nta \u0219i Marea Miercuri (Denie)<\/a><\/h5>\n<div class=\"p-meta\">\n<div class=\"meta-inner is-meta\"><span class=\"meta-el meta-date\"><time datetime=\"2026-04-08T10:20:22+03:00\">8 aprilie 2026<\/time><\/span><span class=\"meta-el meta-category meta-bold\"><a class=\"meta-separate category-2547\" href=\"https:\/\/ortodoxinfo.ro\/category\/credinta-ortodoxa\/posturi\/postul-sfintelor-pasti\/\">Postul Sfintelor Pa\u0219ti<\/a><\/span><span class=\"meta-el meta-view\">1.3k vizualiz\u0103ri\t\t<\/span><\/div>\n<\/div>\n<\/div>\n<\/div>\n<div class=\"p-wrap p-small p-list-small-2\" data-pid=\"219343\">\n<div class=\"feat-holder\">\n<div class=\"p-featured ratio-v1\"><a class=\"p-flink\" href=\"https:\/\/ortodoxinfo.ro\/2026\/04\/08\/ultima-ora-s-a-oprit-razboiul-din-iran-armistitiul-de-doua-saptamani-propus-de-trump-acceptat-de-teheran\/\" title=\"ULTIMA OR\u0102! S-a oprit r\u0103zboiul din Iran: armisti\u021biul de dou\u0103 s\u0103pt\u0103m\u00e2ni propus de Trump, acceptat de Teheran\"><img decoding=\"async\" width=\"150\" height=\"150\" src=\"https:\/\/ortodoxinfo.ro\/wp-content\/uploads\/2026\/04\/iran_keXy0-1-150x150.webp\" class=\"featured-img wp-post-image\" alt loading=\"lazy\"><\/a><\/div>\n<\/div>\n<div class=\"p-content\">\n<h5 class=\"entry-title\"><a class=\"p-url\" href=\"https:\/\/ortodoxinfo.ro\/2026\/04\/08\/ultima-ora-s-a-oprit-razboiul-din-iran-armistitiul-de-doua-saptamani-propus-de-trump-acceptat-de-teheran\/\" rel=\"bookmark\">ULTIMA OR\u0102! S-a oprit r\u0103zboiul din Iran: armisti\u021biul de dou\u0103 s\u0103pt\u0103m\u00e2ni propus de Trump, acceptat de Teheran<\/a><\/h5>\n<div class=\"p-meta\">\n<div class=\"meta-inner is-meta\"><span class=\"meta-el meta-date\"><time datetime=\"2026-04-08T03:39:49+03:00\">8 aprilie 2026<\/time><\/span><span class=\"meta-el meta-category meta-bold\"><a class=\"meta-separate category-20293\" href=\"https:\/\/ortodoxinfo.ro\/category\/anti-sistem\/al-iii-lea-razboi-mondial\/iran\/\">IRAN<\/a><\/span><span class=\"meta-el meta-view\">10.7k vizualiz\u0103ri\t\t<\/span><\/div>\n<\/div>\n<\/div>\n<\/div>\n<div class=\"p-wrap p-small p-list-small-2\" data-pid=\"219330\">\n<div class=\"feat-holder\">\n<div class=\"p-featured ratio-v1\"><a class=\"p-flink\" href=\"https:\/\/ortodoxinfo.ro\/2026\/04\/07\/a-murit-mircea-lucescu-cariera-uriasa-a-celui-mai-titrat-antrenor-roman\/\" title=\"A murit Mircea Lucescu. Dumnezeu s\u0103-l ierte \u0219i s\u0103-l a\u0219eze \u00een \u00cemp\u0103r\u0103\u0163ia Sa!\"><img decoding=\"async\" width=\"150\" height=\"150\" src=\"https:\/\/ortodoxinfo.ro\/wp-content\/uploads\/2026\/04\/lucescu_6d718d8287-150x150.webp\" class=\"featured-img wp-post-image\" alt loading=\"lazy\"><\/a><\/div>\n<\/div>\n<div class=\"p-content\">\n<h5 class=\"entry-title\"><a class=\"p-url\" href=\"https:\/\/ortodoxinfo.ro\/2026\/04\/07\/a-murit-mircea-lucescu-cariera-uriasa-a-celui-mai-titrat-antrenor-roman\/\" rel=\"bookmark\">A murit Mircea Lucescu. Dumnezeu s\u0103-l ierte \u0219i s\u0103-l a\u0219eze \u00een \u00cemp\u0103r\u0103\u0163ia Sa!<\/a><\/h5>\n<div class=\"p-meta\">\n<div class=\"meta-inner is-meta\"><span class=\"meta-el meta-date\"><time datetime=\"2026-04-07T21:24:22+03:00\">7 aprilie 2026<\/time><\/span><span class=\"meta-el meta-category meta-bold\"><a class=\"meta-separate category-1949\" href=\"https:\/\/ortodoxinfo.ro\/category\/anunturi\/treceri-la-domnul\/\">Treceri la Domnul<\/a><\/span><span class=\"meta-el meta-view\">5.6k vizualiz\u0103ri\t\t<\/span><\/div>\n<\/div>\n<\/div>\n<\/div>\n<\/div>\n<\/div>\n<div id=\"custom_html-2\" class=\"widget_text widget rb-section w-sidebar clearfix widget_custom_html\">\n<div class=\"block-h widget-heading heading-layout-1\">\n<div class=\"heading-inner\">\n<h4 class=\"heading-title\"><span>DONA\u021aII \u00een cont bancar<\/span><\/h4>\n<\/div>\n<\/div>\n<div class=\"textwidget custom-html-widget\">\n<table class=\"donatii\">\n<tbody>\n<tr>\n<th colspan=\"2\"><strong><span>ASMIB<\/span><\/strong><\/th>\n<\/tr>\n<tr>\n<th>Cont LEI<\/th>\n<td>RO67CECEB00030RON2081955<\/td>\n<\/tr>\n<tr>\n<th>Cont EURO<\/th>\n<td>RO33CECEB000C1EUR2081978<\/td>\n<\/tr>\n<tr>\n<th>Cod SWIFT<\/th>\n<td>CECEROBU<\/td>\n<\/tr>\n<tr>\n<th colspan=\"2\"><strong>CEC BANK SA<\/strong><\/th>\n<\/tr>\n<\/tbody>\n<\/table>\n<\/div>\n<\/div>\n<\/div>\n<\/div>\n<\/div>\n<\/article>\n<div class=\"entry-content rbct clearfix is-highlight-shares\">\n<blockquote>\n<p>\u201eNu pute\u021bi \u0219i nici nu ve\u021bi putea asculta\u021bi aici \u2013 s\u0103 trimite\u021bi hoarde s\u0103 fac\u0103 represiune violent\u0103 contra celor care nu v\u0103 pup\u0103 m\u00e2inile sau v\u0103 critic\u0103\u201d (Andrei Caramitru).<\/p>\n<\/blockquote>\n<p>Domnule Caramitru,<\/p>\n<div class=\"inline-single-ad ad_single_index alignfull\">\n<div class=\"ad-wrap ad-script-wrap\">\n<div class=\"ad-script non-adsense edge-padding\">\n<div>\n\u203c\ufe0f\u203c\ufe0f NU recunoa\u0219tem ca pre\u0219edinte al Rom\u00e2niei pe marioneta retard\u0103 Nicu\u0219or Dan! Rom\u00e2ni, boicota\u021bi aceast\u0103 f\u0103c\u0103tur\u0103, care ne face \u021bara de r\u00e2s! NU rom\u00e2nii l-au votat pe Nicusoro\u0219 &#8211; cu unele excep\u021bii de persoane infantile, manipulabile \u0219i chiar idioate &#8211; ci l-au ajutat Maia Soro\u0219, Emanuel Macrou \u0219i tr\u0103d\u0103torii de la B.E.C. \u0219i CCR!<br \/>\n La \u00eenchisoare cu cei care au fraudat alegerile!\n<\/div>\n<\/div>\n<\/div>\n<\/div>\n<p>Biserica nu a f\u0103cut \u0219i nu face vreodat\u0103 represiuni violente \u00eempotriva nim\u0103nui, dar are dreptul s\u0103 \u00ee\u0219i apere credin\u021ba \u0219i valorile \u00een conformitate cu poruncile dumnezeie\u0219ti \u0219i cu legile \u00een vigoare. Cre\u0219tinii au ap\u0103rat aceste mari valori v\u0103rs\u00e2ndu-\u0219i propriul s\u00e2nge, niciodat\u0103 pe al altora, prin nenum\u0103ra\u021bii martiri \u0219i mucenici, prin sfin\u021bii care au murit \u00een temni\u021bele comuniste sau \u00een alte lag\u0103re \u0219i \u00eenchisori pentru ca ast\u0103zi s\u0103 avem libertatea \u0219i demnitatea de care ne bucur\u0103m cu to\u021bii.<\/p>\n<p>Ei \u0219i-au iertat c\u0103l\u0103ii, a\u0219a cum \u0219i noi, ast\u0103zi, r\u0103bd\u0103m \u00eendelung batjocorirea la care suntem supu\u0219i \u00een multe feluri \u0219i \u00een multe chipuri, f\u0103r\u0103 a avea vreodat\u0103 g\u00e2nd de r\u0103zbunare sau r\u0103utate fa\u021b\u0103 de cei care ne \u00eenfiereaz\u0103 zilnic.<\/p>\n<p>Nu avem preten\u021bia s\u0103 ne pupe nimeni m\u00e2inile \u0219i nici nu ne facem iluzii c\u0103 vom fi vreodat\u0103 scuti\u021bi de critici. Cre\u0219tinii des\u0103v\u00e2r\u0219i\u021bi nu cad de-a gata din ceruri. Sfin\u021benia este dob\u00e2ndit\u0103 de cei care sunt gata s\u0103-\u0219i poarte crucea \u0219i s\u0103-L iubeasc\u0103 pe Dumnezeu \u0219i aproapele lor. Calea vie\u021bii cre\u0219tine este una a accept\u0103rii suferin\u021bei \u0219i a rodirii cu sens \u00een fa\u021ba durerilor vie\u021bii.<br \/>\n\u00cens\u0103 nici noi, nici cei din trecut \u0219i sper\u0103m c\u0103 nici cei care vor veni dup\u0103 noi nu vom \u00eenceta s\u0103 ap\u0103r\u0103m Biserica \u2013 trupul lui Hristos, mama noastr\u0103 spiritual\u0103 \u2013 din care facem parte ca oameni cre\u0219tini. Noi ne c\u0103l\u0103uzim dup\u0103 cuv\u00e2ntul Sf\u00e2ntului Ciprian al Cartaginei: \u201eCine nu are Biserica drept mam\u0103, nu \u00cel poate avea pe Dumnezeu ca tat\u0103\u201d.<\/p>\n<p>Mai departe, sunte\u021bi liber \u0219i dvs. \u0219i cei care g\u00e2ndesc ca dvs. s\u0103 face\u021bi ce dori\u021bi. \u00cens\u0103 ne vom ap\u0103ra Biserica prin cuv\u00e2nt \u0219i fapt\u0103, prin r\u0103bdarea oric\u0103rui chin \u0219i suferin\u021b\u0103, pentru c\u0103 niciun fiu credincios nu \u00ee\u0219i poate abandona propria mam\u0103 atunci c\u00e2nd aceasta se afl\u0103 \u00een nevoie.<br \/>\nHristos poate totul \u0219i va ap\u0103ra Biserica Sa, pe care nici por\u021bile iadului nu o vor birui, \u00eens\u0103 se bucur\u0103 totodat\u0103 cu mare drag c\u00e2nd vede c\u0103 nu r\u0103m\u00e2nem indiferen\u021bi fa\u021b\u0103 de cea pentru care \u0219i-a v\u0103rsat propriul S\u0103u S\u00e2nge.<br \/>\nDumnezeu ne a\u0219teapt\u0103 pe to\u021bi, domnule Caramitru. Fie s\u0103 ne g\u0103seasc\u0103 pe to\u021bi \u00een starea sufleteasc\u0103 potrivit\u0103 c\u00e2nd va veni s\u0103 judece \u0219i s\u0103 r\u0103spl\u0103teasc\u0103 fiec\u0103ruia dup\u0103 faptele sale.<\/p>\n<p>Doresc tuturor S\u0103rb\u0103tori binecuv\u00e2ntate \u0219i fie ca \u00cenvierea M\u00e2ntuitorului Iisus Hristos s\u0103 vindece r\u0103nile noastre sociale \u0219i s\u0103 ne picure \u00een inimi iertare \u0219i iubire.<\/p>\n<p>Iar dac\u0103 am smintit sau am r\u0103nit pe cineva cu ceva, \u00eel rog sa m\u0103 ierte.<\/p>\n<p>Dumnezeu s\u0103 ne ierte \u0219i s\u0103 ne binecuv\u00e2nteze!<\/p>\n<p>Pr. Adrian Agachi<\/p>\n<\/div>\n<p>[analyse_source url=&#8221;https:\/\/ortodoxinfo.ro\/2026\/04\/08\/purtatorul-de-cuvant-al-patriarhiei-romane-il-povatuieste-pe-andrei-caramitru-ce-inseamna-sa-fii-crestin\/&#8221;]<\/p>\n","protected":false},"excerpt":{"rendered":"<p>[analyse_image type=&#8221;featured&#8221; src=&#8221;https:\/\/ortodoxinfo.ro\/wp-content\/uploads\/2026\/04\/adrian-agachi-purtator-cuvant-bor-biserica-patriarhia.jpg&#8221;] Purt\u0103torul de cuv\u00e2nt al Patriarhiei Rom\u00e2ne \u00eel pov\u0103\u021buie\u0219te pe Andrei Caramitru ce \u00eenseamn\u0103 a fi cre\u0219tin 8 aprilie 2026Predici, conferin\u021be, interviuri, sfaturi8.3k vizualiz\u0103ri Comentarii Share 3 Min Read SHARE \u201eNu pute\u021bi \u0219i nici nu ve\u021bi putea asculta\u021bi aici \u2013 s\u0103 trimite\u021bi hoarde s\u0103 fac\u0103 represiune violent\u0103 contra celor care nu v\u0103 pup\u0103 [&hellip;]<\/p>\n","protected":false},"author":1,"featured_media":0,"comment_status":"open","ping_status":"","sticky":false,"template":"","format":"standard","meta":{"footnotes":""},"categories":[89],"tags":[226,94],"class_list":["post-1871954","post","type-post","status-publish","format-standard","hentry","category-romania","tag-crawlmanager","tag-ortodoxinfo-ro"],"_links":{"self":[{"href":"https:\/\/analyse.optim.biz\/index.php?rest_route=\/wp\/v2\/posts\/1871954","targetHints":{"allow":["GET"]}}],"collection":[{"href":"https:\/\/analyse.optim.biz\/index.php?rest_route=\/wp\/v2\/posts"}],"about":[{"href":"https:\/\/analyse.optim.biz\/index.php?rest_route=\/wp\/v2\/types\/post"}],"author":[{"embeddable":true,"href":"https:\/\/analyse.optim.biz\/index.php?rest_route=\/wp\/v2\/users\/1"}],"replies":[{"embeddable":true,"href":"https:\/\/analyse.optim.biz\/index.php?rest_route=%2Fwp%2Fv2%2Fcomments&post=1871954"}],"version-history":[{"count":0,"href":"https:\/\/analyse.optim.biz\/index.php?rest_route=\/wp\/v2\/posts\/1871954\/revisions"}],"wp:attachment":[{"href":"https:\/\/analyse.optim.biz\/index.php?rest_route=%2Fwp%2Fv2%2Fmedia&parent=1871954"}],"wp:term":[{"taxonomy":"category","embeddable":true,"href":"https:\/\/analyse.optim.biz\/index.php?rest_route=%2Fwp%2Fv2%2Fcategories&post=1871954"},{"taxonomy":"post_tag","embeddable":true,"href":"https:\/\/analyse.optim.biz\/index.php?rest_route=%2Fwp%2Fv2%2Ftags&post=1871954"}],"curies":[{"name":"wp","href":"https:\/\/api.w.org\/{rel}","templated":true}]}}