{"id":1871953,"date":"2026-04-08T00:39:49","date_gmt":"2026-04-07T21:39:49","guid":{"rendered":"https:\/\/analyse.optim.biz\/?p=1871953"},"modified":"2026-04-08T00:39:49","modified_gmt":"2026-04-07T21:39:49","slug":"ultima-ora-s-a-oprit-razboiul-din-iran-armistitiul-de-doua-saptamani-propus-de-trump-acceptat-de-teheran","status":"publish","type":"post","link":"https:\/\/analyse.optim.biz\/?p=1871953","title":{"rendered":"ULTIMA OR\u0102! S-a oprit r\u0103zboiul din Iran: armisti\u021biul de dou\u0103 s\u0103pt\u0103m\u00e2ni propus de Trump, acceptat de Teheran"},"content":{"rendered":"<p>[analyse_image type=&#8221;featured&#8221; src=&#8221;https:\/\/ortodoxinfo.ro\/wp-content\/uploads\/2026\/04\/iran_keXy0-1.webp&#8221;]<\/p>\n<article id=\"post-219343\" class=\"post-219343 post type-post status-publish format-standard has-post-thumbnail category-iran\">\n<header class=\"single-header\">\n<h1 class=\"s-title fw-headline\">ULTIMA OR\u0102! S-a oprit r\u0103zboiul din Iran: armisti\u021biul de dou\u0103 s\u0103pt\u0103m\u00e2ni propus de Trump, acceptat de Teheran<\/h1>\n<div class=\"single-meta meta-s-default yes-0\">\n<div class=\"smeta-in\"><a class=\"meta-el meta-avatar\" href=\"https:\/\/ortodoxinfo.ro\/author\/redactor\/\"><img loading=\"lazy\" decoding=\"async\" alt=\"OrtodoxINFO\" src=\"https:\/\/secure.gravatar.com\/avatar\/21010332354a182ce4de6016685c5586f21c51866d0ec5bc8ef383240b3c3e02?s=120&amp;r=g\" class=\"avatar avatar-120 photo\" height=\"120\" width=\"120\"><\/a><\/p>\n<div class=\"smeta-sec\">\n<div class=\"p-meta\">\n<div class=\"meta-inner is-meta\"><span class=\"meta-el meta-date\"><time datetime=\"2026-04-08T03:39:49+03:00\">8 aprilie 2026<\/time><\/span><span class=\"meta-el meta-category meta-bold\"><a class=\"meta-separate category-20293\" href=\"https:\/\/ortodoxinfo.ro\/category\/anti-sistem\/al-iii-lea-razboi-mondial\/iran\/\">IRAN<\/a><\/span><span class=\"meta-el meta-view\">10.7k vizualiz\u0103ri\t\t<\/span><span class=\"meta-el meta-comment mobile-last-meta tablet-last-meta\"><a href=\"https:\/\/ortodoxinfo.ro\/2026\/04\/08\/ultima-ora-s-a-oprit-razboiul-din-iran-armistitiul-de-doua-saptamani-propus-de-trump-acceptat-de-teheran\/#respond\">Comentarii<\/a><\/span><\/div>\n<\/div>\n<\/div>\n<\/div>\n<div class=\"smeta-extra\">\n<div class=\"t-shared-sec tooltips-n has-read-meta is-color\">\n<div class=\"t-shared-header is-meta\"><span class=\"share-label\">Share<\/span><\/div>\n<\/div>\n<div class=\"single-right-meta single-time-read is-meta\"><span class=\"meta-el meta-read\">4 Min Read<\/span><\/div>\n<\/div>\n<\/div>\n<\/header>\n<div class=\"grid-container\">\n<div class=\"s-ct\">\n<div class=\"s-feat-outer\">\n<div class=\"s-feat\">\n<div class=\"featured-lightbox-trigger\" data-source=\"https:\/\/ortodoxinfo.ro\/wp-content\/uploads\/2026\/04\/iran_keXy0-1.webp\" data-caption data-attribution><img fetchpriority=\"high\" decoding=\"async\" width=\"400\" height=\"237\" src=\"https:\/\/ortodoxinfo.ro\/wp-content\/uploads\/2026\/04\/iran_keXy0-1.webp\" class=\"attachment-foxiz_crop_o1 size-foxiz_crop_o1 wp-post-image\" alt loading=\"eager\"><\/div>\n<\/div>\n<\/div>\n<div class=\"s-ct-wrap has-lsl\">\n<div class=\"s-ct-inner\">\n<div class=\"l-shared-sec-outer show-mobile\">\n<div class=\"l-shared-sec\">\n<div class=\"l-shared-header meta-text\"><span class=\"share-label\">SHARE<\/span><\/div>\n<\/div>\n<\/div>\n<div class=\"e-ct-outer\">\n<div class=\"entry-content rbct clearfix is-highlight-shares\">\n<div class=\"ruby-table-contents rbtoc table-left table-fw-single-col\">\n<div class=\"toc-header\"><span class=\"h3\">Sumar<\/span><\/div>\n<div class=\"toc-content h5\"><a href=\"https:\/\/ortodoxinfo.ro\/2026\/04\/08\/ultima-ora-s-a-oprit-razboiul-din-iran-armistitiul-de-doua-saptamani-propus-de-trump-acceptat-de-teheran\/#de-la-ultimatum-la-armistitiu\" class=\"table-link no-link anchor-link\" data-index=\"rb-heading-index-0\">De la ultimatum la armisti\u021biu<\/a><a href=\"https:\/\/ortodoxinfo.ro\/2026\/04\/08\/ultima-ora-s-a-oprit-razboiul-din-iran-armistitiul-de-doua-saptamani-propus-de-trump-acceptat-de-teheran\/#reactia-iranului-acceptare-rapida-dar-calculata\" class=\"table-link no-link anchor-link\" data-index=\"rb-heading-index-1\">Reac\u021bia Iranului: acceptare rapid\u0103, dar calculat\u0103<\/a><a href=\"https:\/\/ortodoxinfo.ro\/2026\/04\/08\/ultima-ora-s-a-oprit-razboiul-din-iran-armistitiul-de-doua-saptamani-propus-de-trump-acceptat-de-teheran\/#un-conflict-la-limita-escaladarii-totale\" class=\"table-link no-link anchor-link\" data-index=\"rb-heading-index-2\">Un conflict la limita escalad\u0103rii totale<\/a><a href=\"https:\/\/ortodoxinfo.ro\/2026\/04\/08\/ultima-ora-s-a-oprit-razboiul-din-iran-armistitiul-de-doua-saptamani-propus-de-trump-acceptat-de-teheran\/#o-pauza-fragila-sau-inceputul-negocierilor-reale\" class=\"table-link no-link anchor-link\" data-index=\"rb-heading-index-3\">O pauz\u0103 fragil\u0103 sau \u00eenceputul negocierilor reale?<\/a><\/div>\n<\/div>\n<p>Conflictul dintre Statele Unite \u0219i Iran a intrat \u00eentr-o nou\u0103 etap\u0103 nea\u0219teptat\u0103, dup\u0103 ce pre\u0219edintele american Donald Trump a f\u0103cut un pas \u00eenapoi de la o escaladare militar\u0103 major\u0103 \u0219i a propus un armisti\u021biu temporar de dou\u0103 s\u0103pt\u0103m\u00e2ni \u2014 o ini\u021biativ\u0103 acceptat\u0103 rapid de autorit\u0103\u021bile de la Teheran.<\/p>\n<div class=\"inline-single-ad ad_single_index alignfull\">\n<div class=\"ad-wrap ad-script-wrap\">\n<div class=\"ad-script non-adsense edge-padding\">\n<div>\n\u203c\ufe0f\u203c\ufe0f NU recunoa\u0219tem ca pre\u0219edinte al Rom\u00e2niei pe marioneta retard\u0103 Nicu\u0219or Dan! Rom\u00e2ni, boicota\u021bi aceast\u0103 f\u0103c\u0103tur\u0103, care ne face \u021bara de r\u00e2s! NU rom\u00e2nii l-au votat pe Nicusoro\u0219 &#8211; cu unele excep\u021bii de persoane infantile, manipulabile \u0219i chiar idioate &#8211; ci l-au ajutat Maia Soro\u0219, Emanuel Macrou \u0219i tr\u0103d\u0103torii de la B.E.C. \u0219i CCR!<br \/>\n La \u00eenchisoare cu cei care au fraudat alegerile!\n<\/div>\n<\/div>\n<\/div>\n<\/div>\n<p>Decizia vine pe fondul unor tensiuni extreme \u0219i al unor amenin\u021b\u0103ri f\u0103r\u0103 precedent. Cu doar c\u00e2teva ore \u00eenainte, Trump avertizase c\u0103 Statele Unite ar putea distruge infrastructura critic\u0103 a Iranului \u201e\u00een c\u00e2teva ore\u201d, inclusiv poduri \u0219i centrale electrice, dac\u0103 Teheranul nu se conformeaz\u0103 ultimatumului privind redeschiderea Str\u00e2mtorii Ormuz.<\/p>\n<p>Retorica liderului american fusese una dur\u0103 \u0219i constant\u0103. Acesta declarase c\u0103, \u00een lipsa unui acord rapid, este preg\u0103tit s\u0103 \u201earunce totul \u00een aer\u201d \u0219i s\u0103 preia controlul asupra resurselor energetice ale Iranului, subliniind pozi\u021bia de for\u021b\u0103 a Washingtonului \u00een conflict.<\/p>\n<h3 id=\"de-la-ultimatum-la-armistitiu\" class=\"rb-heading-index-0\">De la ultimatum la armisti\u021biu<\/h3>\n<p>\u00cen mod surprinz\u0103tor, dup\u0103 aceast\u0103 escaladare verbal\u0103 \u0219i militar\u0103, Donald Trump a transmis un mesaj \u00een care a acceptat ideea unui armisti\u021biu limitat, de dou\u0103 s\u0103pt\u0103m\u00e2ni. Schimbarea de pozi\u021bie sugereaz\u0103 o recalibrare strategic\u0103, posibil influen\u021bat\u0103 de presiuni interna\u021bionale \u0219i de riscurile unui conflict total \u00een regiune.<\/p>\n<p>Propunerea de armisti\u021biu se \u00eenscrie \u00eentr-un plan mai amplu discutat prin intermediari interna\u021bionali, care ar presupune o etap\u0103 ini\u021bial\u0103 de \u00eencetare temporar\u0103 a ostilit\u0103\u021bilor, urmat\u0103 de negocieri pentru un acord mai larg.<\/p>\n<h3 id=\"reactia-iranului-acceptare-rapida-dar-calculata\" class=\"rb-heading-index-1\">Reac\u021bia Iranului: acceptare rapid\u0103, <strong>dar<\/strong> calculat\u0103<\/h3>\n<p>Autorit\u0103\u021bile iraniene au reac\u021bionat prompt, anun\u021b\u00e2nd c\u0103 accept\u0103 pe deplin armisti\u021biul de dou\u0103 s\u0103pt\u0103m\u00e2ni. Aceast\u0103 pozi\u021bie marcheaz\u0103 o schimbare notabil\u0103 fa\u021b\u0103 de declara\u021biile anterioare, c\u00e2nd Teheranul respingea ideea unor acorduri temporare sub presiune \u0219i insista asupra unor garan\u021bii solide pentru un armisti\u021biu permanent.<\/p>\n<p>Acceptarea armisti\u021biului nu \u00eenseamn\u0103 \u00eens\u0103 o detensionare complet\u0103. Oficialii iranieni au subliniat \u00een trecut c\u0103 negocierile nu pot avea loc sub amenin\u021b\u0103ri \u0219i c\u0103 orice acord durabil trebuie s\u0103 includ\u0103 ridicarea sanc\u021biunilor \u0219i garan\u021bii de securitate.<\/p>\n<h3 id=\"un-conflict-la-limita-escaladarii-totale\" class=\"rb-heading-index-2\">Un conflict la limita escalad\u0103rii totale<\/h3>\n<p>Contextul \u00een care apare acest armisti\u021biu este unul extrem de volatil. R\u0103zboiul, \u00eenceput la finalul lunii februarie 2026, a afectat grav stabilitatea regional\u0103 \u0219i pie\u021bele globale, \u00een special din cauza bloc\u0103rii Str\u00e2mtorii Ormuz \u2014 un punct strategic prin care tranziteaz\u0103 aproximativ 20% din petrolul mondial.<\/p>\n<p>\u00cen paralel, bilan\u021bul uman al conflictului este \u00een cre\u0219tere, cu mii de victime raportate \u0219i distrugeri semnificative ale infrastructurii, ceea ce amplific\u0103 presiunea interna\u021bional\u0103 pentru o solu\u021bie diplomatic\u0103.<\/p>\n<h3 id=\"o-pauza-fragila-sau-inceputul-negocierilor-reale\" class=\"rb-heading-index-3\">O pauz\u0103 fragil\u0103 sau \u00eenceputul negocierilor reale?<\/h3>\n<p>Armisti\u021biul de dou\u0103 s\u0103pt\u0103m\u00e2ni reprezint\u0103, \u00een esen\u021b\u0103, o pauz\u0103 tactic\u0103 \u00eentr-un conflict aflat aproape de punctul de escaladare maxim\u0103. Pentru Washington, este o oportunitate de a ob\u021bine concesii f\u0103r\u0103 a recurge la o ofensiv\u0103 devastatoare. Pentru Teheran, este o modalitate de a c\u00e2\u0219tiga timp \u0219i de a evita lovituri majore asupra infrastructurii critice.<\/p>\n<p>R\u0103m\u00e2ne \u00eens\u0103 incert dac\u0103 aceast\u0103 \u00een\u021belegere temporar\u0103 va evolua \u00eentr-un acord de pace durabil sau va reprezenta doar o scurt\u0103 \u00eentrerupere \u00eenaintea relu\u0103rii confrunt\u0103rilor. Cert este c\u0103, dup\u0103 zile de amenin\u021b\u0103ri extreme, dialogul \u2014 chiar \u0219i limitat \u2014 a redevenit o op\u021biune pe masa negocierilor.<\/p>\n<\/div>\n<\/div>\n<\/div>\n<div class=\"e-shared-sec entry-sec\">\n<div class=\"e-shared-header h4\"><span>Distribuie<\/span><\/div>\n<div class=\"rbbsl tooltips-n effect-fadeout is-bg\"><a class=\"share-action share-trigger icon-facebook\" aria-label=\"Share on Facebook\" href=\"https:\/\/www.facebook.com\/sharer.php?u=https%3A%2F%2Fortodoxinfo.ro%2F2026%2F04%2F08%2Fultima-ora-s-a-oprit-razboiul-din-iran-armistitiul-de-doua-saptamani-propus-de-trump-acceptat-de-teheran%2F\" data-title=\"Facebook\" rel=\"nofollow\"><span>Facebook<\/span><\/a><a class=\"share-action share-trigger icon-twitter\" aria-label=\"Share on X\" href=\"https:\/\/twitter.com\/intent\/tweet?text=ULTIMA+OR%C4%82%21+S-a+oprit+r%C4%83zboiul+din+Iran%3A+armisti%C8%9Biul+de+dou%C4%83+s%C4%83pt%C4%83m%C3%A2ni+propus+de+Trump%2C+acceptat+de+Teheran&amp;url=https%3A%2F%2Fortodoxinfo.ro%2F2026%2F04%2F08%2Fultima-ora-s-a-oprit-razboiul-din-iran-armistitiul-de-doua-saptamani-propus-de-trump-acceptat-de-teheran%2F&amp;via=ortodoxinforo\" data-title=\"X\" rel=\"nofollow\"><span>X<\/span><\/a><a class=\"share-action icon-whatsapp is-web\" aria-label=\"Share on Whatsapp\" href=\"https:\/\/web.whatsapp.com\/send?text=ULTIMA+OR%C4%82%21+S-a+oprit+r%C4%83zboiul+din+Iran%3A+armisti%C8%9Biul+de+dou%C4%83+s%C4%83pt%C4%83m%C3%A2ni+propus+de+Trump%2C+acceptat+de+Teheran%20%E2%98%9E%20https%3A%2F%2Fortodoxinfo.ro%2F2026%2F04%2F08%2Fultima-ora-s-a-oprit-razboiul-din-iran-armistitiul-de-doua-saptamani-propus-de-trump-acceptat-de-teheran%2F\" target=\"_blank\" data-title=\"WhatsApp\" rel=\"nofollow\"><span>Whatsapp<\/span><\/a><a class=\"share-action icon-whatsapp is-mobile\" aria-label=\"Share on Whatsapp\" href=\"\/\/send?text=ULTIMA+OR%C4%82%21+S-a+oprit+r%C4%83zboiul+din+Iran%3A+armisti%C8%9Biul+de+dou%C4%83+s%C4%83pt%C4%83m%C3%A2ni+propus+de+Trump%2C+acceptat+de+Teheran%20%E2%98%9E%20https%3A%2F%2Fortodoxinfo.ro%2F2026%2F04%2F08%2Fultima-ora-s-a-oprit-razboiul-din-iran-armistitiul-de-doua-saptamani-propus-de-trump-acceptat-de-teheran%2F\" target=\"_blank\" data-title=\"WhatsApp\" rel=\"nofollow\"><span>Whatsapp<\/span><\/a><a class=\"share-action share-trigger icon-telegram\" aria-label=\"Share on Telegram\" href=\"https:\/\/t.me\/share\/?url=https%3A%2F%2Fortodoxinfo.ro%2F2026%2F04%2F08%2Fultima-ora-s-a-oprit-razboiul-din-iran-armistitiul-de-doua-saptamani-propus-de-trump-acceptat-de-teheran%2F&amp;text=ULTIMA+OR%C4%82%21+S-a+oprit+r%C4%83zboiul+din+Iran%3A+armisti%C8%9Biul+de+dou%C4%83+s%C4%83pt%C4%83m%C3%A2ni+propus+de+Trump%2C+acceptat+de+Teheran\" data-title=\"Telegram\" rel=\"nofollow\"><span>Telegram<\/span><\/a><a class=\"share-action icon-copy copy-trigger\" aria-label=\"Copy Link\" href=\"https:\/\/ortodoxinfo.ro\/2026\/04\/08\/ultima-ora-s-a-oprit-razboiul-din-iran-armistitiul-de-doua-saptamani-propus-de-trump-acceptat-de-teheran\/\" data-copied=\"Copied!\" data-link=\"https:\/\/ortodoxinfo.ro\/2026\/04\/08\/ultima-ora-s-a-oprit-razboiul-din-iran-armistitiul-de-doua-saptamani-propus-de-trump-acceptat-de-teheran\/\" rel=\"nofollow\" data-copy=\"Copy Link\"><span>Copy Link<\/span><\/a><a class=\"share-action icon-print\" aria-label=\"Print\" rel=\"nofollow\" data-title=\"Print\"><span>Print<\/span><\/a><\/div>\n<\/div>\n<\/div>\n<div id=\"tabs\" class=\"dntplgn_form_wrapper\"><span><\/p>\n<h2>\u0218tirile sunt sub cenzur\u0103! Sprijini\u021bi OrtodoxINFO!<\/h2>\n<p>Guvernul nu dore\u0219te aflarea adev\u0103rului despre lovitura de stat \u0219i \u00eengenuncherea Rom\u00e2niei. \u00cencerc\u0103m s\u0103 men\u021binem viu acest site \u0219i s\u0103 v\u0103 punem la dispozi\u021bie informa\u021bii care s\u0103 fac\u0103 lumin\u0103 \u00een cea mai mare provocare pe care o tr\u0103im. Jurnalismul independent al portalului OrtodoxINFO func\u021bioneaz\u0103 strict cu ajutorul cititorilor.<br \/>\nNe pute\u021bi sprijini printr-o <b><a href=\"https:\/\/ortodoxinfo.ro\/donatii\/\">dona\u021bie bancar\u0103<\/a> sau prin PayPal, complet\u00e2nd formularul de mai jos.<\/b><\/span><\/p>\n<ul>\n<li><a href=\"https:\/\/ortodoxinfo.ro\/2026\/04\/08\/ultima-ora-s-a-oprit-razboiul-din-iran-armistitiul-de-doua-saptamani-propus-de-trump-acceptat-de-teheran\/#tabs-1\">Dona\u021bie lunar\u0103<\/a><\/li>\n<li><a href=\"https:\/\/ortodoxinfo.ro\/2026\/04\/08\/ultima-ora-s-a-oprit-razboiul-din-iran-armistitiul-de-doua-saptamani-propus-de-trump-acceptat-de-teheran\/#tabs-2\">Doar acum<\/a><\/li>\n<\/ul>\n<div id=\"tabs-1\"><img loading=\"lazy\" decoding=\"async\" alt border=\"0\" src=\"https:\/\/www.paypalobjects.com\/en_US\/i\/scr\/pixel.gif\" width=\"1\" height=\"1\"><\/div>\n<div id=\"tabs-2\">\n<p>\t\t     \u20ac<\/p>\n<p>\t\t    <img loading=\"lazy\" decoding=\"async\" alt border=\"0\" src=\"https:\/\/www.paypalobjects.com\/en_US\/i\/scr\/pixel.gif\" width=\"1\" height=\"1\"><\/div>\n<p>Mul\u021bumim celor care ne-au ajutat p\u00e2n\u0103 acum!\n\t<\/p><\/div>\n<div class=\"comment-box-wrap entry-sec\">\n<div class=\"comment-box-header\"><span class=\"h3\">Las\u0103 un comentariu<\/span><\/div>\n<div class=\"comment-holder no-comment\">\n<div id=\"comments\" class=\"comments-area\">\n<div id=\"respond\" class=\"comment-respond\">\n<h3 id=\"reply-title\" class=\"comment-reply-title\">Las\u0103 un r\u0103spuns <small><a rel=\"nofollow\" id=\"cancel-comment-reply-link\" href=\"https:\/\/ortodoxinfo.ro\/2026\/04\/08\/ultima-ora-s-a-oprit-razboiul-din-iran-armistitiul-de-doua-saptamani-propus-de-trump-acceptat-de-teheran\/#respond\">Anuleaz\u0103 r\u0103spunsul<\/a><\/small><\/h3>\n<p class=\"comment-notes\"><span id=\"email-notes\">Adresa ta de email nu va fi publicat\u0103.<\/span><span class=\"required-field-message\">C\u00e2mpurile obligatorii sunt marcate cu <span class=\"required\">*<\/span><\/span><\/p>\n<\/div>\n<\/div>\n<\/div>\n<\/div>\n<\/div>\n<div class=\"sidebar-wrap single-sidebar\">\n<div class=\"sidebar-inner clearfix\">\n<div id=\"widget-post-2\" class=\"widget rb-section w-sidebar clearfix widget-post\">\n<div class=\"block-h widget-heading heading-layout-1\">\n<div class=\"heading-inner\">\n<h4 class=\"heading-title\"><span>Articole recente<\/span><\/h4>\n<\/div>\n<\/div>\n<div class=\"widget-p-listing\">\n<div class=\"p-wrap p-small p-list-small-2\" data-pid=\"219315\">\n<div class=\"feat-holder\">\n<div class=\"p-featured ratio-v1\"><a class=\"p-flink\" href=\"https:\/\/ortodoxinfo.ro\/2026\/04\/08\/rugaminte-pentru-sustinerea-ortodoxinfo\/\" title=\"Rug\u0103minte pentru sus\u021binerea OrtodoxINFO!\"><img decoding=\"async\" width=\"150\" height=\"150\" src=\"https:\/\/ortodoxinfo.ro\/wp-content\/uploads\/2026\/04\/Screenshot_20260407_155807_Gallery-150x150.jpg\" class=\"featured-img wp-post-image\" alt loading=\"lazy\"><\/a><\/div>\n<\/div>\n<div class=\"p-content\">\n<h5 class=\"entry-title\"><a class=\"p-url\" href=\"https:\/\/ortodoxinfo.ro\/2026\/04\/08\/rugaminte-pentru-sustinerea-ortodoxinfo\/\" rel=\"bookmark\">Rug\u0103minte pentru sus\u021binerea OrtodoxINFO!<\/a><\/h5>\n<div class=\"p-meta\">\n<div class=\"meta-inner is-meta\"><span class=\"meta-el meta-date\"><time datetime=\"2026-04-08T10:43:37+03:00\">8 aprilie 2026<\/time><\/span><span class=\"meta-el meta-category meta-bold\"><a class=\"meta-separate category-574\" href=\"https:\/\/ortodoxinfo.ro\/category\/anunturi\/publicistica\/\">Publicistic\u0103<\/a><\/span><span class=\"meta-el meta-view\">1.9k vizualiz\u0103ri\t\t<\/span><\/div>\n<\/div>\n<\/div>\n<\/div>\n<div class=\"p-wrap p-small p-list-small-2\" data-pid=\"219347\">\n<div class=\"feat-holder\">\n<div class=\"p-featured ratio-v1\"><a class=\"p-flink\" href=\"https:\/\/ortodoxinfo.ro\/2026\/04\/08\/sfanta-si-marea-miercuri-denie-2\/\" title=\"Sf\u00e2nta \u0219i Marea Miercuri (Denie)\"><img decoding=\"async\" width=\"150\" height=\"150\" src=\"https:\/\/ortodoxinfo.ro\/wp-content\/uploads\/2026\/04\/femeia-pacatoasa-1-150x150.jpg\" class=\"featured-img wp-post-image\" alt loading=\"lazy\"><\/a><\/div>\n<\/div>\n<div class=\"p-content\">\n<h5 class=\"entry-title\"><a class=\"p-url\" href=\"https:\/\/ortodoxinfo.ro\/2026\/04\/08\/sfanta-si-marea-miercuri-denie-2\/\" rel=\"bookmark\">Sf\u00e2nta \u0219i Marea Miercuri (Denie)<\/a><\/h5>\n<div class=\"p-meta\">\n<div class=\"meta-inner is-meta\"><span class=\"meta-el meta-date\"><time datetime=\"2026-04-08T10:20:22+03:00\">8 aprilie 2026<\/time><\/span><span class=\"meta-el meta-category meta-bold\"><a class=\"meta-separate category-2547\" href=\"https:\/\/ortodoxinfo.ro\/category\/credinta-ortodoxa\/posturi\/postul-sfintelor-pasti\/\">Postul Sfintelor Pa\u0219ti<\/a><\/span><span class=\"meta-el meta-view\">1.3k vizualiz\u0103ri\t\t<\/span><\/div>\n<\/div>\n<\/div>\n<\/div>\n<div class=\"p-wrap p-small p-list-small-2\" data-pid=\"219339\">\n<div class=\"feat-holder\">\n<div class=\"p-featured ratio-v1\"><a class=\"p-flink\" href=\"https:\/\/ortodoxinfo.ro\/2026\/04\/08\/purtatorul-de-cuvant-al-patriarhiei-romane-il-povatuieste-pe-andrei-caramitru-ce-inseamna-sa-fii-crestin\/\" title=\"Purt\u0103torul de cuv\u00e2nt al Patriarhiei Rom\u00e2ne \u00eel pov\u0103\u021buie\u0219te pe Andrei Caramitru ce \u00eenseamn\u0103 a fi cre\u0219tin\"><img decoding=\"async\" width=\"150\" height=\"150\" src=\"https:\/\/ortodoxinfo.ro\/wp-content\/uploads\/2026\/04\/adrian-agachi-purtator-cuvant-bor-biserica-patriarhia-150x150.jpg\" class=\"featured-img wp-post-image\" alt loading=\"lazy\"><\/a><\/div>\n<\/div>\n<div class=\"p-content\">\n<h5 class=\"entry-title\"><a class=\"p-url\" href=\"https:\/\/ortodoxinfo.ro\/2026\/04\/08\/purtatorul-de-cuvant-al-patriarhiei-romane-il-povatuieste-pe-andrei-caramitru-ce-inseamna-sa-fii-crestin\/\" rel=\"bookmark\">Purt\u0103torul de cuv\u00e2nt al Patriarhiei Rom\u00e2ne \u00eel pov\u0103\u021buie\u0219te pe Andrei Caramitru ce \u00eenseamn\u0103 a fi cre\u0219tin<\/a><\/h5>\n<div class=\"p-meta\">\n<div class=\"meta-inner is-meta\"><span class=\"meta-el meta-date\"><time datetime=\"2026-04-08T03:27:35+03:00\">8 aprilie 2026<\/time><\/span><span class=\"meta-el meta-category meta-bold\"><a class=\"meta-separate category-1644\" href=\"https:\/\/ortodoxinfo.ro\/category\/credinta-ortodoxa\/predici-conferinte-interviuri\/\">Predici, conferin\u021be, interviuri, sfaturi<\/a><\/span><span class=\"meta-el meta-view\">8.3k vizualiz\u0103ri\t\t<\/span><\/div>\n<\/div>\n<\/div>\n<\/div>\n<div class=\"p-wrap p-small p-list-small-2\" data-pid=\"219330\">\n<div class=\"feat-holder\">\n<div class=\"p-featured ratio-v1\"><a class=\"p-flink\" href=\"https:\/\/ortodoxinfo.ro\/2026\/04\/07\/a-murit-mircea-lucescu-cariera-uriasa-a-celui-mai-titrat-antrenor-roman\/\" title=\"A murit Mircea Lucescu. Dumnezeu s\u0103-l ierte \u0219i s\u0103-l a\u0219eze \u00een \u00cemp\u0103r\u0103\u0163ia Sa!\"><img decoding=\"async\" width=\"150\" height=\"150\" src=\"https:\/\/ortodoxinfo.ro\/wp-content\/uploads\/2026\/04\/lucescu_6d718d8287-150x150.webp\" class=\"featured-img wp-post-image\" alt loading=\"lazy\"><\/a><\/div>\n<\/div>\n<div class=\"p-content\">\n<h5 class=\"entry-title\"><a class=\"p-url\" href=\"https:\/\/ortodoxinfo.ro\/2026\/04\/07\/a-murit-mircea-lucescu-cariera-uriasa-a-celui-mai-titrat-antrenor-roman\/\" rel=\"bookmark\">A murit Mircea Lucescu. Dumnezeu s\u0103-l ierte \u0219i s\u0103-l a\u0219eze \u00een \u00cemp\u0103r\u0103\u0163ia Sa!<\/a><\/h5>\n<div class=\"p-meta\">\n<div class=\"meta-inner is-meta\"><span class=\"meta-el meta-date\"><time datetime=\"2026-04-07T21:24:22+03:00\">7 aprilie 2026<\/time><\/span><span class=\"meta-el meta-category meta-bold\"><a class=\"meta-separate category-1949\" href=\"https:\/\/ortodoxinfo.ro\/category\/anunturi\/treceri-la-domnul\/\">Treceri la Domnul<\/a><\/span><span class=\"meta-el meta-view\">5.6k vizualiz\u0103ri\t\t<\/span><\/div>\n<\/div>\n<\/div>\n<\/div>\n<\/div>\n<\/div>\n<div id=\"custom_html-2\" class=\"widget_text widget rb-section w-sidebar clearfix widget_custom_html\">\n<div class=\"block-h widget-heading heading-layout-1\">\n<div class=\"heading-inner\">\n<h4 class=\"heading-title\"><span>DONA\u021aII \u00een cont bancar<\/span><\/h4>\n<\/div>\n<\/div>\n<div class=\"textwidget custom-html-widget\">\n<table class=\"donatii\">\n<tbody>\n<tr>\n<th colspan=\"2\"><strong><span>ASMIB<\/span><\/strong><\/th>\n<\/tr>\n<tr>\n<th>Cont LEI<\/th>\n<td>RO67CECEB00030RON2081955<\/td>\n<\/tr>\n<tr>\n<th>Cont EURO<\/th>\n<td>RO33CECEB000C1EUR2081978<\/td>\n<\/tr>\n<tr>\n<th>Cod SWIFT<\/th>\n<td>CECEROBU<\/td>\n<\/tr>\n<tr>\n<th colspan=\"2\"><strong>CEC BANK SA<\/strong><\/th>\n<\/tr>\n<\/tbody>\n<\/table>\n<\/div>\n<\/div>\n<\/div>\n<\/div>\n<\/div>\n<\/article>\n<div class=\"entry-content rbct clearfix is-highlight-shares\">\n<div class=\"ruby-table-contents rbtoc table-left table-fw-single-col\">\n<div class=\"toc-header\"><span class=\"h3\">Sumar<\/span><\/div>\n<div class=\"toc-content h5\"><a href=\"https:\/\/ortodoxinfo.ro\/2026\/04\/08\/ultima-ora-s-a-oprit-razboiul-din-iran-armistitiul-de-doua-saptamani-propus-de-trump-acceptat-de-teheran\/#de-la-ultimatum-la-armistitiu\" class=\"table-link no-link anchor-link\" data-index=\"rb-heading-index-0\">De la ultimatum la armisti\u021biu<\/a><a href=\"https:\/\/ortodoxinfo.ro\/2026\/04\/08\/ultima-ora-s-a-oprit-razboiul-din-iran-armistitiul-de-doua-saptamani-propus-de-trump-acceptat-de-teheran\/#reactia-iranului-acceptare-rapida-dar-calculata\" class=\"table-link no-link anchor-link\" data-index=\"rb-heading-index-1\">Reac\u021bia Iranului: acceptare rapid\u0103, dar calculat\u0103<\/a><a href=\"https:\/\/ortodoxinfo.ro\/2026\/04\/08\/ultima-ora-s-a-oprit-razboiul-din-iran-armistitiul-de-doua-saptamani-propus-de-trump-acceptat-de-teheran\/#un-conflict-la-limita-escaladarii-totale\" class=\"table-link no-link anchor-link\" data-index=\"rb-heading-index-2\">Un conflict la limita escalad\u0103rii totale<\/a><a href=\"https:\/\/ortodoxinfo.ro\/2026\/04\/08\/ultima-ora-s-a-oprit-razboiul-din-iran-armistitiul-de-doua-saptamani-propus-de-trump-acceptat-de-teheran\/#o-pauza-fragila-sau-inceputul-negocierilor-reale\" class=\"table-link no-link anchor-link\" data-index=\"rb-heading-index-3\">O pauz\u0103 fragil\u0103 sau \u00eenceputul negocierilor reale?<\/a><\/div>\n<\/div>\n<p>Conflictul dintre Statele Unite \u0219i Iran a intrat \u00eentr-o nou\u0103 etap\u0103 nea\u0219teptat\u0103, dup\u0103 ce pre\u0219edintele american Donald Trump a f\u0103cut un pas \u00eenapoi de la o escaladare militar\u0103 major\u0103 \u0219i a propus un armisti\u021biu temporar de dou\u0103 s\u0103pt\u0103m\u00e2ni \u2014 o ini\u021biativ\u0103 acceptat\u0103 rapid de autorit\u0103\u021bile de la Teheran.<\/p>\n<div class=\"inline-single-ad ad_single_index alignfull\">\n<div class=\"ad-wrap ad-script-wrap\">\n<div class=\"ad-script non-adsense edge-padding\">\n<div>\n\u203c\ufe0f\u203c\ufe0f NU recunoa\u0219tem ca pre\u0219edinte al Rom\u00e2niei pe marioneta retard\u0103 Nicu\u0219or Dan! Rom\u00e2ni, boicota\u021bi aceast\u0103 f\u0103c\u0103tur\u0103, care ne face \u021bara de r\u00e2s! NU rom\u00e2nii l-au votat pe Nicusoro\u0219 &#8211; cu unele excep\u021bii de persoane infantile, manipulabile \u0219i chiar idioate &#8211; ci l-au ajutat Maia Soro\u0219, Emanuel Macrou \u0219i tr\u0103d\u0103torii de la B.E.C. \u0219i CCR!<br \/>\n La \u00eenchisoare cu cei care au fraudat alegerile!\n<\/div>\n<\/div>\n<\/div>\n<\/div>\n<p>Decizia vine pe fondul unor tensiuni extreme \u0219i al unor amenin\u021b\u0103ri f\u0103r\u0103 precedent. Cu doar c\u00e2teva ore \u00eenainte, Trump avertizase c\u0103 Statele Unite ar putea distruge infrastructura critic\u0103 a Iranului \u201e\u00een c\u00e2teva ore\u201d, inclusiv poduri \u0219i centrale electrice, dac\u0103 Teheranul nu se conformeaz\u0103 ultimatumului privind redeschiderea Str\u00e2mtorii Ormuz.<\/p>\n<p>Retorica liderului american fusese una dur\u0103 \u0219i constant\u0103. Acesta declarase c\u0103, \u00een lipsa unui acord rapid, este preg\u0103tit s\u0103 \u201earunce totul \u00een aer\u201d \u0219i s\u0103 preia controlul asupra resurselor energetice ale Iranului, subliniind pozi\u021bia de for\u021b\u0103 a Washingtonului \u00een conflict.<\/p>\n<h3 id=\"de-la-ultimatum-la-armistitiu\" class=\"rb-heading-index-0\">De la ultimatum la armisti\u021biu<\/h3>\n<p>\u00cen mod surprinz\u0103tor, dup\u0103 aceast\u0103 escaladare verbal\u0103 \u0219i militar\u0103, Donald Trump a transmis un mesaj \u00een care a acceptat ideea unui armisti\u021biu limitat, de dou\u0103 s\u0103pt\u0103m\u00e2ni. Schimbarea de pozi\u021bie sugereaz\u0103 o recalibrare strategic\u0103, posibil influen\u021bat\u0103 de presiuni interna\u021bionale \u0219i de riscurile unui conflict total \u00een regiune.<\/p>\n<p>Propunerea de armisti\u021biu se \u00eenscrie \u00eentr-un plan mai amplu discutat prin intermediari interna\u021bionali, care ar presupune o etap\u0103 ini\u021bial\u0103 de \u00eencetare temporar\u0103 a ostilit\u0103\u021bilor, urmat\u0103 de negocieri pentru un acord mai larg.<\/p>\n<h3 id=\"reactia-iranului-acceptare-rapida-dar-calculata\" class=\"rb-heading-index-1\">Reac\u021bia Iranului: acceptare rapid\u0103, <strong>dar<\/strong> calculat\u0103<\/h3>\n<p>Autorit\u0103\u021bile iraniene au reac\u021bionat prompt, anun\u021b\u00e2nd c\u0103 accept\u0103 pe deplin armisti\u021biul de dou\u0103 s\u0103pt\u0103m\u00e2ni. Aceast\u0103 pozi\u021bie marcheaz\u0103 o schimbare notabil\u0103 fa\u021b\u0103 de declara\u021biile anterioare, c\u00e2nd Teheranul respingea ideea unor acorduri temporare sub presiune \u0219i insista asupra unor garan\u021bii solide pentru un armisti\u021biu permanent.<\/p>\n<p>Acceptarea armisti\u021biului nu \u00eenseamn\u0103 \u00eens\u0103 o detensionare complet\u0103. Oficialii iranieni au subliniat \u00een trecut c\u0103 negocierile nu pot avea loc sub amenin\u021b\u0103ri \u0219i c\u0103 orice acord durabil trebuie s\u0103 includ\u0103 ridicarea sanc\u021biunilor \u0219i garan\u021bii de securitate.<\/p>\n<h3 id=\"un-conflict-la-limita-escaladarii-totale\" class=\"rb-heading-index-2\">Un conflict la limita escalad\u0103rii totale<\/h3>\n<p>Contextul \u00een care apare acest armisti\u021biu este unul extrem de volatil. R\u0103zboiul, \u00eenceput la finalul lunii februarie 2026, a afectat grav stabilitatea regional\u0103 \u0219i pie\u021bele globale, \u00een special din cauza bloc\u0103rii Str\u00e2mtorii Ormuz \u2014 un punct strategic prin care tranziteaz\u0103 aproximativ 20% din petrolul mondial.<\/p>\n<p>\u00cen paralel, bilan\u021bul uman al conflictului este \u00een cre\u0219tere, cu mii de victime raportate \u0219i distrugeri semnificative ale infrastructurii, ceea ce amplific\u0103 presiunea interna\u021bional\u0103 pentru o solu\u021bie diplomatic\u0103.<\/p>\n<h3 id=\"o-pauza-fragila-sau-inceputul-negocierilor-reale\" class=\"rb-heading-index-3\">O pauz\u0103 fragil\u0103 sau \u00eenceputul negocierilor reale?<\/h3>\n<p>Armisti\u021biul de dou\u0103 s\u0103pt\u0103m\u00e2ni reprezint\u0103, \u00een esen\u021b\u0103, o pauz\u0103 tactic\u0103 \u00eentr-un conflict aflat aproape de punctul de escaladare maxim\u0103. Pentru Washington, este o oportunitate de a ob\u021bine concesii f\u0103r\u0103 a recurge la o ofensiv\u0103 devastatoare. Pentru Teheran, este o modalitate de a c\u00e2\u0219tiga timp \u0219i de a evita lovituri majore asupra infrastructurii critice.<\/p>\n<p>R\u0103m\u00e2ne \u00eens\u0103 incert dac\u0103 aceast\u0103 \u00een\u021belegere temporar\u0103 va evolua \u00eentr-un acord de pace durabil sau va reprezenta doar o scurt\u0103 \u00eentrerupere \u00eenaintea relu\u0103rii confrunt\u0103rilor. Cert este c\u0103, dup\u0103 zile de amenin\u021b\u0103ri extreme, dialogul \u2014 chiar \u0219i limitat \u2014 a redevenit o op\u021biune pe masa negocierilor.<\/p>\n<\/div>\n<p>[analyse_source url=&#8221;https:\/\/ortodoxinfo.ro\/2026\/04\/08\/ultima-ora-s-a-oprit-razboiul-din-iran-armistitiul-de-doua-saptamani-propus-de-trump-acceptat-de-teheran\/&#8221;]<\/p>\n","protected":false},"excerpt":{"rendered":"<p>[analyse_image type=&#8221;featured&#8221; src=&#8221;https:\/\/ortodoxinfo.ro\/wp-content\/uploads\/2026\/04\/iran_keXy0-1.webp&#8221;] ULTIMA OR\u0102! S-a oprit r\u0103zboiul din Iran: armisti\u021biul de dou\u0103 s\u0103pt\u0103m\u00e2ni propus de Trump, acceptat de Teheran 8 aprilie 2026IRAN10.7k vizualiz\u0103ri Comentarii Share 4 Min Read SHARE Sumar De la ultimatum la armisti\u021biuReac\u021bia Iranului: acceptare rapid\u0103, dar calculat\u0103Un conflict la limita escalad\u0103rii totaleO pauz\u0103 fragil\u0103 sau \u00eenceputul negocierilor reale? Conflictul dintre Statele [&hellip;]<\/p>\n","protected":false},"author":1,"featured_media":0,"comment_status":"open","ping_status":"","sticky":false,"template":"","format":"standard","meta":{"footnotes":""},"categories":[89],"tags":[226,94],"class_list":["post-1871953","post","type-post","status-publish","format-standard","hentry","category-romania","tag-crawlmanager","tag-ortodoxinfo-ro"],"_links":{"self":[{"href":"https:\/\/analyse.optim.biz\/index.php?rest_route=\/wp\/v2\/posts\/1871953","targetHints":{"allow":["GET"]}}],"collection":[{"href":"https:\/\/analyse.optim.biz\/index.php?rest_route=\/wp\/v2\/posts"}],"about":[{"href":"https:\/\/analyse.optim.biz\/index.php?rest_route=\/wp\/v2\/types\/post"}],"author":[{"embeddable":true,"href":"https:\/\/analyse.optim.biz\/index.php?rest_route=\/wp\/v2\/users\/1"}],"replies":[{"embeddable":true,"href":"https:\/\/analyse.optim.biz\/index.php?rest_route=%2Fwp%2Fv2%2Fcomments&post=1871953"}],"version-history":[{"count":0,"href":"https:\/\/analyse.optim.biz\/index.php?rest_route=\/wp\/v2\/posts\/1871953\/revisions"}],"wp:attachment":[{"href":"https:\/\/analyse.optim.biz\/index.php?rest_route=%2Fwp%2Fv2%2Fmedia&parent=1871953"}],"wp:term":[{"taxonomy":"category","embeddable":true,"href":"https:\/\/analyse.optim.biz\/index.php?rest_route=%2Fwp%2Fv2%2Fcategories&post=1871953"},{"taxonomy":"post_tag","embeddable":true,"href":"https:\/\/analyse.optim.biz\/index.php?rest_route=%2Fwp%2Fv2%2Ftags&post=1871953"}],"curies":[{"name":"wp","href":"https:\/\/api.w.org\/{rel}","templated":true}]}}