{"id":1871912,"date":"2026-04-08T08:47:51","date_gmt":"2026-04-08T05:47:51","guid":{"rendered":"https:\/\/analyse.optim.biz\/?p=1871912"},"modified":"2026-04-08T08:47:51","modified_gmt":"2026-04-08T05:47:51","slug":"amenzi-pentru-utilizarea-trotinetelor-electrice-in-zone-interzise-apelul-politistilor-locali","status":"publish","type":"post","link":"https:\/\/analyse.optim.biz\/?p=1871912","title":{"rendered":"Amenzi pentru utilizarea trotinetelor electrice \u00een zone interzise. Apelul poli\u021bi\u0219tilor locali"},"content":{"rendered":"<p>[analyse_image type=&#8221;featured&#8221; src=&#8221;https:\/\/sansanews.ro\/wp-content\/uploads\/2026\/04\/667756774_938732855812967_8976619989661584109_n-1.jpghttps:\/\/sansanews.ro\/wp-content\/uploads\/2026\/04\/667756774_938732855812967_8976619989661584109_n-1.jpg&#8221;]<\/p>\n<div class=\"entry-content herald-entry-content\">\n<p>De\u0219i tot mai mul\u021bi buzoieni \u00eencep s\u0103 respecte regulile privind utilizarea trotinetelor electrice, realitatea din teren arat\u0103 c\u0103 problema este departe de a fi rezolvat\u0103. De la sosirea prim\u0103verii \u0219i p\u00e2n\u0103 \u00een prezent, mul\u021bi copii \u0219i adolescen\u021bi au fost surprin\u0219i de poli\u021bi\u0219tii locali \u00een zone pietonale, \u00een care accesul cu trotinete este strict interzis.<\/p>\n<p>Numai s\u0103pt\u0103m\u00e2na aceasta, \u00eentr-o singur\u0103 zi, 4 tineri cu trotinete au fost opri\u021bi de poli\u021bi\u0219ti pe Platoul Daciei. Tinerii ie\u0219iser\u0103 la plimbare, de\u0219i, potrivit hot\u0103r\u00e2rii Consiliului Local Municipal Buz\u0103u, trotinetele electrice sunt interzise \u00een parcuri, locuri de joac\u0103, terenuri de sport, cur\u021bile \u0219colilor \u0219i \u00een zona pietonal\u0103 central\u0103.<\/p>\n<blockquote class=\"wp-block-quote\">\n<p>\u201c\u00cen aceast\u0103 perioad\u0103, au fost constatate \u0219i aplicate un num\u0103r de 4 sanc\u021biuni contraven\u021bionale p\u0103rin\u021bilor unor minori cu v\u00e2rsta de p\u00e2n\u0103 la 14 ani, pentru nerespectarea prevederilor H.C.L. nr. 197\/2025, precum \u0219i 13 sanc\u021biuni contraven\u021bionale pentru \u00eenc\u0103lcarea prevederilor OUG nr. 195\/2002 privind circula\u021bia pe drumurile publice\u201d, anun\u021b\u0103 Poli\u021bia Local\u0103 Buz\u0103u.<\/p>\n<\/blockquote>\n<ul class=\"wp-block-gallery columns-3 is-cropped\">\n<li class=\"blocks-gallery-item\">\n<figure><img decoding=\"async\" src=\"https:\/\/sansanews.ro\/wp-content\/uploads\/2026\/04\/667210973_938733019146284_3018918131587168265_n-768x1024.jpg\" alt data-id=\"119156\" data-link=\"https:\/\/sansanews.ro\/?attachment_id=119156\" class=\"wp-image-119156\"><\/figure>\n<\/li>\n<li class=\"blocks-gallery-item\">\n<figure><img decoding=\"async\" src=\"https:\/\/sansanews.ro\/wp-content\/uploads\/2026\/04\/662766480_938732889146297_6612538153411562811_n-768x1024.jpg\" alt data-id=\"119157\" data-link=\"https:\/\/sansanews.ro\/?attachment_id=119157\" class=\"wp-image-119157\"><\/figure>\n<\/li>\n<li class=\"blocks-gallery-item\">\n<figure><img decoding=\"async\" src=\"https:\/\/sansanews.ro\/wp-content\/uploads\/2026\/04\/667756774_938732855812967_8976619989661584109_n-768x1024.jpg\" alt data-id=\"119158\" data-link=\"https:\/\/sansanews.ro\/?attachment_id=119158\" class=\"wp-image-119158\"><\/figure>\n<\/li>\n<\/ul>\n<p>Dincolo de sanc\u021biuni, datele<br \/>\nla nivel na\u021bional arat\u0103 o tendin\u021b\u0103 \u00eengrijor\u0103toare. Num\u0103rul persoanelor care au<br \/>\najuns la urgen\u021be \u00een urma accidentelor cu trotinete electrice a crescut de la<br \/>\n1.491 \u00een 2024 la 2.751 \u00een 2025. Iar \u00een primele luni ale anului 2026 s-au<br \/>\n\u00eenregistrat deja 89 de prezent\u0103ri \u00een U.P.U. cauzate de astfel de incidente.<\/p>\n<p>\u00cen acest context, poli\u021bi\u0219tii locali trag un semnal<br \/>\nde alarm\u0103 \u0219i recomand\u0103 respectarea regulilor \u0219i supravegherea atent\u0103 a copiilor,<br \/>\npentru a preveni incidentele.<\/p>\n<blockquote class=\"wp-block-quote\">\n<p>\u201cTrotineta electric\u0103 nu este o simpl\u0103 juc\u0103rie, ci un vehicul care poate provoca accidente grave. P\u0103rin\u021bii au obliga\u021bia moral\u0103 de a preveni expunerea minorilor la riscuri \u0219i de a le insufla respectul pentru regulile de circula\u021bie.<\/p>\n<p>Totodat\u0103, atragem aten\u021bia asupra faptului c\u0103 dorin\u021ba copiilor de a utiliza trotinete electrice este adesea influen\u021bat\u0103 de tendin\u021be sau de anturaj, iar decizia de achizi\u021bionare trebuie luat\u0103 responsabil, \u00een func\u021bie de v\u00e2rsta \u0219i nivelul de maturitate al acestora.<\/p>\n<p>Utilizarea necorespunz\u0103toare a trotinetelor electrice nu afecteaz\u0103 doar siguran\u021ba minorilor, ci \u0219i pe cea a celorlal\u021bi participan\u021bi la trafic. Prin urmare, responsabilitatea este una comun\u0103, at\u00e2t individual\u0103, c\u00e2t \u0219i social\u0103.\u201d<\/p>\n<\/blockquote>\n<div class=\"meta-tags\"><span>Etichete<\/span><a href=\"https:\/\/sansanews.ro\/tag\/copii-cu-trotinete\/\" rel=\"tag\">copii cu trotinete<\/a><a href=\"https:\/\/sansanews.ro\/tag\/politia-locala\/\" rel=\"tag\">Politia Locala<\/a><a href=\"https:\/\/sansanews.ro\/tag\/trotinete-pe-platoul-dacia\/\" rel=\"tag\">trotinete pe platoul dacia<\/a><\/div>\n<div class=\"herald-share-content\">\n<div class=\"meks_ess rectangle no-labels outline\"><a class=\"meks_ess-item socicon-facebook\" data-url=\"http:\/\/www.facebook.com\/sharer\/sharer.php?u=https%3A%2F%2Fsansanews.ro%2Famenzi-pentru-utilizarea-trotinetelor-electrice-in-zone-interzise-apelul-politistilor-locali%2F&amp;t=Amenzi%20pentru%20utilizarea%20trotinetelor%20electrice%20%C3%AEn%20zone%20interzise.%20Apelul%20poli%C8%9Bi%C8%99tilor%20locali\"><span>Facebook<\/span><\/a><a href=\"https:\/\/api.whatsapp.com\/send?text=Amenzi%20pentru%20utilizarea%20trotinetelor%20electrice%20%C3%AEn%20zone%20interzise.%20Apelul%20poli%C8%9Bi%C8%99tilor%20locali%20https%3A%2F%2Fsansanews.ro%2Famenzi-pentru-utilizarea-trotinetelor-electrice-in-zone-interzise-apelul-politistilor-locali%2F\" class=\"meks_ess-item socicon-whatsapp prevent-share-popup\"><span>WhatsApp<\/span><\/a><a class=\"meks_ess-item socicon-twitter\" data-url=\"http:\/\/twitter.com\/intent\/tweet?url=https%3A%2F%2Fsansanews.ro%2Famenzi-pentru-utilizarea-trotinetelor-electrice-in-zone-interzise-apelul-politistilor-locali%2F&amp;text=Amenzi%20pentru%20utilizarea%20trotinetelor%20electrice%20%C3%AEn%20zone%20interzise.%20Apelul%20poli%C8%9Bi%C8%99tilor%20locali\"><span>Twitter<\/span><\/a><a class=\"meks_ess-item socicon-pinterest\" data-url=\"http:\/\/pinterest.com\/pin\/create\/button\/?url=https%3A%2F%2Fsansanews.ro%2Famenzi-pentru-utilizarea-trotinetelor-electrice-in-zone-interzise-apelul-politistilor-locali%2F&amp;media=https%3A%2F%2Fsansanews.ro%2Fwp-content%2Fuploads%2F2026%2F04%2F667756774_938732855812967_8976619989661584109_n-1.jpg&amp;description=Amenzi%20pentru%20utilizarea%20trotinetelor%20electrice%20%C3%AEn%20zone%20interzise.%20Apelul%20poli%C8%9Bi%C8%99tilor%20locali\"><span>Pinterest<\/span><\/a><\/div>\n<\/div>\n<\/div>\n<div class=\"entry-content herald-entry-content\">\n<p>De\u0219i tot mai mul\u021bi buzoieni \u00eencep s\u0103 respecte regulile privind utilizarea trotinetelor electrice, realitatea din teren arat\u0103 c\u0103 problema este departe de a fi rezolvat\u0103. De la sosirea prim\u0103verii \u0219i p\u00e2n\u0103 \u00een prezent, mul\u021bi copii \u0219i adolescen\u021bi au fost surprin\u0219i de poli\u021bi\u0219tii locali \u00een zone pietonale, \u00een care accesul cu trotinete este strict interzis.<\/p>\n<p>Numai s\u0103pt\u0103m\u00e2na aceasta, \u00eentr-o singur\u0103 zi, 4 tineri cu trotinete au fost opri\u021bi de poli\u021bi\u0219ti pe Platoul Daciei. Tinerii ie\u0219iser\u0103 la plimbare, de\u0219i, potrivit hot\u0103r\u00e2rii Consiliului Local Municipal Buz\u0103u, trotinetele electrice sunt interzise \u00een parcuri, locuri de joac\u0103, terenuri de sport, cur\u021bile \u0219colilor \u0219i \u00een zona pietonal\u0103 central\u0103.<\/p>\n<blockquote class=\"wp-block-quote\">\n<p>\u201c\u00cen aceast\u0103 perioad\u0103, au fost constatate \u0219i aplicate un num\u0103r de 4 sanc\u021biuni contraven\u021bionale p\u0103rin\u021bilor unor minori cu v\u00e2rsta de p\u00e2n\u0103 la 14 ani, pentru nerespectarea prevederilor H.C.L. nr. 197\/2025, precum \u0219i 13 sanc\u021biuni contraven\u021bionale pentru \u00eenc\u0103lcarea prevederilor OUG nr. 195\/2002 privind circula\u021bia pe drumurile publice\u201d, anun\u021b\u0103 Poli\u021bia Local\u0103 Buz\u0103u.<\/p>\n<\/blockquote>\n<ul class=\"wp-block-gallery columns-3 is-cropped\">\n<li class=\"blocks-gallery-item\">\n<figure><img decoding=\"async\" src=\"https:\/\/sansanews.ro\/wp-content\/uploads\/2026\/04\/667210973_938733019146284_3018918131587168265_n-768x1024.jpg\" alt data-id=\"119156\" data-link=\"https:\/\/sansanews.ro\/?attachment_id=119156\" class=\"wp-image-119156\"><\/figure>\n<\/li>\n<li class=\"blocks-gallery-item\">\n<figure><img decoding=\"async\" src=\"https:\/\/sansanews.ro\/wp-content\/uploads\/2026\/04\/662766480_938732889146297_6612538153411562811_n-768x1024.jpg\" alt data-id=\"119157\" data-link=\"https:\/\/sansanews.ro\/?attachment_id=119157\" class=\"wp-image-119157\"><\/figure>\n<\/li>\n<li class=\"blocks-gallery-item\">\n<figure><img decoding=\"async\" src=\"https:\/\/sansanews.ro\/wp-content\/uploads\/2026\/04\/667756774_938732855812967_8976619989661584109_n-768x1024.jpg\" alt data-id=\"119158\" data-link=\"https:\/\/sansanews.ro\/?attachment_id=119158\" class=\"wp-image-119158\"><\/figure>\n<\/li>\n<\/ul>\n<p>Dincolo de sanc\u021biuni, datele<br \/>\nla nivel na\u021bional arat\u0103 o tendin\u021b\u0103 \u00eengrijor\u0103toare. Num\u0103rul persoanelor care au<br \/>\najuns la urgen\u021be \u00een urma accidentelor cu trotinete electrice a crescut de la<br \/>\n1.491 \u00een 2024 la 2.751 \u00een 2025. Iar \u00een primele luni ale anului 2026 s-au<br \/>\n\u00eenregistrat deja 89 de prezent\u0103ri \u00een U.P.U. cauzate de astfel de incidente.<\/p>\n<p>\u00cen acest context, poli\u021bi\u0219tii locali trag un semnal<br \/>\nde alarm\u0103 \u0219i recomand\u0103 respectarea regulilor \u0219i supravegherea atent\u0103 a copiilor,<br \/>\npentru a preveni incidentele.<\/p>\n<blockquote class=\"wp-block-quote\">\n<p>\u201cTrotineta electric\u0103 nu este o simpl\u0103 juc\u0103rie, ci un vehicul care poate provoca accidente grave. P\u0103rin\u021bii au obliga\u021bia moral\u0103 de a preveni expunerea minorilor la riscuri \u0219i de a le insufla respectul pentru regulile de circula\u021bie.<\/p>\n<p>Totodat\u0103, atragem aten\u021bia asupra faptului c\u0103 dorin\u021ba copiilor de a utiliza trotinete electrice este adesea influen\u021bat\u0103 de tendin\u021be sau de anturaj, iar decizia de achizi\u021bionare trebuie luat\u0103 responsabil, \u00een func\u021bie de v\u00e2rsta \u0219i nivelul de maturitate al acestora.<\/p>\n<p>Utilizarea necorespunz\u0103toare a trotinetelor electrice nu afecteaz\u0103 doar siguran\u021ba minorilor, ci \u0219i pe cea a celorlal\u021bi participan\u021bi la trafic. Prin urmare, responsabilitatea este una comun\u0103, at\u00e2t individual\u0103, c\u00e2t \u0219i social\u0103.\u201d<\/p>\n<\/blockquote>\n<div class=\"meta-tags\"><span>Etichete<\/span><a href=\"https:\/\/sansanews.ro\/tag\/copii-cu-trotinete\/\" rel=\"tag\">copii cu trotinete<\/a><a href=\"https:\/\/sansanews.ro\/tag\/politia-locala\/\" rel=\"tag\">Politia Locala<\/a><a href=\"https:\/\/sansanews.ro\/tag\/trotinete-pe-platoul-dacia\/\" rel=\"tag\">trotinete pe platoul dacia<\/a><\/div>\n<div class=\"herald-share-content\">\n<div class=\"meks_ess rectangle no-labels outline\"><a class=\"meks_ess-item socicon-facebook\" data-url=\"http:\/\/www.facebook.com\/sharer\/sharer.php?u=https%3A%2F%2Fsansanews.ro%2Famenzi-pentru-utilizarea-trotinetelor-electrice-in-zone-interzise-apelul-politistilor-locali%2F&amp;t=Amenzi%20pentru%20utilizarea%20trotinetelor%20electrice%20%C3%AEn%20zone%20interzise.%20Apelul%20poli%C8%9Bi%C8%99tilor%20locali\"><span>Facebook<\/span><\/a><a href=\"https:\/\/api.whatsapp.com\/send?text=Amenzi%20pentru%20utilizarea%20trotinetelor%20electrice%20%C3%AEn%20zone%20interzise.%20Apelul%20poli%C8%9Bi%C8%99tilor%20locali%20https%3A%2F%2Fsansanews.ro%2Famenzi-pentru-utilizarea-trotinetelor-electrice-in-zone-interzise-apelul-politistilor-locali%2F\" class=\"meks_ess-item socicon-whatsapp prevent-share-popup\"><span>WhatsApp<\/span><\/a><a class=\"meks_ess-item socicon-twitter\" data-url=\"http:\/\/twitter.com\/intent\/tweet?url=https%3A%2F%2Fsansanews.ro%2Famenzi-pentru-utilizarea-trotinetelor-electrice-in-zone-interzise-apelul-politistilor-locali%2F&amp;text=Amenzi%20pentru%20utilizarea%20trotinetelor%20electrice%20%C3%AEn%20zone%20interzise.%20Apelul%20poli%C8%9Bi%C8%99tilor%20locali\"><span>Twitter<\/span><\/a><a class=\"meks_ess-item socicon-pinterest\" data-url=\"http:\/\/pinterest.com\/pin\/create\/button\/?url=https%3A%2F%2Fsansanews.ro%2Famenzi-pentru-utilizarea-trotinetelor-electrice-in-zone-interzise-apelul-politistilor-locali%2F&amp;media=https%3A%2F%2Fsansanews.ro%2Fwp-content%2Fuploads%2F2026%2F04%2F667756774_938732855812967_8976619989661584109_n-1.jpg&amp;description=Amenzi%20pentru%20utilizarea%20trotinetelor%20electrice%20%C3%AEn%20zone%20interzise.%20Apelul%20poli%C8%9Bi%C8%99tilor%20locali\"><span>Pinterest<\/span><\/a><\/div>\n<\/div>\n<\/div>\n<p>[analyse_source url=&#8221;https:\/\/sansanews.ro\/amenzi-pentru-utilizarea-trotinetelor-electrice-in-zone-interzise-apelul-politistilor-locali\/&#8221;]<\/p>\n","protected":false},"excerpt":{"rendered":"<p>[analyse_image type=&#8221;featured&#8221; src=&#8221;https:\/\/sansanews.ro\/wp-content\/uploads\/2026\/04\/667756774_938732855812967_8976619989661584109_n-1.jpghttps:\/\/sansanews.ro\/wp-content\/uploads\/2026\/04\/667756774_938732855812967_8976619989661584109_n-1.jpg&#8221;] De\u0219i tot mai mul\u021bi buzoieni \u00eencep s\u0103 respecte regulile privind utilizarea trotinetelor electrice, realitatea din teren arat\u0103 c\u0103 problema este departe de a fi rezolvat\u0103. De la sosirea prim\u0103verii \u0219i p\u00e2n\u0103 \u00een prezent, mul\u021bi copii \u0219i adolescen\u021bi au fost surprin\u0219i de poli\u021bi\u0219tii locali \u00een zone pietonale, \u00een care accesul cu trotinete este [&hellip;]<\/p>\n","protected":false},"author":1,"featured_media":0,"comment_status":"open","ping_status":"","sticky":false,"template":"","format":"standard","meta":{"footnotes":""},"categories":[2],"tags":[226,51],"class_list":["post-1871912","post","type-post","status-publish","format-standard","hentry","category-politics","tag-crawlmanager","tag-sansanews-ro"],"_links":{"self":[{"href":"https:\/\/analyse.optim.biz\/index.php?rest_route=\/wp\/v2\/posts\/1871912","targetHints":{"allow":["GET"]}}],"collection":[{"href":"https:\/\/analyse.optim.biz\/index.php?rest_route=\/wp\/v2\/posts"}],"about":[{"href":"https:\/\/analyse.optim.biz\/index.php?rest_route=\/wp\/v2\/types\/post"}],"author":[{"embeddable":true,"href":"https:\/\/analyse.optim.biz\/index.php?rest_route=\/wp\/v2\/users\/1"}],"replies":[{"embeddable":true,"href":"https:\/\/analyse.optim.biz\/index.php?rest_route=%2Fwp%2Fv2%2Fcomments&post=1871912"}],"version-history":[{"count":0,"href":"https:\/\/analyse.optim.biz\/index.php?rest_route=\/wp\/v2\/posts\/1871912\/revisions"}],"wp:attachment":[{"href":"https:\/\/analyse.optim.biz\/index.php?rest_route=%2Fwp%2Fv2%2Fmedia&parent=1871912"}],"wp:term":[{"taxonomy":"category","embeddable":true,"href":"https:\/\/analyse.optim.biz\/index.php?rest_route=%2Fwp%2Fv2%2Fcategories&post=1871912"},{"taxonomy":"post_tag","embeddable":true,"href":"https:\/\/analyse.optim.biz\/index.php?rest_route=%2Fwp%2Fv2%2Ftags&post=1871912"}],"curies":[{"name":"wp","href":"https:\/\/api.w.org\/{rel}","templated":true}]}}