{"id":187188,"date":"2015-02-01T22:26:09","date_gmt":"2015-02-01T19:26:09","guid":{"rendered":"https:\/\/analyse.optim.biz\/?p=187188"},"modified":"2015-02-01T22:26:09","modified_gmt":"2015-02-01T19:26:09","slug":"cristian-diaconescu-la-digi24-in-cinci-ani-am-putea-deveni-indezirabili-in-nato","status":"publish","type":"post","link":"https:\/\/analyse.optim.biz\/?p=187188","title":{"rendered":"Cristian Diaconescu, la Digi24: \u00cen cinci ani am putea deveni indezirabili \u00een NATO!"},"content":{"rendered":"<div class=\"entry data-app-meta data-app-meta-article\" data-embed-base-url-canonical=\"https:\/\/www.digi24.ro\/embed\/stiri\/actualitate\/politica\/cristian-diaconescu-la-digi24-in-cinci-ani-am-putea-deveni-indezirabili-in-nato-354216\">\n<p data-index=\"1\">\u201e\u00centr-un stat membru NATO \u0219i al Uniunii Europene este interzis ca o astfel de institu\u021bie (SRI \u2013 n.r.) s\u0103 se implice \u00een campanie (apropo de <a href=\"https:\/\/www.digi24.ro\/Stiri\/Digi24\/Actualitate\/Politica\/Elena+Udrea+nou+atac+impotriva+lui+Florian+Coldea\" target=\"_blank\" data-skip-linkfix=\"1\" rel=\"noopener\">acuza\u021biile aduse de Elena Udrea<\/a> \u2013 n.r.). \u0102sta este principiul, \u00een ce m\u0103sur\u0103 \u00eel transform\u0103m sau nu \u00een defini\u021bii rom\u00e2ne\u0219ti&#8230;.Mai e un lucru pe care vreau s\u0103 \u00eel adaug. Nu generalizez, dar situa\u021bia poate fi complicat\u0103. Dac\u0103 toate aceste aspecte, reale sau nu, nu le vom rezolva c\u00e2t se poate de repede \u2013 \u0219i-aici v\u0103 dau o \u0219tire: \u00een cinci ani devenim indezirabili \u00een NATO! (Realizator: De ce cinci ani?) A\u0219a apreciez eu, ca profesor de drept interna\u021bional (&#8230;)\u201d, a declarat <strong>Cristian Diaconescu<\/strong> \u00een emisiunea <a href=\"https:\/\/www.digi24.ro\/Emisiuni\/Digi24\/Km0\/\" target=\"_blank\" data-skip-linkfix=\"1\" rel=\"noopener\"><strong>\u201eKilometrul 0\u201d<\/strong><\/a> de la <strong>Digi24<\/strong>.<\/p>\n<p data-index=\"2\">El a \u00eendemnat s\u0103 fie analizat cazul Ucrainei.<\/p>\n<p data-index=\"3\">\u201eUcraina, la un moment dat, a intrat \u00eentr-o spiral\u0103 a corup\u021biei endemice \u2013 cum se nume\u0219te corup\u021bia de stat: fiul pre\u0219edintelui guverna orice fel de afacere din acel stat. Din acel moment s-a creat acea tensiune latent\u0103 care s-a declan\u0219at imediat dup\u0103 ce, peste noapte, fostul pre\u0219edinte al Ucrainei a abandonat proiectul european, arunc\u00e2ndu-le \u00een fa\u021b\u0103 tuturor \u0219efilor de stat \u0219i de guvern ai Parteneriatului Estic aceast\u0103 decizie. \u0218i oamenii au ie\u0219it \u00een strad\u0103. \u0218i dup\u0103 ce au ie\u0219it oamenii \u00een strad\u0103, s-a creat conflictul cu statul. Statul, vulnerabilizat cu ceva timp \u00eenainte din cauza acestei chestiuni de corup\u021bie, n-a \u0219tiut nici s\u0103 negocieze, nici s\u0103 contingenteze aceast\u0103 mi\u0219care. \u0218i \u00een momentul \u00een care s-a f\u0103cut suficient de vulnerabil, a fost atacat din exterior\u201d, a explicat Cristian Diaconescu.<\/p>\n<p data-index=\"4\">\u201eSigur, rom\u00e2nii sunt \u00eentr-o situa\u021bie mai fericit\u0103\u201d, a men\u021bionat jurnalista Elena Vijulie.<\/p>\n<p data-index=\"5\">\u201eZice\u021bi?\u201d, a replicat ne\u00eencrez\u0103tor Cristian Diaconescu. \u201eZice\u021bi?!\u201d, a repetat el. \u201eDeocamdat\u0103\u201d, a ad\u0103ugat fostul ministru de Externe.<\/p>\n<\/div>\n<p> Source URL: https:\/\/www.digi24.ro\/stiri\/actualitate\/politica\/cristian-diaconescu-la-digi24-in-cinci-ani-am-putea-deveni-indezirabili-in-nato-354216<\/p>\n","protected":false},"excerpt":{"rendered":"<p>\u201e\u00centr-un stat membru NATO \u0219i al Uniunii Europene este interzis ca o astfel de institu\u021bie (SRI \u2013 n.r.) s\u0103 se implice \u00een campanie (apropo de acuza\u021biile aduse de Elena Udrea \u2013 n.r.). \u0102sta este principiul, \u00een ce m\u0103sur\u0103 \u00eel transform\u0103m sau nu \u00een defini\u021bii rom\u00e2ne\u0219ti&#8230;.Mai e un lucru pe care vreau s\u0103 \u00eel adaug. Nu [&hellip;]<\/p>\n","protected":false},"author":1,"featured_media":187189,"comment_status":"open","ping_status":"","sticky":false,"template":"","format":"standard","meta":{"footnotes":""},"categories":[2],"tags":[11],"class_list":["post-187188","post","type-post","status-publish","format-standard","has-post-thumbnail","hentry","category-politics","tag-digi24"],"_links":{"self":[{"href":"https:\/\/analyse.optim.biz\/index.php?rest_route=\/wp\/v2\/posts\/187188","targetHints":{"allow":["GET"]}}],"collection":[{"href":"https:\/\/analyse.optim.biz\/index.php?rest_route=\/wp\/v2\/posts"}],"about":[{"href":"https:\/\/analyse.optim.biz\/index.php?rest_route=\/wp\/v2\/types\/post"}],"author":[{"embeddable":true,"href":"https:\/\/analyse.optim.biz\/index.php?rest_route=\/wp\/v2\/users\/1"}],"replies":[{"embeddable":true,"href":"https:\/\/analyse.optim.biz\/index.php?rest_route=%2Fwp%2Fv2%2Fcomments&post=187188"}],"version-history":[{"count":0,"href":"https:\/\/analyse.optim.biz\/index.php?rest_route=\/wp\/v2\/posts\/187188\/revisions"}],"wp:featuredmedia":[{"embeddable":true,"href":"https:\/\/analyse.optim.biz\/index.php?rest_route=\/wp\/v2\/media\/187189"}],"wp:attachment":[{"href":"https:\/\/analyse.optim.biz\/index.php?rest_route=%2Fwp%2Fv2%2Fmedia&parent=187188"}],"wp:term":[{"taxonomy":"category","embeddable":true,"href":"https:\/\/analyse.optim.biz\/index.php?rest_route=%2Fwp%2Fv2%2Fcategories&post=187188"},{"taxonomy":"post_tag","embeddable":true,"href":"https:\/\/analyse.optim.biz\/index.php?rest_route=%2Fwp%2Fv2%2Ftags&post=187188"}],"curies":[{"name":"wp","href":"https:\/\/api.w.org\/{rel}","templated":true}]}}