{"id":187166,"date":"2015-02-02T05:41:21","date_gmt":"2015-02-02T02:41:21","guid":{"rendered":"https:\/\/analyse.optim.biz\/?p=187166"},"modified":"2015-02-02T05:41:21","modified_gmt":"2015-02-02T02:41:21","slug":"cristian-diaconescu-psd-are-probleme-interne-majore","status":"publish","type":"post","link":"https:\/\/analyse.optim.biz\/?p=187166","title":{"rendered":"Cristian Diaconescu: PSD are probleme interne majore"},"content":{"rendered":"<div class=\"entry data-app-meta data-app-meta-article\" data-embed-base-url-canonical=\"https:\/\/www.digi24.ro\/embed\/stiri\/actualitate\/politica\/cristian-diaconescu-psd-are-probleme-interne-majore-354259\">\n<p data-index=\"1\">Pe de alt\u0103 parte, Cristian Diaconescu este sceptic c\u0103 UNPR &#8211; partid desprins din PSD \u00een 2010 \u0219i care a sus\u021binut guvernul Boc &#8211; \u00a0ar trece, din nou, \u00een tab\u0103ra pre\u0219edintelui. \u201eNu cred, \u0219tiu c\u0103 Gabriel Oprea este un om extrem, extrem de consecvent deciziilor pe care le ia\u201d, a spus <strong>Cristian Diaconescu,<\/strong> cel care, \u00een 2010 fonda UNPR al\u0103turi de actualul vicepremier \u0219i ministru de Interne.<\/p>\n<p data-index=\"2\"><strong>Gabriel Oprea<\/strong> a anun\u021bat la sf\u00e2r\u0219itul s\u0103pt\u0103m\u00e2nii trecute c\u0103 UNPR a decis s\u0103 sprijine \u00een continuare guvernul din care face parte. <strong>UNPR<\/strong> s-a al\u0103turat PSD dup\u0103 c\u0103derea guvernului Ungureanu, la \u00eenceputul anului 2012.<\/p>\n<p data-index=\"3\">\u00centrebat dac\u0103, retrospectiv privind, a fost bine c\u0103 a fost \u00eenfiin\u021bat UNPR \u2013 partidul care se consider\u0103 c\u0103 a dat semnalul migra\u021biei politice \u00een mas\u0103 \u2013 Cristian Diaconescu a spus f\u0103r\u0103 ezitare c\u0103 da. \u201ePrivi\u021bi la ce se \u00eent\u00e2mpl\u0103 ast\u0103zi\u201d, a \u00eendemnat el, apoi \u2013 referitor la migra\u021bia politic\u0103 \u2013 a \u00eentrebat: \u201e\u00censeamn\u0103 c\u0103 Geoan\u0103 \u0219i Vanghelie fac acela\u0219i lucru?\u201d. \u201eDe ce nu?\u201d, i-a r\u0103spuns realizatoarea Elena Vijulie. \u201eDe ce nu, de ce da?\u201d, a completat actualul pre\u0219edinte al Funda\u021biei Mi\u0219carea Popular\u0103. \u201eLa ce se \u00eent\u00e2mpl\u0103 ast\u0103zi, am foarte multe argumente \u00een plus \u2013 \u0219i sunt publice \u2013 c\u0103 <strong>acea rupere de PSD \u00een momentul \u0103la a fost g\u00e2ndit\u0103 <\/strong>(n.r. &#8211; \u00een sensul de ra\u021bional\u0103). Faptul c\u0103 ei au decis s\u0103 se \u00eentoarc\u0103 f\u0103r\u0103 mine este dreptul domniilor lor, f\u0103r\u0103 doar \u0219i poate\u201d, a punctat Cristian Diaconescu.<\/p>\n<p data-index=\"4\">C\u00e2t despre PSD, partid din care a f\u0103cut parte p\u00e2n\u0103 \u00een 2010, fostul ministru de Externe spune c\u0103 nu-l mai cunoa\u0219te foarte bine, pentru c\u0103 s-a schimbat genera\u021bia de la conducere: \u201eNu-l mai cunosc at\u00e2t de bine. S-au schimbat genera\u021biile. Niciunii din cei care, cu bune sau rele, p\u00e2n\u0103 \u00een 2004 sau 2005 asigurau integrarea \u00een NATO \u0219i \u00een Uniunea European\u0103 nu mai sunt ast\u0103zi la decizie \u00een acest partid. Deci, nu-i cunosc. Eu pe aceia \u00eei cunosc!\u201d, a spus Cristian Diaconescu.<\/p>\n<p data-index=\"5\">\u00centrebat ce se \u00eent\u00e2mpl\u0103 totu\u0219i cu PSD, \u00een condi\u021biile \u00een care \u0219i \u00een 2010, \u0219i acum, dup\u0103 ce a pierdut alegerile preziden\u021biale, se desprind din el membri care fondeaz\u0103 alte mi\u0219c\u0103ri politice, Cristian Diaconescu, cel care la un moment dat a fost purt\u0103tor de cuv\u00e2nt al <strong>PSD<\/strong> \u0219i candidat la Prim\u0103ria Capitalei, spune c\u0103 partidul are \u201e<strong>probleme interne majore, dar ei \u0219tiu s\u0103 convie\u021buiasc\u0103 cu astfel de probleme \u00een interior. Dar un moment electoral este un moment de inflexiune, c\u00e2nd lucrurile se desfac \u0219i c\u00e2nd apar, r\u0103bufnesc problemele din interior. \u00cen condi\u021bii de pace politic\u0103, \u00een momente electorale nu foarte semnificative, ei reu\u0219esc s\u0103-\u0219i duc\u0103 problemele acoperit, a\u0219a, u\u0219or. \u00cen momentul \u00een care e vorba de candidatul la Pre\u0219edin\u021bie, atunci lucrurile se perturb\u0103 foarte serios\u201d<\/strong>, a explicat fostul social-democrat.<\/p>\n<p data-index=\"6\">Evoc\u00e2nd momentul retragerii sale, \u00een 2010, din cursa pentru pre\u0219edin\u021bia PSD, Cristian Diaconescu a explicat c\u0103 a preferat s\u0103-i acorde sprijinul lui Mircea Geoan\u0103, omul al\u0103turi de care lucrase 16 ani. \u00centrebat dac\u0103 \u0219i serviciile secrete au avut vreun rol aici \u2013 a\u0219a cum se speculase \u00een presa vremii \u2013 Cristian Diaconescu a r\u0103spuns: \u201eN-au avut niciun rol! <strong>Totul e \u00een interiorul PSD-ului! Totul. Absolut totul. S\u0103 nu mai d\u0103m vina pe al\u021bii, pe B\u0103sescu, pe servicii de informa\u021bii, pe NATO, pe&#8230;.totul e acolo! Dac\u0103 vre\u021bi s\u0103 c\u0103uta\u021bi ce e de c\u0103utat, \u00een\u0103untru ve\u021bi g\u0103si!\u201d<\/strong>, a asigurat Cristian Diaconescu, \u00een emisiunea <strong>\u201eKilometrul 0\u201d<\/strong> de la <strong>Digi24<\/strong>.<\/p>\n<p data-index=\"7\">Citi\u021bi \u0219i:\u00a0<\/p>\n<h5><a href=\"https:\/\/www.digi24.ro\/Stiri\/Digi24\/Actualitate\/Politica\/Cristian+Diaconescu+In+cinci+ani+am+putea+deveni+indezirabili+in\" target=\"_blank\" data-skip-linkfix=\"1\" rel=\"noopener\"><span>Cristian Diaconescu, la Digi24: \u00cen cinci ani am putea deveni indezirabili \u00een NATO!<\/span><\/a><\/h5>\n<\/div>\n<p> Source URL: https:\/\/www.digi24.ro\/stiri\/actualitate\/politica\/cristian-diaconescu-psd-are-probleme-interne-majore-354259<\/p>\n","protected":false},"excerpt":{"rendered":"<p>Pe de alt\u0103 parte, Cristian Diaconescu este sceptic c\u0103 UNPR &#8211; partid desprins din PSD \u00een 2010 \u0219i care a sus\u021binut guvernul Boc &#8211; \u00a0ar trece, din nou, \u00een tab\u0103ra pre\u0219edintelui. \u201eNu cred, \u0219tiu c\u0103 Gabriel Oprea este un om extrem, extrem de consecvent deciziilor pe care le ia\u201d, a spus Cristian Diaconescu, cel care, [&hellip;]<\/p>\n","protected":false},"author":1,"featured_media":187167,"comment_status":"open","ping_status":"","sticky":false,"template":"","format":"standard","meta":{"footnotes":""},"categories":[2],"tags":[11],"class_list":["post-187166","post","type-post","status-publish","format-standard","has-post-thumbnail","hentry","category-politics","tag-digi24"],"_links":{"self":[{"href":"https:\/\/analyse.optim.biz\/index.php?rest_route=\/wp\/v2\/posts\/187166","targetHints":{"allow":["GET"]}}],"collection":[{"href":"https:\/\/analyse.optim.biz\/index.php?rest_route=\/wp\/v2\/posts"}],"about":[{"href":"https:\/\/analyse.optim.biz\/index.php?rest_route=\/wp\/v2\/types\/post"}],"author":[{"embeddable":true,"href":"https:\/\/analyse.optim.biz\/index.php?rest_route=\/wp\/v2\/users\/1"}],"replies":[{"embeddable":true,"href":"https:\/\/analyse.optim.biz\/index.php?rest_route=%2Fwp%2Fv2%2Fcomments&post=187166"}],"version-history":[{"count":0,"href":"https:\/\/analyse.optim.biz\/index.php?rest_route=\/wp\/v2\/posts\/187166\/revisions"}],"wp:featuredmedia":[{"embeddable":true,"href":"https:\/\/analyse.optim.biz\/index.php?rest_route=\/wp\/v2\/media\/187167"}],"wp:attachment":[{"href":"https:\/\/analyse.optim.biz\/index.php?rest_route=%2Fwp%2Fv2%2Fmedia&parent=187166"}],"wp:term":[{"taxonomy":"category","embeddable":true,"href":"https:\/\/analyse.optim.biz\/index.php?rest_route=%2Fwp%2Fv2%2Fcategories&post=187166"},{"taxonomy":"post_tag","embeddable":true,"href":"https:\/\/analyse.optim.biz\/index.php?rest_route=%2Fwp%2Fv2%2Ftags&post=187166"}],"curies":[{"name":"wp","href":"https:\/\/api.w.org\/{rel}","templated":true}]}}