{"id":187122,"date":"2015-02-02T07:48:29","date_gmt":"2015-02-02T04:48:29","guid":{"rendered":"https:\/\/analyse.optim.biz\/?p=187122"},"modified":"2015-02-02T07:48:29","modified_gmt":"2015-02-02T04:48:29","slug":"vasile-blaga-ar-putea-reveni-la-conducerea-senatului","status":"publish","type":"post","link":"https:\/\/analyse.optim.biz\/?p=187122","title":{"rendered":"Vasile Blaga ar putea reveni la conducerea Senatului"},"content":{"rendered":"<div class=\"entry data-app-meta data-app-meta-article\" data-embed-base-url-canonical=\"https:\/\/www.digi24.ro\/embed\/stiri\/actualitate\/politica\/vasile-blaga-ar-putea-reveni-la-conducerea-senatului-354271\">\n<p data-index=\"1\">\u201e<span>\u00cen Senat, \u00een cur\u00e2nd pe ecrane &#8211; Secretul zilei Z, ziua \u00een care, sper\u0103m, \u00een Senatul Rom\u00e2niei, grupurile de for\u0163\u0103 s\u0103 fie inversate. (Reporter: Pe c\u00e2te voturi v\u0103 baza\u0163i \u00een plus fa\u0163\u0103 de ceea ce au grupurile PNL?) Suficiente \u00eenc\u00e2t s\u0103 devenim majoritari\u201d, a declarat<strong> Dumitru Oprea.<\/strong>\u00a0<\/span><\/p>\n<\/div>\n<p> Source URL: https:\/\/www.digi24.ro\/stiri\/actualitate\/politica\/vasile-blaga-ar-putea-reveni-la-conducerea-senatului-354271<\/p>\n","protected":false},"excerpt":{"rendered":"<p>\u201e\u00cen Senat, \u00een cur\u00e2nd pe ecrane &#8211; Secretul zilei Z, ziua \u00een care, sper\u0103m, \u00een Senatul Rom\u00e2niei, grupurile de for\u0163\u0103 s\u0103 fie inversate. (Reporter: Pe c\u00e2te voturi v\u0103 baza\u0163i \u00een plus fa\u0163\u0103 de ceea ce au grupurile PNL?) Suficiente \u00eenc\u00e2t s\u0103 devenim majoritari\u201d, a declarat Dumitru Oprea.\u00a0 Source URL: https:\/\/www.digi24.ro\/stiri\/actualitate\/politica\/vasile-blaga-ar-putea-reveni-la-conducerea-senatului-354271<\/p>\n","protected":false},"author":1,"featured_media":187123,"comment_status":"open","ping_status":"","sticky":false,"template":"","format":"standard","meta":{"footnotes":""},"categories":[2],"tags":[11],"class_list":["post-187122","post","type-post","status-publish","format-standard","has-post-thumbnail","hentry","category-politics","tag-digi24"],"_links":{"self":[{"href":"https:\/\/analyse.optim.biz\/index.php?rest_route=\/wp\/v2\/posts\/187122","targetHints":{"allow":["GET"]}}],"collection":[{"href":"https:\/\/analyse.optim.biz\/index.php?rest_route=\/wp\/v2\/posts"}],"about":[{"href":"https:\/\/analyse.optim.biz\/index.php?rest_route=\/wp\/v2\/types\/post"}],"author":[{"embeddable":true,"href":"https:\/\/analyse.optim.biz\/index.php?rest_route=\/wp\/v2\/users\/1"}],"replies":[{"embeddable":true,"href":"https:\/\/analyse.optim.biz\/index.php?rest_route=%2Fwp%2Fv2%2Fcomments&post=187122"}],"version-history":[{"count":0,"href":"https:\/\/analyse.optim.biz\/index.php?rest_route=\/wp\/v2\/posts\/187122\/revisions"}],"wp:featuredmedia":[{"embeddable":true,"href":"https:\/\/analyse.optim.biz\/index.php?rest_route=\/wp\/v2\/media\/187123"}],"wp:attachment":[{"href":"https:\/\/analyse.optim.biz\/index.php?rest_route=%2Fwp%2Fv2%2Fmedia&parent=187122"}],"wp:term":[{"taxonomy":"category","embeddable":true,"href":"https:\/\/analyse.optim.biz\/index.php?rest_route=%2Fwp%2Fv2%2Fcategories&post=187122"},{"taxonomy":"post_tag","embeddable":true,"href":"https:\/\/analyse.optim.biz\/index.php?rest_route=%2Fwp%2Fv2%2Ftags&post=187122"}],"curies":[{"name":"wp","href":"https:\/\/api.w.org\/{rel}","templated":true}]}}