{"id":1871081,"date":"2026-04-04T14:31:46","date_gmt":"2026-04-04T11:31:46","guid":{"rendered":"https:\/\/analyse.optim.biz\/?p=1871081"},"modified":"2026-04-04T14:31:46","modified_gmt":"2026-04-04T11:31:46","slug":"primaria-comunei-sfantu-gheorghe-va-ureaza-la-multi-ani-de-florii","status":"publish","type":"post","link":"https:\/\/analyse.optim.biz\/?p=1871081","title":{"rendered":"Prim\u0103ria Comunei Sf\u00e2ntu Gheorghe v\u0103 ureaz\u0103 la mul\u021bi ani de Florii!"},"content":{"rendered":"<p>[analyse_image type=&#8221;featured&#8221; src=&#8221;https:\/\/dobrogeanews.b-cdn.net\/wp-content\/uploads\/2026\/04\/sF-gHEORGHE-Florii-2026-.jpg&#8221;]<\/p>\n<div id=\"post-69720\" class=\"entry single-default post-69720 post type-post status-publish format-standard has-post-thumbnail hentry category-mesaje\">\n<div>\n<div class=\"ss-follow-wrapper ss-clearfix ss-regular-buttons ss-columns-1 ss-default-style\">\n<div class=\"ss-follow-column\" data-ss-sf-network-id='\"facebook\"'><a href=\"https:\/\/www.facebook.com\/dobrogeanews\" class=\"ss-follow-network ss-facebook-color\" rel=\"nofollow noopener\" aria-label=\"facebook\" target=\"_blank\"><span class=\"ss-follow-network-label\">Urm\u0103re\u015fte-ne \u015fi pe Facebook!<\/span><span class=\"ss-follow-network-count\"><span class=\"ss-follow-network-count-number\">57K<\/span><span class=\"ss-follow-network-count-label\">Followers<\/span><\/span><\/a><\/div>\n<\/div>\n<\/div>\n<p>Ortodoc\u015fii pr\u0103znuiesc Floriile sau Duminica St\u00e2lp\u0103rilor, cea mai important\u0103 s\u0103rb\u0103toare care veste\u015fte Pa\u015ftele, rememor\u00e2nd intrarea lui Iisus \u00een Ierusalim \u015fi s\u0103rb\u0103torindu-i, totodat\u0103, pe cei care poart\u0103 nume de flori.<\/p>\n<p>Credincio\u015fii primesc la sf\u00e2r\u015fitul liturghiei de Florii crengi sfin\u0163ite de salcie (st\u00e2lp\u0103ri), ca unii care-i \u00eentruchipeaz\u0103 pe pelerinii veni\u0163i s\u0103-l vad\u0103 pe Iisus dar, ne\u00eendoios, \u015fi pentru Pa\u015fte. Rom\u00e2nii au ales salcia pentru c\u0103 la noi, ca \u0219i \u00een alte p\u0103r\u021bi, din Europa p\u00e2n\u0103 \u00een Extremul Orient, salcia mereu verde este Copacul Vie\u021bii \u0219i un simbol al mor\u021bii \u0219i al \u00eenvierii, al rena\u0219terii \u0219i al nemuririi.<\/p>\n<p>Iar Floriile cre\u0219tine \u00eenseamn\u0103 tocmai \u00eenvierea din mor\u021bi a lui Laz\u0103r. De Florii se m\u0103n\u00e2nc\u0103 pe\u015fte, fiind a doua dezlegare din postul Pa\u015ftelui, dup\u0103 cea din ziua Bunei Vestiri. Biserica ortodox\u0103 d\u0103 dezlegare la pe\u0219te, pentru c\u0103 se spune c\u0103 \u00een aceast\u0103 zi Iisus ar fi cerut s\u0103 m\u0103n\u00e2nce pe\u0219te. \u00cen popor se spune c\u0103 pe\u0219tele consumat \u00een aceast\u0103 zi are puteri t\u0103m\u0103duitoare \u0219i cine m\u0103n\u00e2nc\u0103 se va lecui de orice boal\u0103.<\/p>\n<p>Transmitem toate ur\u0103rile de s\u0103n\u0103tate, bucurie, \u00eemplinire tuturor celor care \u00ee\u0219i serbeaz\u0103 de Florii ziua onomastic\u0103 \u00eempreun\u0103 cu cei dragi. S\u0103 fi\u021bi binecuv\u00e2nta\u021bi \u0219i s\u0103 v\u0103 bucura\u021bi de fiecare clip\u0103, de soare, de via\u021b\u0103 \u0219i de toate minunile \u0219tiute \u0219i ne\u0219tiute.<\/p>\n<p>Cu respect, Drago\u0219 Cladiade \u2013 Primar al Comunei Sf\u00e2ntu Gheorghe<\/p>\n<figure class=\"wp-block-image size-full is-resized\">\n<source type=\"image\/webp\" data-lazy-srcset=\"https:\/\/dobrogeanews.b-cdn.net\/wp-content\/uploads\/2026\/04\/sF-gHEORGHE-Florii-2026-.jpg.webp 2560w, https:\/\/dobrogeanews.b-cdn.net\/wp-content\/uploads\/2026\/04\/sF-gHEORGHE-Florii-2026--300x246.jpg.webp 300w, https:\/\/dobrogeanews.b-cdn.net\/wp-content\/uploads\/2026\/04\/sF-gHEORGHE-Florii-2026--1024x840.jpg.webp 1024w, https:\/\/dobrogeanews.b-cdn.net\/wp-content\/uploads\/2026\/04\/sF-gHEORGHE-Florii-2026--768x630.jpg.webp 768w, https:\/\/dobrogeanews.b-cdn.net\/wp-content\/uploads\/2026\/04\/sF-gHEORGHE-Florii-2026--1536x1260.jpg.webp 1536w, https:\/\/dobrogeanews.b-cdn.net\/wp-content\/uploads\/2026\/04\/sF-gHEORGHE-Florii-2026--2048x1680.jpg.webp 2048w\" sizes=\"(max-width: 640px) 100vw, 640px\" \/><br \/>\n<img loading=\"lazy\" decoding=\"async\" src=\"https:\/\/dobrogeanews.b-cdn.net\/wp-content\/uploads\/2026\/04\/sF-gHEORGHE-Florii-2026-.jpg\" alt=\"Prim\u0103ria Comunei Sf\u00e2ntu Gheorghe v\u0103 ureaz\u0103 la mul\u021bi ani de Florii\" width=\"640\" height=\"525\"><\/figure>\n<div class=\"monsterinsights-inline-popular-posts monsterinsights-inline-popular-posts-charlie monsterinsights-popular-posts-styled\">\n<div class=\"monsterinsights-inline-popular-posts-text\"><span class=\"monsterinsights-inline-popular-posts-label\">Vezi \u0219i:<\/span><\/p>\n<div class=\"monsterinsights-inline-popular-posts-post\"><a class=\"monsterinsights-inline-popular-posts-title\" href=\"https:\/\/www.dobrogeanews.ro\/la-babadag-eleviii-continua-sa-primeasca-pachetele-alimentare-prin-programul-national-masa-sanatoasa\/\">La Babadag, elevii continu\u0103 s\u0103 primeasc\u0103 pachetele alimentare prin Programul Na\u021bional \u201eMas\u0103 s\u0103n\u0103toas\u0103\u201d<\/a><\/div>\n<div class=\"monsterinsights-inline-popular-posts-post\"><a class=\"monsterinsights-inline-popular-posts-title\" href=\"https:\/\/www.dobrogeanews.ro\/tulcea-impozitul-pentru-mijloacele-de-transport-2026-pe-intelesul-tuturor-cine-beneficiaza-de-reducere-sau-scutire\/\">Tulcea: Impozitul pentru mijloacele de transport\/2026 pe \u00een\u021belesul tuturor. Cine beneficiaz\u0103 de reducere sau scutire<\/a><\/div>\n<div class=\"monsterinsights-inline-popular-posts-post\"><a class=\"monsterinsights-inline-popular-posts-title\" href=\"https:\/\/www.dobrogeanews.ro\/la-baia-taxa-de-habitat-a-ramas-15-lei-luna-pers-adica-180-lei-an-am-votat-aplicarea-cotelor-minime-permise\/\">La Baia, taxa de habitat a r\u0103mas 15 lei\/lun\u0103\/pers, adic\u0103, 180 lei\/an. \u201eAm votat aplicarea cotelor minime permise\u201d<\/a><\/div>\n<\/div>\n<\/div>\n<\/div>\n<div id=\"post-69720\" class=\"entry single-default post-69720 post type-post status-publish format-standard has-post-thumbnail hentry category-mesaje\">\n<div>\n<div class=\"ss-follow-wrapper ss-clearfix ss-regular-buttons ss-columns-1 ss-default-style\">\n<div class=\"ss-follow-column\" data-ss-sf-network-id='\"facebook\"'><a href=\"https:\/\/www.facebook.com\/dobrogeanews\" class=\"ss-follow-network ss-facebook-color\" rel=\"nofollow noopener\" aria-label=\"facebook\" target=\"_blank\"><span class=\"ss-follow-network-label\">Urm\u0103re\u015fte-ne \u015fi pe Facebook!<\/span><span class=\"ss-follow-network-count\"><span class=\"ss-follow-network-count-number\">57K<\/span><span class=\"ss-follow-network-count-label\">Followers<\/span><\/span><\/a><\/div>\n<\/div>\n<\/div>\n<p>Ortodoc\u015fii pr\u0103znuiesc Floriile sau Duminica St\u00e2lp\u0103rilor, cea mai important\u0103 s\u0103rb\u0103toare care veste\u015fte Pa\u015ftele, rememor\u00e2nd intrarea lui Iisus \u00een Ierusalim \u015fi s\u0103rb\u0103torindu-i, totodat\u0103, pe cei care poart\u0103 nume de flori.<\/p>\n<p>Credincio\u015fii primesc la sf\u00e2r\u015fitul liturghiei de Florii crengi sfin\u0163ite de salcie (st\u00e2lp\u0103ri), ca unii care-i \u00eentruchipeaz\u0103 pe pelerinii veni\u0163i s\u0103-l vad\u0103 pe Iisus dar, ne\u00eendoios, \u015fi pentru Pa\u015fte. Rom\u00e2nii au ales salcia pentru c\u0103 la noi, ca \u0219i \u00een alte p\u0103r\u021bi, din Europa p\u00e2n\u0103 \u00een Extremul Orient, salcia mereu verde este Copacul Vie\u021bii \u0219i un simbol al mor\u021bii \u0219i al \u00eenvierii, al rena\u0219terii \u0219i al nemuririi.<\/p>\n<p>Iar Floriile cre\u0219tine \u00eenseamn\u0103 tocmai \u00eenvierea din mor\u021bi a lui Laz\u0103r. De Florii se m\u0103n\u00e2nc\u0103 pe\u015fte, fiind a doua dezlegare din postul Pa\u015ftelui, dup\u0103 cea din ziua Bunei Vestiri. Biserica ortodox\u0103 d\u0103 dezlegare la pe\u0219te, pentru c\u0103 se spune c\u0103 \u00een aceast\u0103 zi Iisus ar fi cerut s\u0103 m\u0103n\u00e2nce pe\u0219te. \u00cen popor se spune c\u0103 pe\u0219tele consumat \u00een aceast\u0103 zi are puteri t\u0103m\u0103duitoare \u0219i cine m\u0103n\u00e2nc\u0103 se va lecui de orice boal\u0103.<\/p>\n<p>Transmitem toate ur\u0103rile de s\u0103n\u0103tate, bucurie, \u00eemplinire tuturor celor care \u00ee\u0219i serbeaz\u0103 de Florii ziua onomastic\u0103 \u00eempreun\u0103 cu cei dragi. S\u0103 fi\u021bi binecuv\u00e2nta\u021bi \u0219i s\u0103 v\u0103 bucura\u021bi de fiecare clip\u0103, de soare, de via\u021b\u0103 \u0219i de toate minunile \u0219tiute \u0219i ne\u0219tiute.<\/p>\n<p>Cu respect, Drago\u0219 Cladiade \u2013 Primar al Comunei Sf\u00e2ntu Gheorghe<\/p>\n<figure class=\"wp-block-image size-full is-resized\">\n<source type=\"image\/webp\" data-lazy-srcset=\"https:\/\/dobrogeanews.b-cdn.net\/wp-content\/uploads\/2026\/04\/sF-gHEORGHE-Florii-2026-.jpg.webp 2560w, https:\/\/dobrogeanews.b-cdn.net\/wp-content\/uploads\/2026\/04\/sF-gHEORGHE-Florii-2026--300x246.jpg.webp 300w, https:\/\/dobrogeanews.b-cdn.net\/wp-content\/uploads\/2026\/04\/sF-gHEORGHE-Florii-2026--1024x840.jpg.webp 1024w, https:\/\/dobrogeanews.b-cdn.net\/wp-content\/uploads\/2026\/04\/sF-gHEORGHE-Florii-2026--768x630.jpg.webp 768w, https:\/\/dobrogeanews.b-cdn.net\/wp-content\/uploads\/2026\/04\/sF-gHEORGHE-Florii-2026--1536x1260.jpg.webp 1536w, https:\/\/dobrogeanews.b-cdn.net\/wp-content\/uploads\/2026\/04\/sF-gHEORGHE-Florii-2026--2048x1680.jpg.webp 2048w\" sizes=\"(max-width: 640px) 100vw, 640px\" \/><br \/>\n<img loading=\"lazy\" decoding=\"async\" src=\"https:\/\/dobrogeanews.b-cdn.net\/wp-content\/uploads\/2026\/04\/sF-gHEORGHE-Florii-2026-.jpg\" alt=\"Prim\u0103ria Comunei Sf\u00e2ntu Gheorghe v\u0103 ureaz\u0103 la mul\u021bi ani de Florii\" width=\"640\" height=\"525\"><\/figure>\n<div class=\"monsterinsights-inline-popular-posts monsterinsights-inline-popular-posts-charlie monsterinsights-popular-posts-styled\">\n<div class=\"monsterinsights-inline-popular-posts-text\"><span class=\"monsterinsights-inline-popular-posts-label\">Vezi \u0219i:<\/span><\/p>\n<div class=\"monsterinsights-inline-popular-posts-post\"><a class=\"monsterinsights-inline-popular-posts-title\" href=\"https:\/\/www.dobrogeanews.ro\/la-babadag-eleviii-continua-sa-primeasca-pachetele-alimentare-prin-programul-national-masa-sanatoasa\/\">La Babadag, elevii continu\u0103 s\u0103 primeasc\u0103 pachetele alimentare prin Programul Na\u021bional \u201eMas\u0103 s\u0103n\u0103toas\u0103\u201d<\/a><\/div>\n<div class=\"monsterinsights-inline-popular-posts-post\"><a class=\"monsterinsights-inline-popular-posts-title\" href=\"https:\/\/www.dobrogeanews.ro\/tulcea-impozitul-pentru-mijloacele-de-transport-2026-pe-intelesul-tuturor-cine-beneficiaza-de-reducere-sau-scutire\/\">Tulcea: Impozitul pentru mijloacele de transport\/2026 pe \u00een\u021belesul tuturor. Cine beneficiaz\u0103 de reducere sau scutire<\/a><\/div>\n<div class=\"monsterinsights-inline-popular-posts-post\"><a class=\"monsterinsights-inline-popular-posts-title\" href=\"https:\/\/www.dobrogeanews.ro\/la-baia-taxa-de-habitat-a-ramas-15-lei-luna-pers-adica-180-lei-an-am-votat-aplicarea-cotelor-minime-permise\/\">La Baia, taxa de habitat a r\u0103mas 15 lei\/lun\u0103\/pers, adic\u0103, 180 lei\/an. \u201eAm votat aplicarea cotelor minime permise\u201d<\/a><\/div>\n<\/div>\n<\/div>\n<\/div>\n<p>[analyse_source url=&#8221;https:\/\/www.dobrogeanews.ro\/primaria-comunei-sfantu-gheorghe-va-ureaza-la-multi-ani-de-florii\/&#8221;]<\/p>\n","protected":false},"excerpt":{"rendered":"<p>[analyse_image type=&#8221;featured&#8221; src=&#8221;https:\/\/dobrogeanews.b-cdn.net\/wp-content\/uploads\/2026\/04\/sF-gHEORGHE-Florii-2026-.jpg&#8221;] Urm\u0103re\u015fte-ne \u015fi pe Facebook!57KFollowers Ortodoc\u015fii pr\u0103znuiesc Floriile sau Duminica St\u00e2lp\u0103rilor, cea mai important\u0103 s\u0103rb\u0103toare care veste\u015fte Pa\u015ftele, rememor\u00e2nd intrarea lui Iisus \u00een Ierusalim \u015fi s\u0103rb\u0103torindu-i, totodat\u0103, pe cei care poart\u0103 nume de flori. Credincio\u015fii primesc la sf\u00e2r\u015fitul liturghiei de Florii crengi sfin\u0163ite de salcie (st\u00e2lp\u0103ri), ca unii care-i \u00eentruchipeaz\u0103 pe pelerinii veni\u0163i [&hellip;]<\/p>\n","protected":false},"author":1,"featured_media":0,"comment_status":"open","ping_status":"","sticky":false,"template":"","format":"standard","meta":{"footnotes":""},"categories":[89],"tags":[226,223],"class_list":["post-1871081","post","type-post","status-publish","format-standard","hentry","category-romania","tag-crawlmanager","tag-dobrogeanews-ro"],"_links":{"self":[{"href":"https:\/\/analyse.optim.biz\/index.php?rest_route=\/wp\/v2\/posts\/1871081","targetHints":{"allow":["GET"]}}],"collection":[{"href":"https:\/\/analyse.optim.biz\/index.php?rest_route=\/wp\/v2\/posts"}],"about":[{"href":"https:\/\/analyse.optim.biz\/index.php?rest_route=\/wp\/v2\/types\/post"}],"author":[{"embeddable":true,"href":"https:\/\/analyse.optim.biz\/index.php?rest_route=\/wp\/v2\/users\/1"}],"replies":[{"embeddable":true,"href":"https:\/\/analyse.optim.biz\/index.php?rest_route=%2Fwp%2Fv2%2Fcomments&post=1871081"}],"version-history":[{"count":0,"href":"https:\/\/analyse.optim.biz\/index.php?rest_route=\/wp\/v2\/posts\/1871081\/revisions"}],"wp:attachment":[{"href":"https:\/\/analyse.optim.biz\/index.php?rest_route=%2Fwp%2Fv2%2Fmedia&parent=1871081"}],"wp:term":[{"taxonomy":"category","embeddable":true,"href":"https:\/\/analyse.optim.biz\/index.php?rest_route=%2Fwp%2Fv2%2Fcategories&post=1871081"},{"taxonomy":"post_tag","embeddable":true,"href":"https:\/\/analyse.optim.biz\/index.php?rest_route=%2Fwp%2Fv2%2Ftags&post=1871081"}],"curies":[{"name":"wp","href":"https:\/\/api.w.org\/{rel}","templated":true}]}}