{"id":1871075,"date":"2026-04-04T14:20:08","date_gmt":"2026-04-04T11:20:08","guid":{"rendered":"https:\/\/analyse.optim.biz\/?p=1871075"},"modified":"2026-04-04T14:20:08","modified_gmt":"2026-04-04T11:20:08","slug":"primaria-comunei-sarichioi-va-ureaza-la-multi-ani-de-florii","status":"publish","type":"post","link":"https:\/\/analyse.optim.biz\/?p=1871075","title":{"rendered":"Prim\u0103ria Comunei Sarichioi v\u0103 ureaz\u0103 la mul\u021bi ani de Florii!"},"content":{"rendered":"<p>[analyse_image type=&#8221;featured&#8221; src=&#8221;https:\/\/dobrogeanews.b-cdn.net\/wp-content\/uploads\/2026\/04\/Sarichioi-Florii-2026-.jpg&#8221;]<\/p>\n<div id=\"post-69714\" class=\"entry single-default post-69714 post type-post status-publish format-standard has-post-thumbnail hentry category-mesaje\">\n<div>\n<div class=\"ss-follow-wrapper ss-clearfix ss-regular-buttons ss-columns-1 ss-default-style\">\n<div class=\"ss-follow-column\" data-ss-sf-network-id='\"facebook\"'><a href=\"https:\/\/www.facebook.com\/dobrogeanews\" class=\"ss-follow-network ss-facebook-color\" rel=\"nofollow noopener\" aria-label=\"facebook\" target=\"_blank\"><span class=\"ss-follow-network-label\">Urm\u0103re\u015fte-ne \u015fi pe Facebook!<\/span><span class=\"ss-follow-network-count\"><span class=\"ss-follow-network-count-number\">57K<\/span><span class=\"ss-follow-network-count-label\">Followers<\/span><\/span><\/a><\/div>\n<\/div>\n<\/div>\n<p>Duminica Floriilor sau a Intr\u0103rii Domnului \u00een Ierusalim este cunoscut\u0103 \u0219i ca\u00a0<a href=\"https:\/\/www.dobrogeanews.ro\/vitali-finoghen-primar-sarichioi-despre-sambata-lui-lazar-in-care-se-consuma-icre-de-peste-iar-de-florii-se-sfintesc-crengute-de-salcii\/\">Duminica Floriilor<\/a>\u00a0sau Duminica S\u0103lciilor. Salcia \u015fi mugurii de salcie erau considera\u0163i vindec\u0103tori. De duminica s\u0103lciilor, postul este mai u\u015for, fiindc\u0103 se permite pe\u015ftele \u015fi untdelemnul.<\/p>\n<p>Pe timpuri, \u00een aceast\u0103 zi se f\u0103cea o ca\u015f\u0103 (cereale fierte) cu muguri de salcie. \u00cen S\u00e2mb\u0103ta Floriilor, cunoscut\u0103 \u0219i ca S\u00e2mb\u0103ta lui Laz\u0103r, obi\u0219nuim s\u0103 prepar\u0103m salat\u0103 de icre sau icre pr\u0103jite iar unii dintre b\u0103tr\u00e2ni povesteau c\u0103 spuneau: \u201eLaz\u0103re, vino s\u0103 m\u00e2n\u00e2nci din bucatele noastre(!)\u201d<\/p>\n<p>\u00cen Duminica Floriilor este dezlegare la pe\u0219te iar la Sarichioi pot fi degustate nenum\u0103rate produse tradi\u021bionale din pe\u0219te. A\u0219a dup\u0103 cum erau ele g\u0103tite de str\u0103bunii no\u0219tri. S\u0103 ave\u021bi o zi frumoas\u0103 cu bucuria binecuv\u00e2nt\u0103rii.<\/p>\n<p>Prim\u0103ria \u0219i Consiliul local al Comunei Sarichioi, Vitali \u2013 Cristian Finoghen \u2013 primar<\/p>\n<figure class=\"wp-block-image size-full is-resized\">\n<source type=\"image\/webp\" data-lazy-srcset=\"https:\/\/dobrogeanews.b-cdn.net\/wp-content\/uploads\/2026\/04\/Sarichioi-Florii-2026-.jpg.webp 2560w, https:\/\/dobrogeanews.b-cdn.net\/wp-content\/uploads\/2026\/04\/Sarichioi-Florii-2026--300x246.jpg.webp 300w, https:\/\/dobrogeanews.b-cdn.net\/wp-content\/uploads\/2026\/04\/Sarichioi-Florii-2026--1024x840.jpg.webp 1024w, https:\/\/dobrogeanews.b-cdn.net\/wp-content\/uploads\/2026\/04\/Sarichioi-Florii-2026--768x630.jpg.webp 768w, https:\/\/dobrogeanews.b-cdn.net\/wp-content\/uploads\/2026\/04\/Sarichioi-Florii-2026--1536x1260.jpg.webp 1536w, https:\/\/dobrogeanews.b-cdn.net\/wp-content\/uploads\/2026\/04\/Sarichioi-Florii-2026--2048x1680.jpg.webp 2048w\" sizes=\"(max-width: 640px) 100vw, 640px\" \/><br \/>\n<img loading=\"lazy\" decoding=\"async\" src=\"https:\/\/dobrogeanews.b-cdn.net\/wp-content\/uploads\/2026\/04\/Sarichioi-Florii-2026-.jpg\" alt=\"Prim\u0103ria Comunei Sarichioi v\u0103 ureaz\u0103 la mul\u021bi ani de Florii\" width=\"640\" height=\"525\"><\/figure>\n<div class=\"monsterinsights-inline-popular-posts monsterinsights-inline-popular-posts-charlie monsterinsights-popular-posts-styled\">\n<div class=\"monsterinsights-inline-popular-posts-text\"><span class=\"monsterinsights-inline-popular-posts-label\">Vezi \u0219i:<\/span><\/p>\n<div class=\"monsterinsights-inline-popular-posts-post\"><a class=\"monsterinsights-inline-popular-posts-title\" href=\"https:\/\/www.dobrogeanews.ro\/impozitul-pe-imobile-2026-in-municipiul-tulcea-pe-intelesul-tuturor-cine-benefiaza-de-reduceri-informatii-detaliate\/\">Impozitul pe imobile\/2026 \u00een Municipiul Tulcea, pe \u00een\u021belesul tuturor. Cine benefiaz\u0103 de reduceri. Informa\u021bii detaliate<\/a><\/div>\n<div class=\"monsterinsights-inline-popular-posts-post\"><a class=\"monsterinsights-inline-popular-posts-title\" href=\"https:\/\/www.dobrogeanews.ro\/cine-este-fata-de-18-ani-care-s-a-sinucis-la-tulcea-soapte-intre-lumi\/\">Cine este fata de 18 ani care s-a sinucis la Tulcea. \u0218oapte \u00eentre lumi \u2026<\/a><\/div>\n<div class=\"monsterinsights-inline-popular-posts-post\"><a class=\"monsterinsights-inline-popular-posts-title\" href=\"https:\/\/www.dobrogeanews.ro\/video-primarul-stefan-ilie-raspunde-intrebarilor-privind-reabilitarea-strazilor-din-municipiul-tulcea\/\">(Video) Primarul \u0218tefan Ilie, r\u0103spunde \u00eentreb\u0103rilor privind reabilitarea Str\u0103zilor din Municipiul Tulcea<\/a><\/div>\n<\/div>\n<\/div>\n<\/div>\n<div id=\"post-69714\" class=\"entry single-default post-69714 post type-post status-publish format-standard has-post-thumbnail hentry category-mesaje\">\n<div>\n<div class=\"ss-follow-wrapper ss-clearfix ss-regular-buttons ss-columns-1 ss-default-style\">\n<div class=\"ss-follow-column\" data-ss-sf-network-id='\"facebook\"'><a href=\"https:\/\/www.facebook.com\/dobrogeanews\" class=\"ss-follow-network ss-facebook-color\" rel=\"nofollow noopener\" aria-label=\"facebook\" target=\"_blank\"><span class=\"ss-follow-network-label\">Urm\u0103re\u015fte-ne \u015fi pe Facebook!<\/span><span class=\"ss-follow-network-count\"><span class=\"ss-follow-network-count-number\">57K<\/span><span class=\"ss-follow-network-count-label\">Followers<\/span><\/span><\/a><\/div>\n<\/div>\n<\/div>\n<p>Duminica Floriilor sau a Intr\u0103rii Domnului \u00een Ierusalim este cunoscut\u0103 \u0219i ca\u00a0<a href=\"https:\/\/www.dobrogeanews.ro\/vitali-finoghen-primar-sarichioi-despre-sambata-lui-lazar-in-care-se-consuma-icre-de-peste-iar-de-florii-se-sfintesc-crengute-de-salcii\/\">Duminica Floriilor<\/a>\u00a0sau Duminica S\u0103lciilor. Salcia \u015fi mugurii de salcie erau considera\u0163i vindec\u0103tori. De duminica s\u0103lciilor, postul este mai u\u015for, fiindc\u0103 se permite pe\u015ftele \u015fi untdelemnul.<\/p>\n<p>Pe timpuri, \u00een aceast\u0103 zi se f\u0103cea o ca\u015f\u0103 (cereale fierte) cu muguri de salcie. \u00cen S\u00e2mb\u0103ta Floriilor, cunoscut\u0103 \u0219i ca S\u00e2mb\u0103ta lui Laz\u0103r, obi\u0219nuim s\u0103 prepar\u0103m salat\u0103 de icre sau icre pr\u0103jite iar unii dintre b\u0103tr\u00e2ni povesteau c\u0103 spuneau: \u201eLaz\u0103re, vino s\u0103 m\u00e2n\u00e2nci din bucatele noastre(!)\u201d<\/p>\n<p>\u00cen Duminica Floriilor este dezlegare la pe\u0219te iar la Sarichioi pot fi degustate nenum\u0103rate produse tradi\u021bionale din pe\u0219te. A\u0219a dup\u0103 cum erau ele g\u0103tite de str\u0103bunii no\u0219tri. S\u0103 ave\u021bi o zi frumoas\u0103 cu bucuria binecuv\u00e2nt\u0103rii.<\/p>\n<p>Prim\u0103ria \u0219i Consiliul local al Comunei Sarichioi, Vitali \u2013 Cristian Finoghen \u2013 primar<\/p>\n<figure class=\"wp-block-image size-full is-resized\">\n<source type=\"image\/webp\" data-lazy-srcset=\"https:\/\/dobrogeanews.b-cdn.net\/wp-content\/uploads\/2026\/04\/Sarichioi-Florii-2026-.jpg.webp 2560w, https:\/\/dobrogeanews.b-cdn.net\/wp-content\/uploads\/2026\/04\/Sarichioi-Florii-2026--300x246.jpg.webp 300w, https:\/\/dobrogeanews.b-cdn.net\/wp-content\/uploads\/2026\/04\/Sarichioi-Florii-2026--1024x840.jpg.webp 1024w, https:\/\/dobrogeanews.b-cdn.net\/wp-content\/uploads\/2026\/04\/Sarichioi-Florii-2026--768x630.jpg.webp 768w, https:\/\/dobrogeanews.b-cdn.net\/wp-content\/uploads\/2026\/04\/Sarichioi-Florii-2026--1536x1260.jpg.webp 1536w, https:\/\/dobrogeanews.b-cdn.net\/wp-content\/uploads\/2026\/04\/Sarichioi-Florii-2026--2048x1680.jpg.webp 2048w\" sizes=\"(max-width: 640px) 100vw, 640px\" \/><br \/>\n<img loading=\"lazy\" decoding=\"async\" src=\"https:\/\/dobrogeanews.b-cdn.net\/wp-content\/uploads\/2026\/04\/Sarichioi-Florii-2026-.jpg\" alt=\"Prim\u0103ria Comunei Sarichioi v\u0103 ureaz\u0103 la mul\u021bi ani de Florii\" width=\"640\" height=\"525\"><\/figure>\n<div class=\"monsterinsights-inline-popular-posts monsterinsights-inline-popular-posts-charlie monsterinsights-popular-posts-styled\">\n<div class=\"monsterinsights-inline-popular-posts-text\"><span class=\"monsterinsights-inline-popular-posts-label\">Vezi \u0219i:<\/span><\/p>\n<div class=\"monsterinsights-inline-popular-posts-post\"><a class=\"monsterinsights-inline-popular-posts-title\" href=\"https:\/\/www.dobrogeanews.ro\/impozitul-pe-imobile-2026-in-municipiul-tulcea-pe-intelesul-tuturor-cine-benefiaza-de-reduceri-informatii-detaliate\/\">Impozitul pe imobile\/2026 \u00een Municipiul Tulcea, pe \u00een\u021belesul tuturor. Cine benefiaz\u0103 de reduceri. Informa\u021bii detaliate<\/a><\/div>\n<div class=\"monsterinsights-inline-popular-posts-post\"><a class=\"monsterinsights-inline-popular-posts-title\" href=\"https:\/\/www.dobrogeanews.ro\/cine-este-fata-de-18-ani-care-s-a-sinucis-la-tulcea-soapte-intre-lumi\/\">Cine este fata de 18 ani care s-a sinucis la Tulcea. \u0218oapte \u00eentre lumi \u2026<\/a><\/div>\n<div class=\"monsterinsights-inline-popular-posts-post\"><a class=\"monsterinsights-inline-popular-posts-title\" href=\"https:\/\/www.dobrogeanews.ro\/video-primarul-stefan-ilie-raspunde-intrebarilor-privind-reabilitarea-strazilor-din-municipiul-tulcea\/\">(Video) Primarul \u0218tefan Ilie, r\u0103spunde \u00eentreb\u0103rilor privind reabilitarea Str\u0103zilor din Municipiul Tulcea<\/a><\/div>\n<\/div>\n<\/div>\n<\/div>\n<p>[analyse_source url=&#8221;https:\/\/www.dobrogeanews.ro\/primaria-comunei-sarichioi-va-ureaza-la-multi-ani-de-florii\/&#8221;]<\/p>\n","protected":false},"excerpt":{"rendered":"<p>[analyse_image type=&#8221;featured&#8221; src=&#8221;https:\/\/dobrogeanews.b-cdn.net\/wp-content\/uploads\/2026\/04\/Sarichioi-Florii-2026-.jpg&#8221;] Urm\u0103re\u015fte-ne \u015fi pe Facebook!57KFollowers Duminica Floriilor sau a Intr\u0103rii Domnului \u00een Ierusalim este cunoscut\u0103 \u0219i ca\u00a0Duminica Floriilor\u00a0sau Duminica S\u0103lciilor. Salcia \u015fi mugurii de salcie erau considera\u0163i vindec\u0103tori. De duminica s\u0103lciilor, postul este mai u\u015for, fiindc\u0103 se permite pe\u015ftele \u015fi untdelemnul. Pe timpuri, \u00een aceast\u0103 zi se f\u0103cea o ca\u015f\u0103 (cereale fierte) cu [&hellip;]<\/p>\n","protected":false},"author":1,"featured_media":0,"comment_status":"open","ping_status":"","sticky":false,"template":"","format":"standard","meta":{"footnotes":""},"categories":[89],"tags":[226,223],"class_list":["post-1871075","post","type-post","status-publish","format-standard","hentry","category-romania","tag-crawlmanager","tag-dobrogeanews-ro"],"_links":{"self":[{"href":"https:\/\/analyse.optim.biz\/index.php?rest_route=\/wp\/v2\/posts\/1871075","targetHints":{"allow":["GET"]}}],"collection":[{"href":"https:\/\/analyse.optim.biz\/index.php?rest_route=\/wp\/v2\/posts"}],"about":[{"href":"https:\/\/analyse.optim.biz\/index.php?rest_route=\/wp\/v2\/types\/post"}],"author":[{"embeddable":true,"href":"https:\/\/analyse.optim.biz\/index.php?rest_route=\/wp\/v2\/users\/1"}],"replies":[{"embeddable":true,"href":"https:\/\/analyse.optim.biz\/index.php?rest_route=%2Fwp%2Fv2%2Fcomments&post=1871075"}],"version-history":[{"count":0,"href":"https:\/\/analyse.optim.biz\/index.php?rest_route=\/wp\/v2\/posts\/1871075\/revisions"}],"wp:attachment":[{"href":"https:\/\/analyse.optim.biz\/index.php?rest_route=%2Fwp%2Fv2%2Fmedia&parent=1871075"}],"wp:term":[{"taxonomy":"category","embeddable":true,"href":"https:\/\/analyse.optim.biz\/index.php?rest_route=%2Fwp%2Fv2%2Fcategories&post=1871075"},{"taxonomy":"post_tag","embeddable":true,"href":"https:\/\/analyse.optim.biz\/index.php?rest_route=%2Fwp%2Fv2%2Ftags&post=1871075"}],"curies":[{"name":"wp","href":"https:\/\/api.w.org\/{rel}","templated":true}]}}