{"id":1871035,"date":"2026-04-07T07:07:58","date_gmt":"2026-04-07T04:07:58","guid":{"rendered":"https:\/\/analyse.optim.biz\/?p=1871035"},"modified":"2026-04-07T07:07:58","modified_gmt":"2026-04-07T04:07:58","slug":"presiune-tot-mai-mare-asupra-sistemului-medical-din-timisoara-peste-82-000-de-consultatii-in-ambulatoriul-spitalului-municipal-in-2025","status":"publish","type":"post","link":"https:\/\/analyse.optim.biz\/?p=1871035","title":{"rendered":"Presiune tot mai mare asupra sistemului medical din Timi\u0219oara! Peste 82.000 de consulta\u021bii \u00een ambulatoriul Spitalului Municipal, \u00een 2025"},"content":{"rendered":"<p>[analyse_image type=&#8221;featured&#8221; src=&#8221;https:\/\/www.sursadevest.ro\/wp-content\/uploads\/2023\/04\/consultatie-doctor.JPG&#8221;]<\/p>\n<p><main id=\"tm-main\"><\/p>\n<div class=\"uk-section-default uk-section\">\n<div class=\"uk-grid-margin uk-container uk-container-xsmall\">\n<div class=\"uk-grid tm-grid-expand uk-child-width-1-1\">\n<div class=\"uk-width-1-1\">\n<h1 class=\"uk-h2 uk-margin uk-text-center\">\n<p>                    Presiune tot mai mare asupra sistemului medical din Timi\u0219oara! Peste 82.000 de consulta\u021bii \u00een ambulatoriul Spitalului Municipal, \u00een 2025        <\/p>\n<\/h1>\n<div class=\"uk-panel uk-margin uk-text-center\"><time datetime=\"2026-04-07T09:07:58+02:00\">7 aprilie, 2026<\/time> | <a href=\"https:\/\/www.sursadevest.ro\/author\/petronela\/\">Sursa de Vest<\/a> | <a href=\"https:\/\/www.sursadevest.ro\/categorie\/stiri\/eveniment\/\" rel=\"tag\">Eveniment<\/a>, <a href=\"https:\/\/www.sursadevest.ro\/categorie\/stiri\/sanatate\/\" rel=\"tag\">S\u0103n\u0103tate<\/a>, <a href=\"https:\/\/www.sursadevest.ro\/categorie\/stiri\/\" rel=\"tag\">\u0218tiri<\/a> | <a href=\"https:\/\/www.sursadevest.ro\/presiune-tot-mai-mare-asupra-sistemului-medical-din-timisoara-peste-82-000-de-consultatii-in-ambulatoriul-spitalului-municipal-in-2025\/#respond\">Niciun comentariu<span class=\"screen-reader-text\"> la Presiune tot mai mare asupra sistemului medical din Timi\u0219oara! Peste 82.000 de consulta\u021bii \u00een ambulatoriul Spitalului Municipal, \u00een 2025<\/span><\/a><\/div>\n<\/div>\n<\/div>\n<\/div>\n<div class=\"uk-container uk-margin-large\">\n<div class=\"uk-grid tm-grid-expand uk-grid-column-large\">\n<div class=\"uk-width-2-3@m\">\n<nav aria-label=\"Breadcrumb\" class=\"uk-margin-small\">\n<ul class=\"uk-breadcrumb uk-margin-remove-bottom\">\n<li><\/li>\n<li><a href=\"https:\/\/www.sursadevest.ro\/categorie\/stiri\/\"><span>\u0218tiri<\/span><\/a><\/li>\n<li><a href=\"https:\/\/www.sursadevest.ro\/categorie\/stiri\/eveniment\/\"><span>Eveniment<\/span><\/a><\/li>\n<\/ul>\n<\/nav>\n<div class=\"uk-margin\"><source type=\"image\/webp\" srcset=\"https:\/\/www.sursadevest.ro\/index.php?yootheme=cache\/da\/consultatie-doctor-da821edd.webp&amp;src=wp-content\/uploads\/2023\/04\/consultatie-doctor.JPG&amp;type=webp,85&amp;hash=a01a4af3 765w\" sizes=\"(min-width: 765px) 765px\" \/><\/div>\n<div class=\"uk-margin-remove-vertical uk-hidden@m\">\n<div class=\"uk-grid uk-child-width-1-1 uk-child-width-1-2@s uk-grid-small uk-grid-match\">\n<div>\n<div class=\"el-item uk-panel\"><a href=\"https:\/\/xpilatesspa.ro\" target=\"_blank\"><\/p>\n<div class=\"uk-inline-clip uk-transition-toggle\"><source type=\"image\/webp\" srcset=\"\/wp-content\/uploads\/yootheme\/cache\/4f\/WhatsApp-Image-2025-07-16-at-153218_b2c81b10-4f95fb31.webp 768w, https:\/\/www.sursadevest.ro\/index.php?yootheme=cache\/c3\/WhatsApp-Image-2025-07-16-at-153218_b2c81b10-c35bc934.webp&amp;src=wp-content\/uploads\/2025\/07\/WhatsApp-Image-2025-07-16-at-153218_b2c81b10.jpg&amp;thumbnail=1024,1019,&amp;type=webp,85&amp;hash=ee2873d9 1024w, \/wp-content\/uploads\/yootheme\/cache\/c8\/WhatsApp-Image-2025-07-16-at-153218_b2c81b10-c8fb1140.webp 1366w, \/wp-content\/uploads\/yootheme\/cache\/8a\/WhatsApp-Image-2025-07-16-at-153218_b2c81b10-8aa1972b.webp 1600w\" sizes=\"(min-width: 1600px) 1600px\" \/><\/div>\n<p><\/a><\/p>\n<div class=\"uk-padding-small uk-margin-remove-first-child\">\n<div class=\"el-meta uk-text-meta uk-margin-small-top\">XPilates &amp; Spa<\/div>\n<div class=\"uk-margin-small-top\"><a href=\"https:\/\/xpilatesspa.ro\" target=\"_blank\" class=\"el-link uk-button uk-button-text\">Vezi detalii<\/a><\/div>\n<\/div>\n<\/div>\n<\/div>\n<\/div>\n<\/div>\n<div class=\"uk-panel uk-margin-remove-top uk-margin-medium-bottom\">\n<p>Ziua Mondial\u0103 a S\u0103n\u0103t\u0103\u021bii, marcat\u0103 anual \u00een 7 aprilie, aduce \u00een prim-plan importan\u021ba accesului la servicii medicale \u0219i a progreselor din domeniul s\u0103n\u0103t\u0103\u021bii. <\/p>\n<p>Evenimentul coincide cu aniversarea \u00eenfiin\u021b\u0103rii Organiza\u021biei Mondiale a S\u0103n\u0103t\u0103\u021bii, \u00een anul 1948, iar tema din 2026 \u2013 \u201e\u00cempreun\u0103 pentru s\u0103n\u0103tate. Sus\u021bine \u0219tiin\u021ba.\u201d \u2013 eviden\u021biaz\u0103 rolul cercet\u0103rii \u0219i al colabor\u0103rii \u00een sistemul medical.<\/p>\n<p>La nivel local, datele furnizate de Spitalul Clinic Municipal de Urgen\u021b\u0103 Timi\u0219oara arat\u0103 o activitate intens\u0103 \u00een anul 2025, confirm\u00e2nd nevoia constant\u0103 de servicii medicale \u00een r\u00e2ndul popula\u021biei. Ambulatoriul de specialitate a \u00eenregistrat peste 82.000 de consulta\u021bii, \u00een timp ce peste 33.000 de pacien\u021bi au apelat la Unitatea de Primiri Urgen\u021be.<\/p>\n<p>\u00cen acela\u0219i interval, pe sec\u021biile spitalului au fost trata\u021bi \u0219i externa\u021bi 35.466 de pacien\u021bi. Totodat\u0103, la Maternitatea Odobescu, unitate care apar\u021bine spitalului municipal, au venit pe lume 791 de copii.<\/p>\n<p>Investiga\u021biile imagistice au avut un rol esen\u021bial \u00een diagnosticarea \u0219i monitorizarea pacien\u021bilor. Astfel, au fost realizate 40.499 de radiografii, 19.378 de tomografii, 695 de angiografii, 25.482 de ecografii \u0219i 8.387 de investiga\u021bii RMN.<\/p>\n<p>\u201c<em>Ziua Mondial\u0103 a S\u0103n\u0103t\u0103\u021bii r\u0103m\u00e2ne un moment care reaminte\u0219te importan\u021ba preven\u021biei, a controalelor medicale periodice \u0219i a accesului la servicii medicale, dar \u0219i faptul c\u0103, dincolo de cifre, sistemul medical \u00eenseamn\u0103 oameni care au nevoie de ajutor \u0219i oameni care ofer\u0103 ajutor, zi dup\u0103 zi. Spitalul Clinic Municipal de Urgen\u021b\u0103 Timi\u0219oara \u00ee\u0219i reafirm\u0103 angajamentul de a continua dezvoltarea serviciilor medicale \u0219i de a oferi pacien\u021bilor acces la investiga\u021bii \u0219i tratamente moderne, \u00eentr-un sistem medical orientat c\u0103tre nevoile comunit\u0103\u021bii<\/em>\u201d, transmit reprezenta\u021bii Spitalului Municipal.<\/p>\n<\/div>\n<nav class=\"uk-text-center\">\n<ul class=\"uk-pagination uk-margin-remove-bottom uk-flex-center\">\n<li><a href=\"https:\/\/www.sursadevest.ro\/distractie-si-surprize-pentru-copiii-din-ghiroda-si-giarmata-vii-ii-asteapta-vanatoarea-oualor-de-paste\/\"> Anterior<\/a><\/li>\n<li><a href=\"https:\/\/www.sursadevest.ro\/bijuterii-pe-patru-roti-revin-in-timisoara-retroparada-primaverii-aduce-farmecul-de-altadata-in-piata-unirii\/\">Urm\u0103tor <\/a><\/li>\n<\/ul>\n<\/nav>\n<h3 class=\"uk-h5\">\n<p>                    Distribuie pe re\u021bele de socializare        <\/p>\n<\/h3>\n<div class=\"uk-margin-top uk-margin-remove-bottom\">\n<ul class=\"uk-child-width-auto uk-grid-small uk-flex-inline uk-flex-middle\">\n<li class=\"el-item\">\n<li class=\"el-item\">\n<li class=\"el-item\">\n<li class=\"el-item\"><\/ul>\n<\/div>\n<div class=\"uk-margin\">\n<div id=\"respond\" class=\"comment-respond\">\n<h2 id=\"reply-title\" class=\"el-title uk-h3 uk-heading-bullet\">Las\u0103 un r\u0103spuns <small><a rel=\"nofollow\" id=\"cancel-comment-reply-link\" class=\"uk-link-muted\" href=\"https:\/\/www.sursadevest.ro\/presiune-tot-mai-mare-asupra-sistemului-medical-din-timisoara-peste-82-000-de-consultatii-in-ambulatoriul-spitalului-municipal-in-2025\/#respond\">Anuleaz\u0103 r\u0103spunsul<\/a><\/small><\/h2>\n<p class=\"comment-notes\">Adresa ta de email nu va fi publicat\u0103. C\u00e2mpurile obligatorii sunt marcate cu <span class=\"required\">*<\/span><\/p>\n<div class=\"gglcptch gglcptch_v3\"><\/p>\n<div class=\"gglcptch_error_text\">Perioada de verificare reCAPTCHA a expirat. V\u0103 rug\u0103m s\u0103 re\u00eenc\u0103rca\u021bi pagina.<\/div>\n<\/div>\n<\/div>\n<\/div>\n<hr class=\"uk-margin-large\">\n<h2 class=\"uk-h3 uk-text-left@m uk-text-center\">\n<p>                    Alte articole        <\/p>\n<\/h2>\n<div id=\"template-OEvUe7Lh#0\" class=\"uk-margin\">\n<div class=\"uk-grid uk-child-width-1-1 uk-child-width-1-2@s uk-grid-column-medium uk-grid-match\">\n<div>\n<div class=\"el-item uk-panel uk-margin-remove-first-child\"><a href=\"https:\/\/www.sursadevest.ro\/doliu-in-lumea-fotbalului-mircea-lucescu-cel-mai-titrat-antrenor-roman-s-a-stins-din-viata\/\"><img decoding=\"async\" class=\"el-image uk-border-rounded\" src=\"https:\/\/www.sursadevest.ro\/wp-content\/uploads\/2026\/02\/mircea-lucescu.gif\" alt loading=\"lazy\" width=\"610\" height=\"381\"><\/a><\/p>\n<div class=\"el-meta uk-h6 uk-text-primary uk-margin-top uk-margin-remove-bottom\"><time datetime=\"2026-04-07T19:54:48+02:00\">7 aprilie, 2026<\/time> | <a href=\"https:\/\/www.sursadevest.ro\/author\/petronela\/\">Sursa de Vest<\/a> | <a href=\"https:\/\/www.sursadevest.ro\/categorie\/stiri\/eveniment\/\" rel=\"tag\">Eveniment<\/a>, <a href=\"https:\/\/www.sursadevest.ro\/categorie\/stiri\/\" rel=\"tag\">\u0218tiri<\/a> | <a href=\"https:\/\/www.sursadevest.ro\/doliu-in-lumea-fotbalului-mircea-lucescu-cel-mai-titrat-antrenor-roman-s-a-stins-din-viata\/#respond\">Niciun comentariu<span class=\"screen-reader-text\"> la Doliu \u00een lumea fotbalului! Mircea Lucescu, cel mai titrat antrenor rom\u00e2n, s-a stins din via\u021b\u0103!<\/span><\/a><\/div>\n<h3 class=\"el-title uk-h4 uk-link-reset uk-margin-small-top uk-margin-remove-bottom\"><a href=\"https:\/\/www.sursadevest.ro\/doliu-in-lumea-fotbalului-mircea-lucescu-cel-mai-titrat-antrenor-roman-s-a-stins-din-viata\/\">Doliu \u00een lumea fotbalului! Mircea Lucescu, cel mai titrat antrenor rom\u00e2n, s-a stins din via\u021b\u0103!<\/a><\/h3>\n<div class=\"el-content uk-panel uk-margin-small-top\">\n<p>Cel mai titrat antrenor rom\u00e2n al tuturor timpurilor, Mircea Lucescu s-a stins din via\u021b\u0103, \u00een urm\u0103 cu pu\u021bin timp la v\u00e2rsta de 80 de ani. Sursa de Vest See Full Bio<\/p>\n<\/div>\n<div class=\"uk-margin-top\"><a href=\"https:\/\/www.sursadevest.ro\/doliu-in-lumea-fotbalului-mircea-lucescu-cel-mai-titrat-antrenor-roman-s-a-stins-din-viata\/\" class=\"el-link uk-button uk-button-text\">Vezi detalii<\/a><\/div>\n<\/div>\n<\/div>\n<div>\n<div class=\"el-item uk-panel uk-margin-remove-first-child\"><a href=\"https:\/\/www.sursadevest.ro\/garana-jazz-festival-aniverseaza-30-de-ani-cu-artisti-din-16-tari-si-patru-zile-de-concerte-in-mijlocul-naturii\/\"><source type=\"image\/webp\" srcset=\"\/wp-content\/uploads\/yootheme\/cache\/6d\/garana-jazz-6d110b1d.webp 610w, \/wp-content\/uploads\/yootheme\/cache\/fb\/garana-jazz-fb0daa3d.webp 768w, https:\/\/www.sursadevest.ro\/index.php?yootheme=cache\/83\/garana-jazz-8395997b.webp&amp;src=wp-content\/uploads\/2026\/04\/garana-jazz.jpg&amp;thumbnail=1024,636,&amp;type=webp,85&amp;hash=8becaa38 1024w, \/wp-content\/uploads\/yootheme\/cache\/7a\/garana-jazz-7a432c9d.webp 1220w\" sizes=\"(min-width: 610px) 610px\" \/><\/a><\/p>\n<div class=\"el-meta uk-h6 uk-text-primary uk-margin-top uk-margin-remove-bottom\"><time datetime=\"2026-04-07T14:03:00+02:00\">7 aprilie, 2026<\/time> | <a href=\"https:\/\/www.sursadevest.ro\/author\/petronela\/\">Sursa de Vest<\/a> | <a href=\"https:\/\/www.sursadevest.ro\/categorie\/stiri\/cultura\/\" rel=\"tag\">Cultur\u0103<\/a>, <a href=\"https:\/\/www.sursadevest.ro\/categorie\/stiri\/eveniment\/\" rel=\"tag\">Eveniment<\/a>, <a href=\"https:\/\/www.sursadevest.ro\/categorie\/stiri\/\" rel=\"tag\">\u0218tiri<\/a> | <a href=\"https:\/\/www.sursadevest.ro\/garana-jazz-festival-aniverseaza-30-de-ani-cu-artisti-din-16-tari-si-patru-zile-de-concerte-in-mijlocul-naturii\/#respond\">Niciun comentariu<span class=\"screen-reader-text\"> la G\u0103r\u00e2na Jazz Festival aniverseaz\u0103 30 de ani cu arti\u0219ti din 16 \u021b\u0103ri \u0219i patru zile de concerte \u00een mijlocul naturii!<\/span><\/a><\/div>\n<h3 class=\"el-title uk-h4 uk-link-reset uk-margin-small-top uk-margin-remove-bottom\"><a href=\"https:\/\/www.sursadevest.ro\/garana-jazz-festival-aniverseaza-30-de-ani-cu-artisti-din-16-tari-si-patru-zile-de-concerte-in-mijlocul-naturii\/\">G\u0103r\u00e2na Jazz Festival aniverseaz\u0103 30 de ani cu arti\u0219ti din 16 \u021b\u0103ri \u0219i patru zile de concerte \u00een mijlocul naturii!<\/a><\/h3>\n<div class=\"el-content uk-panel uk-margin-small-top\">\n<p>G\u0103r\u00e2na Jazz Festival marcheaz\u0103 \u00een 2026 trei decenii de existen\u021b\u0103 printr-o edi\u021bie aniversar\u0103 ampl\u0103, programat\u0103 \u00eentre 9 \u0219i 12 iulie, \u00een decorul spectaculos al Mun\u021bilor Semenic. Sursa de Vest See Full Bio<\/p>\n<\/div>\n<div class=\"uk-margin-top\"><a href=\"https:\/\/www.sursadevest.ro\/garana-jazz-festival-aniverseaza-30-de-ani-cu-artisti-din-16-tari-si-patru-zile-de-concerte-in-mijlocul-naturii\/\" class=\"el-link uk-button uk-button-text\">Vezi detalii<\/a><\/div>\n<\/div>\n<\/div>\n<div>\n<div class=\"el-item uk-panel uk-margin-remove-first-child\">\n<div class=\"el-meta uk-h6 uk-text-primary uk-margin-top uk-margin-remove-bottom\"><time datetime=\"2026-04-07T13:48:02+02:00\">7 aprilie, 2026<\/time> | <a href=\"https:\/\/www.sursadevest.ro\/author\/petronela\/\">Sursa de Vest<\/a> | <a href=\"https:\/\/www.sursadevest.ro\/categorie\/stirea-din-spatele-stirii\/\" rel=\"tag\">\u0218tirea din Spatele \u0218tirii<\/a> | <a href=\"https:\/\/www.sursadevest.ro\/ips-ioan-selejan-mitropolitul-banatului-la-stirea-din-spatele-stirii\/#respond\">Niciun comentariu<span class=\"screen-reader-text\"> la \u00cePS Ioan Selejan, Mitropolitul Banatului, la \u201e\u0218tirea din Spatele \u0218tirii\u201d<\/span><\/a><\/div>\n<h3 class=\"el-title uk-h4 uk-link-reset uk-margin-small-top uk-margin-remove-bottom\"><a href=\"https:\/\/www.sursadevest.ro\/ips-ioan-selejan-mitropolitul-banatului-la-stirea-din-spatele-stirii\/\">\u00cePS Ioan Selejan, Mitropolitul Banatului, la \u201e\u0218tirea din Spatele \u0218tirii\u201d<\/a><\/h3>\n<div class=\"el-content uk-panel uk-margin-small-top\">\n<p>\u00cePS Ioan Selejan, Mitropolitul Banatului, la \u201e\u0218tirea din Spatele \u0218tirii\u201d \u2013 luni, 6 aprilie 2026. Sursa de Vest See Full Bio<\/p>\n<\/div>\n<div class=\"uk-margin-top\"><a href=\"https:\/\/www.sursadevest.ro\/ips-ioan-selejan-mitropolitul-banatului-la-stirea-din-spatele-stirii\/\" class=\"el-link uk-button uk-button-text\">Vezi detalii<\/a><\/div>\n<\/div>\n<\/div>\n<div>\n<div class=\"el-item uk-panel uk-margin-remove-first-child\"><a href=\"https:\/\/www.sursadevest.ro\/video-presedintele-nicusor-dan-despre-controversele-din-jurul-lui-alfred-simonis-eu-nu-am-o-protectie-in-care-sa-bag-pe-cineva-traim-intr-un-stat-de-drept-cu-constitutie-cu-legi\/\"><img decoding=\"async\" class=\"el-image uk-border-rounded\" src=\"https:\/\/www.sursadevest.ro\/wp-content\/uploads\/2026\/04\/nicusor-dan.gif\" alt loading=\"lazy\" width=\"610\" height=\"339\"><\/a><\/p>\n<div class=\"el-meta uk-h6 uk-text-primary uk-margin-top uk-margin-remove-bottom\"><time datetime=\"2026-04-07T13:14:29+02:00\">7 aprilie, 2026<\/time> | <a href=\"https:\/\/www.sursadevest.ro\/author\/redactie\/\">Petronela Axinte<\/a> | <a href=\"https:\/\/www.sursadevest.ro\/categorie\/stiri\/administratie\/\" rel=\"tag\">Administra\u021bie<\/a>, <a href=\"https:\/\/www.sursadevest.ro\/categorie\/stiri\/eveniment\/\" rel=\"tag\">Eveniment<\/a>, <a href=\"https:\/\/www.sursadevest.ro\/categorie\/stiri\/\" rel=\"tag\">\u0218tiri<\/a> | <a href=\"https:\/\/www.sursadevest.ro\/video-presedintele-nicusor-dan-despre-controversele-din-jurul-lui-alfred-simonis-eu-nu-am-o-protectie-in-care-sa-bag-pe-cineva-traim-intr-un-stat-de-drept-cu-constitutie-cu-legi\/#respond\">Niciun comentariu<span class=\"screen-reader-text\"> la Video: Pre\u0219edintele Nicu\u0219or Dan, despre controversele din jurul lui Alfred Simonis: Eu nu am o protec\u021bie \u00een care s\u0103 bag pe cineva. Tr\u0103im \u00eentr-un stat de drept, cu Constitu\u021bie, cu legi<\/span><\/a><\/div>\n<h3 class=\"el-title uk-h4 uk-link-reset uk-margin-small-top uk-margin-remove-bottom\"><a href=\"https:\/\/www.sursadevest.ro\/video-presedintele-nicusor-dan-despre-controversele-din-jurul-lui-alfred-simonis-eu-nu-am-o-protectie-in-care-sa-bag-pe-cineva-traim-intr-un-stat-de-drept-cu-constitutie-cu-legi\/\">Video: Pre\u0219edintele Nicu\u0219or Dan, despre controversele din jurul lui Alfred Simonis: Eu nu am o protec\u021bie \u00een care s\u0103 bag pe cineva. Tr\u0103im \u00eentr-un stat de drept, cu Constitu\u021bie, cu legi<\/a><\/h3>\n<div class=\"el-content uk-panel uk-margin-small-top\">\n<p>De Ziua Mondial\u0103 a S\u0103n\u0103t\u0103\u021bii, pre\u0219edintele Rom\u00e2niei a venit la Timi\u0219oara, pe \u0219antierul viitorului Centru de Mari Ar\u0219i, o investi\u021bie nefinalizat\u0103 \u0219i f\u0103r\u0103 echipamente medicale. Sursa de Vest See Full Bio<\/p>\n<\/div>\n<div class=\"uk-margin-top\"><a href=\"https:\/\/www.sursadevest.ro\/video-presedintele-nicusor-dan-despre-controversele-din-jurul-lui-alfred-simonis-eu-nu-am-o-protectie-in-care-sa-bag-pe-cineva-traim-intr-un-stat-de-drept-cu-constitutie-cu-legi\/\" class=\"el-link uk-button uk-button-text\">Vezi detalii<\/a><\/div>\n<\/div>\n<\/div>\n<div>\n<div class=\"el-item uk-panel uk-margin-remove-first-child\"><a href=\"https:\/\/www.sursadevest.ro\/motocicleta-confiscata-la-frontiera-ce-au-descoperit-politistii\/\"><source type=\"image\/webp\" srcset=\"\/wp-content\/uploads\/yootheme\/cache\/7e\/politia-de-frontiera-7ecb5883.webp 610w, \/wp-content\/uploads\/yootheme\/cache\/c2\/politia-de-frontiera-c24e7deb.webp 865w\" sizes=\"(min-width: 610px) 610px\" \/><\/a><\/p>\n<div class=\"el-meta uk-h6 uk-text-primary uk-margin-top uk-margin-remove-bottom\"><time datetime=\"2026-04-07T10:06:29+02:00\">7 aprilie, 2026<\/time> | <a href=\"https:\/\/www.sursadevest.ro\/author\/petronela\/\">Sursa de Vest<\/a> | <a href=\"https:\/\/www.sursadevest.ro\/categorie\/stiri\/eveniment\/\" rel=\"tag\">Eveniment<\/a>, <a href=\"https:\/\/www.sursadevest.ro\/categorie\/stiri\/\" rel=\"tag\">\u0218tiri<\/a> | <a href=\"https:\/\/www.sursadevest.ro\/motocicleta-confiscata-la-frontiera-ce-au-descoperit-politistii\/#respond\">Niciun comentariu<span class=\"screen-reader-text\"> la Motociclet\u0103 confiscat\u0103 la frontier\u0103! Ce au descoperit poli\u021bi\u0219tii?<\/span><\/a><\/div>\n<h3 class=\"el-title uk-h4 uk-link-reset uk-margin-small-top uk-margin-remove-bottom\"><a href=\"https:\/\/www.sursadevest.ro\/motocicleta-confiscata-la-frontiera-ce-au-descoperit-politistii\/\">Motociclet\u0103 confiscat\u0103 la frontier\u0103! Ce au descoperit poli\u021bi\u0219tii?<\/a><\/h3>\n<div class=\"el-content uk-panel uk-margin-small-top\">\n<p>Un motociclist a vrut s\u0103 treac\u0103 vama pentru a intra \u00een Rom\u00e2nia, \u00eens\u0103 lucrurile s-au complicat, dup\u0103 descoperirea poli\u021bi\u0219tilor de frontier\u0103. Sursa de Vest See Full Bio<\/p>\n<\/div>\n<div class=\"uk-margin-top\"><a href=\"https:\/\/www.sursadevest.ro\/motocicleta-confiscata-la-frontiera-ce-au-descoperit-politistii\/\" class=\"el-link uk-button uk-button-text\">Vezi detalii<\/a><\/div>\n<\/div>\n<\/div>\n<div>\n<div class=\"el-item uk-panel uk-margin-remove-first-child\">\n<div class=\"el-meta uk-h6 uk-text-primary uk-margin-top uk-margin-remove-bottom\"><time datetime=\"2026-04-07T09:25:30+02:00\">7 aprilie, 2026<\/time> | <a href=\"https:\/\/www.sursadevest.ro\/author\/petronela\/\">Sursa de Vest<\/a> | <a href=\"https:\/\/www.sursadevest.ro\/categorie\/stirea-din-spatele-stirii\/\" rel=\"tag\">\u0218tirea din Spatele \u0218tirii<\/a> | <a href=\"https:\/\/www.sursadevest.ro\/florin-popovici-la-stirea-din-spatele-stirii-3\/#respond\">Niciun comentariu<span class=\"screen-reader-text\"> la Florin Popovici, la \u201e\u0218tirea din Spatele \u0218tirii\u201d<\/span><\/a><\/div>\n<h3 class=\"el-title uk-h4 uk-link-reset uk-margin-small-top uk-margin-remove-bottom\"><a href=\"https:\/\/www.sursadevest.ro\/florin-popovici-la-stirea-din-spatele-stirii-3\/\">Florin Popovici, la \u201e\u0218tirea din Spatele \u0218tirii\u201d<\/a><\/h3>\n<div class=\"el-content uk-panel uk-margin-small-top\">\n<p>Florin Popovici, deputat de Timi\u0219 \u0219i fost director al Cur\u021bii de Conturi Timi\u0219, la \u201e\u0218tirea din Spatele \u0218tirii\u201d \u2013 vineri, 3 aprilie 2026. Sursa de Vest See Full Bio<\/p>\n<\/div>\n<div class=\"uk-margin-top\"><a href=\"https:\/\/www.sursadevest.ro\/florin-popovici-la-stirea-din-spatele-stirii-3\/\" class=\"el-link uk-button uk-button-text\">Vezi detalii<\/a><\/div>\n<\/div>\n<\/div>\n<div>\n<div class=\"el-item uk-panel uk-margin-remove-first-child\"><a href=\"https:\/\/www.sursadevest.ro\/restrictii-noi-in-trafic-la-timisoara-afectata-va-fi-si-circulatia-tramvaielor\/\"><source type=\"image\/webp\" srcset=\"\/wp-content\/uploads\/yootheme\/cache\/f2\/restrictii_trafic-f2fd4525.webp 610w, \/wp-content\/uploads\/yootheme\/cache\/a7\/restrictii_trafic-a77d77bc.webp 768w, \/wp-content\/uploads\/yootheme\/cache\/88\/restrictii_trafic-88a6e2c0.webp 900w\" sizes=\"(min-width: 610px) 610px\" \/><\/a><\/p>\n<div class=\"el-meta uk-h6 uk-text-primary uk-margin-top uk-margin-remove-bottom\"><time datetime=\"2026-04-07T09:18:19+02:00\">7 aprilie, 2026<\/time> | <a href=\"https:\/\/www.sursadevest.ro\/author\/petronela\/\">Sursa de Vest<\/a> | <a href=\"https:\/\/www.sursadevest.ro\/categorie\/stiri\/eveniment\/\" rel=\"tag\">Eveniment<\/a>, <a href=\"https:\/\/www.sursadevest.ro\/categorie\/stiri\/\" rel=\"tag\">\u0218tiri<\/a> | <a href=\"https:\/\/www.sursadevest.ro\/restrictii-noi-in-trafic-la-timisoara-afectata-va-fi-si-circulatia-tramvaielor\/#respond\">Niciun comentariu<span class=\"screen-reader-text\"> la Restric\u021bii noi \u00een trafic, la Timi\u0219oara! Afectat\u0103 va fi \u0219i circula\u021bia tramvaielor<\/span><\/a><\/div>\n<h3 class=\"el-title uk-h4 uk-link-reset uk-margin-small-top uk-margin-remove-bottom\"><a href=\"https:\/\/www.sursadevest.ro\/restrictii-noi-in-trafic-la-timisoara-afectata-va-fi-si-circulatia-tramvaielor\/\">Restric\u021bii noi \u00een trafic, la Timi\u0219oara! Afectat\u0103 va fi \u0219i circula\u021bia tramvaielor<\/a><\/h3>\n<div class=\"el-content uk-panel uk-margin-small-top\">\n<p>La Timi\u0219oara, sunt anun\u021bate restric\u021bii \u00een trafic, pentru lucr\u0103ri la re\u021beaua utilitar\u0103 de gaz \u0219i canalizare. Sursa de Vest See Full Bio<\/p>\n<\/div>\n<div class=\"uk-margin-top\"><a href=\"https:\/\/www.sursadevest.ro\/restrictii-noi-in-trafic-la-timisoara-afectata-va-fi-si-circulatia-tramvaielor\/\" class=\"el-link uk-button uk-button-text\">Vezi detalii<\/a><\/div>\n<\/div>\n<\/div>\n<div>\n<div class=\"el-item uk-panel uk-margin-remove-first-child\"><a href=\"https:\/\/www.sursadevest.ro\/bijuterii-pe-patru-roti-revin-in-timisoara-retroparada-primaverii-aduce-farmecul-de-altadata-in-piata-unirii\/\"><source type=\"image\/webp\" srcset=\"\/wp-content\/uploads\/yootheme\/cache\/90\/retroparada-4-9005c284.webp 610w, \/wp-content\/uploads\/yootheme\/cache\/fe\/retroparada-4-fe000959.webp 768w, \/wp-content\/uploads\/yootheme\/cache\/be\/retroparada-4-be4f9c74.webp 1024w\" sizes=\"(min-width: 610px) 610px\" \/><\/a><\/p>\n<div class=\"el-meta uk-h6 uk-text-primary uk-margin-top uk-margin-remove-bottom\"><time datetime=\"2026-04-07T09:11:01+02:00\">7 aprilie, 2026<\/time> | <a href=\"https:\/\/www.sursadevest.ro\/author\/petronela\/\">Sursa de Vest<\/a> | <a href=\"https:\/\/www.sursadevest.ro\/categorie\/stiri\/eveniment\/\" rel=\"tag\">Eveniment<\/a>, <a href=\"https:\/\/www.sursadevest.ro\/categorie\/stiri\/\" rel=\"tag\">\u0218tiri<\/a> | <a href=\"https:\/\/www.sursadevest.ro\/bijuterii-pe-patru-roti-revin-in-timisoara-retroparada-primaverii-aduce-farmecul-de-altadata-in-piata-unirii\/#respond\">Niciun comentariu<span class=\"screen-reader-text\"> la Bijuterii pe patru ro\u021bi revin \u00een Timi\u0219oara. Retroparada Prim\u0103verii aduce farmecul de alt\u0103dat\u0103 \u00een Pia\u021ba Unirii<\/span><\/a><\/div>\n<h3 class=\"el-title uk-h4 uk-link-reset uk-margin-small-top uk-margin-remove-bottom\"><a href=\"https:\/\/www.sursadevest.ro\/bijuterii-pe-patru-roti-revin-in-timisoara-retroparada-primaverii-aduce-farmecul-de-altadata-in-piata-unirii\/\">Bijuterii pe patru ro\u021bi revin \u00een Timi\u0219oara. Retroparada Prim\u0103verii aduce farmecul de alt\u0103dat\u0103 \u00een Pia\u021ba Unirii<\/a><\/h3>\n<div class=\"el-content uk-panel uk-margin-small-top\">\n<p>Un adev\u0103rat parfum de epoc\u0103 va cuprinde Timi\u0219oara peste c\u00e2teva zile, c\u00e2nd Pia\u021ba Unirii se transform\u0103 \u00eentr-un muzeu \u00een aer liber. Sursa de Vest See Full Bio<\/p>\n<\/div>\n<div class=\"uk-margin-top\"><a href=\"https:\/\/www.sursadevest.ro\/bijuterii-pe-patru-roti-revin-in-timisoara-retroparada-primaverii-aduce-farmecul-de-altadata-in-piata-unirii\/\" class=\"el-link uk-button uk-button-text\">Vezi detalii<\/a><\/div>\n<\/div>\n<\/div>\n<div>\n<div class=\"el-item uk-panel uk-margin-remove-first-child\"><a href=\"https:\/\/www.sursadevest.ro\/presiune-tot-mai-mare-asupra-sistemului-medical-din-timisoara-peste-82-000-de-consultatii-in-ambulatoriul-spitalului-municipal-in-2025\/\"><source type=\"image\/webp\" srcset=\"\/wp-content\/uploads\/yootheme\/cache\/81\/consultatie-doctor-81d8ad3c.webp 610w, \/wp-content\/uploads\/yootheme\/cache\/d9\/consultatie-doctor-d9e3f193.webp 765w\" sizes=\"(min-width: 610px) 610px\" \/><\/a><\/p>\n<div class=\"el-meta uk-h6 uk-text-primary uk-margin-top uk-margin-remove-bottom\"><time datetime=\"2026-04-07T09:07:58+02:00\">7 aprilie, 2026<\/time> | <a href=\"https:\/\/www.sursadevest.ro\/author\/petronela\/\">Sursa de Vest<\/a> | <a href=\"https:\/\/www.sursadevest.ro\/categorie\/stiri\/eveniment\/\" rel=\"tag\">Eveniment<\/a>, <a href=\"https:\/\/www.sursadevest.ro\/categorie\/stiri\/sanatate\/\" rel=\"tag\">S\u0103n\u0103tate<\/a>, <a href=\"https:\/\/www.sursadevest.ro\/categorie\/stiri\/\" rel=\"tag\">\u0218tiri<\/a> | <a href=\"https:\/\/www.sursadevest.ro\/presiune-tot-mai-mare-asupra-sistemului-medical-din-timisoara-peste-82-000-de-consultatii-in-ambulatoriul-spitalului-municipal-in-2025\/#respond\">Niciun comentariu<span class=\"screen-reader-text\"> la Presiune tot mai mare asupra sistemului medical din Timi\u0219oara! Peste 82.000 de consulta\u021bii \u00een ambulatoriul Spitalului Municipal, \u00een 2025<\/span><\/a><\/div>\n<h3 class=\"el-title uk-h4 uk-link-reset uk-margin-small-top uk-margin-remove-bottom\"><a href=\"https:\/\/www.sursadevest.ro\/presiune-tot-mai-mare-asupra-sistemului-medical-din-timisoara-peste-82-000-de-consultatii-in-ambulatoriul-spitalului-municipal-in-2025\/\">Presiune tot mai mare asupra sistemului medical din Timi\u0219oara! Peste 82.000 de consulta\u021bii \u00een ambulatoriul Spitalului Municipal, \u00een 2025<\/a><\/h3>\n<div class=\"el-content uk-panel uk-margin-small-top\">\n<p>Ziua Mondial\u0103 a S\u0103n\u0103t\u0103\u021bii, marcat\u0103 anual \u00een 7 aprilie, aduce \u00een prim-plan importan\u021ba accesului la servicii medicale \u0219i a progreselor din domeniul s\u0103n\u0103t\u0103\u021bii. Evenimentul coincide cu aniversarea \u00eenfiin\u021b\u0103rii Organiza\u021biei Mondiale a S\u0103n\u0103t\u0103\u021bii, \u00een anul 1948, iar tema din 2026 \u2013 \u201e\u00cempreun\u0103 pentru s\u0103n\u0103tate. Sus\u021bine \u0219tiin\u021ba.\u201d \u2013 eviden\u021biaz\u0103 rolul cercet\u0103rii \u0219i al colabor\u0103rii \u00een sistemul medical. [\u2026]<\/p>\n<\/div>\n<div class=\"uk-margin-top\"><a href=\"https:\/\/www.sursadevest.ro\/presiune-tot-mai-mare-asupra-sistemului-medical-din-timisoara-peste-82-000-de-consultatii-in-ambulatoriul-spitalului-municipal-in-2025\/\" class=\"el-link uk-button uk-button-text\">Vezi detalii<\/a><\/div>\n<\/div>\n<\/div>\n<div>\n<div class=\"el-item uk-panel uk-margin-remove-first-child\"><a href=\"https:\/\/www.sursadevest.ro\/distractie-si-surprize-pentru-copiii-din-ghiroda-si-giarmata-vii-ii-asteapta-vanatoarea-oualor-de-paste\/\"><source type=\"image\/webp\" srcset=\"\/wp-content\/uploads\/yootheme\/cache\/af\/vanatoare-oua-paste-aff98e64.webp 610w, \/wp-content\/uploads\/yootheme\/cache\/07\/vanatoare-oua-paste-0741b119.webp 768w, \/wp-content\/uploads\/yootheme\/cache\/2c\/vanatoare-oua-paste-2caa1148.webp 892w\" sizes=\"(min-width: 610px) 610px\" \/><\/a><\/p>\n<div class=\"el-meta uk-h6 uk-text-primary uk-margin-top uk-margin-remove-bottom\"><time datetime=\"2026-04-07T09:07:13+02:00\">7 aprilie, 2026<\/time> | <a href=\"https:\/\/www.sursadevest.ro\/author\/petronela\/\">Sursa de Vest<\/a> | <a href=\"https:\/\/www.sursadevest.ro\/categorie\/stiri\/eveniment\/\" rel=\"tag\">Eveniment<\/a>, <a href=\"https:\/\/www.sursadevest.ro\/categorie\/stiri\/\" rel=\"tag\">\u0218tiri<\/a> | <a href=\"https:\/\/www.sursadevest.ro\/distractie-si-surprize-pentru-copiii-din-ghiroda-si-giarmata-vii-ii-asteapta-vanatoarea-oualor-de-paste\/#respond\">Niciun comentariu<span class=\"screen-reader-text\"> la Distrac\u021bie \u0219i surprize, pentru copiii din Ghiroda \u0219i Giarmata Vii! \u00cei a\u0219teapt\u0103 \u201eV\u00e2n\u0103toarea Ou\u0103lor de Pa\u0219te\u201d<\/span><\/a><\/div>\n<h3 class=\"el-title uk-h4 uk-link-reset uk-margin-small-top uk-margin-remove-bottom\"><a href=\"https:\/\/www.sursadevest.ro\/distractie-si-surprize-pentru-copiii-din-ghiroda-si-giarmata-vii-ii-asteapta-vanatoarea-oualor-de-paste\/\">Distrac\u021bie \u0219i surprize, pentru copiii din Ghiroda \u0219i Giarmata Vii! \u00cei a\u0219teapt\u0103 \u201eV\u00e2n\u0103toarea Ou\u0103lor de Pa\u0219te\u201d<\/a><\/h3>\n<div class=\"el-content uk-panel uk-margin-small-top\">\n<p>Jocuri, provoc\u0103ri \u0219i \u00eent\u00e2lniri cu iepura\u0219ul de Pa\u0219te \u00eei a\u0219teapt\u0103 pe cei mici, la o nou\u0103 edi\u021bie a evenimentului \u201eV\u00e2n\u0103toarea Ou\u0103lor de Pa\u0219te\u201d, la Ghiroda \u0219i Giarmata Vii. Sursa de Vest See Full Bio<\/p>\n<\/div>\n<div class=\"uk-margin-top\"><a href=\"https:\/\/www.sursadevest.ro\/distractie-si-surprize-pentru-copiii-din-ghiroda-si-giarmata-vii-ii-asteapta-vanatoarea-oualor-de-paste\/\" class=\"el-link uk-button uk-button-text\">Vezi detalii<\/a><\/div>\n<\/div>\n<\/div>\n<div>\n<div class=\"el-item uk-panel uk-margin-remove-first-child\"><a href=\"https:\/\/www.sursadevest.ro\/vest-ventures-a-dat-startul-primei-cohorte-noua-startup-uri-au-intrat-in-programul-de-accelerare-cu-investitii-de-pana-la-100-de-mii-de-euro\/\"><source type=\"image\/webp\" srcset=\"\/wp-content\/uploads\/yootheme\/cache\/9d\/vest-venturas-9dd966ea.webp 610w, \/wp-content\/uploads\/yootheme\/cache\/2c\/vest-venturas-2c124540.webp 768w, \/wp-content\/uploads\/yootheme\/cache\/5a\/vest-venturas-5af36ec5.webp 960w\" sizes=\"(min-width: 610px) 610px\" \/><\/a><\/p>\n<div class=\"el-meta uk-h6 uk-text-primary uk-margin-top uk-margin-remove-bottom\"><time datetime=\"2026-04-07T08:09:04+02:00\">7 aprilie, 2026<\/time> | <a href=\"https:\/\/www.sursadevest.ro\/author\/petronela\/\">Sursa de Vest<\/a> | <a href=\"https:\/\/www.sursadevest.ro\/categorie\/stiri\/eveniment\/\" rel=\"tag\">Eveniment<\/a>, <a href=\"https:\/\/www.sursadevest.ro\/categorie\/stiri\/\" rel=\"tag\">\u0218tiri<\/a> | <a href=\"https:\/\/www.sursadevest.ro\/vest-ventures-a-dat-startul-primei-cohorte-noua-startup-uri-au-intrat-in-programul-de-accelerare-cu-investitii-de-pana-la-100-de-mii-de-euro\/#respond\">Niciun comentariu<span class=\"screen-reader-text\"> la Vest Ventures a dat startul primei cohorte! Nou\u0103 startup-uri au intrat \u00een programul de accelerare cu investi\u021bii de p\u00e2n\u0103 la 100 de mii de euro<\/span><\/a><\/div>\n<h3 class=\"el-title uk-h4 uk-link-reset uk-margin-small-top uk-margin-remove-bottom\"><a href=\"https:\/\/www.sursadevest.ro\/vest-ventures-a-dat-startul-primei-cohorte-noua-startup-uri-au-intrat-in-programul-de-accelerare-cu-investitii-de-pana-la-100-de-mii-de-euro\/\">Vest Ventures a dat startul primei cohorte! Nou\u0103 startup-uri au intrat \u00een programul de accelerare cu investi\u021bii de p\u00e2n\u0103 la 100 de mii de euro<\/a><\/h3>\n<div class=\"el-content uk-panel uk-margin-small-top\">\n<p>Vest Ventures, primul accelerator regional de afaceri cu finan\u021bare european\u0103, a anun\u021bat debutul oficial al primei cohorte din cadrul programului s\u0103u de accelerare. Sursa de Vest See Full Bio<\/p>\n<\/div>\n<div class=\"uk-margin-top\"><a href=\"https:\/\/www.sursadevest.ro\/vest-ventures-a-dat-startul-primei-cohorte-noua-startup-uri-au-intrat-in-programul-de-accelerare-cu-investitii-de-pana-la-100-de-mii-de-euro\/\" class=\"el-link uk-button uk-button-text\">Vezi detalii<\/a><\/div>\n<\/div>\n<\/div>\n<div>\n<div class=\"el-item uk-panel uk-margin-remove-first-child\"><a href=\"https:\/\/www.sursadevest.ro\/video-incendiu-puternic-la-o-biserica-de-langa-timisoara-au-intervenit-peste-20-de-pompieri\/\"><source type=\"image\/webp\" srcset=\"\/wp-content\/uploads\/yootheme\/cache\/31\/incendiu-biserica-sacalaz-317208f9.webp 610w, \/wp-content\/uploads\/yootheme\/cache\/34\/incendiu-biserica-sacalaz-349544ef.webp 828w\" sizes=\"(min-width: 610px) 610px\" \/><\/a><\/p>\n<div class=\"el-meta uk-h6 uk-text-primary uk-margin-top uk-margin-remove-bottom\"><time datetime=\"2026-04-07T07:58:36+02:00\">7 aprilie, 2026<\/time> | <a href=\"https:\/\/www.sursadevest.ro\/author\/petronela\/\">Sursa de Vest<\/a> | <a href=\"https:\/\/www.sursadevest.ro\/categorie\/stiri\/eveniment\/\" rel=\"tag\">Eveniment<\/a>, <a href=\"https:\/\/www.sursadevest.ro\/categorie\/stiri\/\" rel=\"tag\">\u0218tiri<\/a> | <a href=\"https:\/\/www.sursadevest.ro\/video-incendiu-puternic-la-o-biserica-de-langa-timisoara-au-intervenit-peste-20-de-pompieri\/#respond\">Niciun comentariu<span class=\"screen-reader-text\"> la VIDEO: Incendiu puternic, la o biseric\u0103 de l\u00e2ng\u0103 Timi\u0219oara! Au intervenit peste 20 de pompieri<\/span><\/a><\/div>\n<h3 class=\"el-title uk-h4 uk-link-reset uk-margin-small-top uk-margin-remove-bottom\"><a href=\"https:\/\/www.sursadevest.ro\/video-incendiu-puternic-la-o-biserica-de-langa-timisoara-au-intervenit-peste-20-de-pompieri\/\">VIDEO: Incendiu puternic, la o biseric\u0103 de l\u00e2ng\u0103 Timi\u0219oara! Au intervenit peste 20 de pompieri<\/a><\/h3>\n<div class=\"el-content uk-panel uk-margin-small-top\">\n<p>Mobilizare de for\u021be, \u00een aceast\u0103 diminea\u021b\u0103, pentru lichidarea unui incendiu violent izbucnit la o biseric\u0103 din lemn. Sursa de Vest See Full Bio<\/p>\n<\/div>\n<div class=\"uk-margin-top\"><a href=\"https:\/\/www.sursadevest.ro\/video-incendiu-puternic-la-o-biserica-de-langa-timisoara-au-intervenit-peste-20-de-pompieri\/\" class=\"el-link uk-button uk-button-text\">Vezi detalii<\/a><\/div>\n<\/div>\n<\/div>\n<div>\n<div class=\"el-item uk-panel uk-margin-remove-first-child\"><a href=\"https:\/\/www.sursadevest.ro\/se-opreste-apa-pe-mai-multe-strazi-din-timisoara-si-in-judet-aquatim-anunta-mai-multe-lucrari-la-retele\/\"><source type=\"image\/webp\" srcset=\"\/wp-content\/uploads\/yootheme\/cache\/69\/apa-69077778.webp 610w, \/wp-content\/uploads\/yootheme\/cache\/da\/apa-daa028b2.webp 768w, \/wp-content\/uploads\/yootheme\/cache\/39\/apa-39d52130.webp 938w\" sizes=\"(min-width: 610px) 610px\" \/><\/a><\/p>\n<div class=\"el-meta uk-h6 uk-text-primary uk-margin-top uk-margin-remove-bottom\"><time datetime=\"2026-04-07T07:39:00+02:00\">7 aprilie, 2026<\/time> | <a href=\"https:\/\/www.sursadevest.ro\/author\/petronela\/\">Sursa de Vest<\/a> | <a href=\"https:\/\/www.sursadevest.ro\/categorie\/stiri\/eveniment\/\" rel=\"tag\">Eveniment<\/a>, <a href=\"https:\/\/www.sursadevest.ro\/categorie\/stiri\/\" rel=\"tag\">\u0218tiri<\/a> | <a href=\"https:\/\/www.sursadevest.ro\/se-opreste-apa-pe-mai-multe-strazi-din-timisoara-si-in-judet-aquatim-anunta-mai-multe-lucrari-la-retele\/#respond\">Niciun comentariu<span class=\"screen-reader-text\"> la Se opre\u0219te apa pe mai multe str\u0103zi din Timi\u0219oara \u0219i \u00een jude\u021b! Aquatim anun\u021b\u0103 mai multe lucr\u0103ri la re\u021bele<\/span><\/a><\/div>\n<h3 class=\"el-title uk-h4 uk-link-reset uk-margin-small-top uk-margin-remove-bottom\"><a href=\"https:\/\/www.sursadevest.ro\/se-opreste-apa-pe-mai-multe-strazi-din-timisoara-si-in-judet-aquatim-anunta-mai-multe-lucrari-la-retele\/\">Se opre\u0219te apa pe mai multe str\u0103zi din Timi\u0219oara \u0219i \u00een jude\u021b! Aquatim anun\u021b\u0103 mai multe lucr\u0103ri la re\u021bele<\/a><\/h3>\n<div class=\"el-content uk-panel uk-margin-small-top\">\n<p>Aten\u021bie, se opre\u0219te apa \u00een Timi\u0219oara \u0219i \u00een mai multe localit\u0103\u021bi din jude\u021b, din cauza unor lucr\u0103ri programate de Aquatim. Sursa de Vest See Full Bio<\/p>\n<\/div>\n<div class=\"uk-margin-top\"><a href=\"https:\/\/www.sursadevest.ro\/se-opreste-apa-pe-mai-multe-strazi-din-timisoara-si-in-judet-aquatim-anunta-mai-multe-lucrari-la-retele\/\" class=\"el-link uk-button uk-button-text\">Vezi detalii<\/a><\/div>\n<\/div>\n<\/div>\n<div>\n<div class=\"el-item uk-panel uk-margin-remove-first-child\"><a href=\"https:\/\/www.sursadevest.ro\/cat-costa-masa-de-paste-in-pietele-din-timisoara-mielul-ramane-vedeta-dar-exista-alternative-mai-ieftine\/\"><source type=\"image\/webp\" srcset=\"\/wp-content\/uploads\/yootheme\/cache\/bb\/piata-bb2c13c7.webp 610w, \/wp-content\/uploads\/yootheme\/cache\/cb\/piata-cb769398.webp 802w\" sizes=\"(min-width: 610px) 610px\" \/><\/a><\/p>\n<div class=\"el-meta uk-h6 uk-text-primary uk-margin-top uk-margin-remove-bottom\"><time datetime=\"2026-04-07T07:00:00+02:00\">7 aprilie, 2026<\/time> | <a href=\"https:\/\/www.sursadevest.ro\/author\/petronela\/\">Sursa de Vest<\/a> | <a href=\"https:\/\/www.sursadevest.ro\/categorie\/stiri\/eveniment\/\" rel=\"tag\">Eveniment<\/a>, <a href=\"https:\/\/www.sursadevest.ro\/categorie\/stiri\/\" rel=\"tag\">\u0218tiri<\/a> | <a href=\"https:\/\/www.sursadevest.ro\/cat-costa-masa-de-paste-in-pietele-din-timisoara-mielul-ramane-vedeta-dar-exista-alternative-mai-ieftine\/#respond\">Niciun comentariu<span class=\"screen-reader-text\"> la C\u00e2t cost\u0103 masa de Pa\u0219te \u00een pie\u021bele din Timi\u0219oara? Mielul r\u0103m\u00e2ne vedeta, dar exist\u0103 alternative mai ieftine<\/span><\/a><\/div>\n<h3 class=\"el-title uk-h4 uk-link-reset uk-margin-small-top uk-margin-remove-bottom\"><a href=\"https:\/\/www.sursadevest.ro\/cat-costa-masa-de-paste-in-pietele-din-timisoara-mielul-ramane-vedeta-dar-exista-alternative-mai-ieftine\/\">C\u00e2t cost\u0103 masa de Pa\u0219te \u00een pie\u021bele din Timi\u0219oara? Mielul r\u0103m\u00e2ne vedeta, dar exist\u0103 alternative mai ieftine<\/a><\/h3>\n<div class=\"el-content uk-panel uk-margin-small-top\">\n<p>Cu doar c\u00e2teva zile \u00eenainte de Pa\u0219te, pie\u021bele din Timi\u0219oara s-au umplut de produse proaspete, iar comercian\u021bii spun c\u0103 oferta este variat\u0103, pentru toate buzunarele. Sursa de Vest See Full Bio<\/p>\n<\/div>\n<div class=\"uk-margin-top\"><a href=\"https:\/\/www.sursadevest.ro\/cat-costa-masa-de-paste-in-pietele-din-timisoara-mielul-ramane-vedeta-dar-exista-alternative-mai-ieftine\/\" class=\"el-link uk-button uk-button-text\">Vezi detalii<\/a><\/div>\n<\/div>\n<\/div>\n<div>\n<div class=\"el-item uk-panel uk-margin-remove-first-child\"><a href=\"https:\/\/www.sursadevest.ro\/a-fost-solicitat-elicopterul-smurd-dupa-un-impact-violent-intre-un-tir-si-o-masina-pe-autostrada-a1-un-om-a-murit\/\"><source type=\"image\/webp\" srcset=\"\/wp-content\/uploads\/yootheme\/cache\/8c\/elicopter-smurd-8c154d39.webp 660w\" sizes=\"(min-width: 610px) 610px\" \/><\/a><\/p>\n<div class=\"el-meta uk-h6 uk-text-primary uk-margin-top uk-margin-remove-bottom\"><time datetime=\"2026-04-06T18:37:21+02:00\">6 aprilie, 2026<\/time> | <a href=\"https:\/\/www.sursadevest.ro\/author\/petronela\/\">Sursa de Vest<\/a> | <a href=\"https:\/\/www.sursadevest.ro\/categorie\/stiri\/eveniment\/\" rel=\"tag\">Eveniment<\/a>, <a href=\"https:\/\/www.sursadevest.ro\/categorie\/stiri\/\" rel=\"tag\">\u0218tiri<\/a> | <a href=\"https:\/\/www.sursadevest.ro\/a-fost-solicitat-elicopterul-smurd-dupa-un-impact-violent-intre-un-tir-si-o-masina-pe-autostrada-a1-un-om-a-murit\/#respond\">Niciun comentariu<span class=\"screen-reader-text\"> la A fost solicitat elicopterul SMURD, dup\u0103 un impact violent \u00eentre un tir \u0219i o ma\u0219in\u0103, pe autostrada A1! Un om a murit<\/span><\/a><\/div>\n<h3 class=\"el-title uk-h4 uk-link-reset uk-margin-small-top uk-margin-remove-bottom\"><a href=\"https:\/\/www.sursadevest.ro\/a-fost-solicitat-elicopterul-smurd-dupa-un-impact-violent-intre-un-tir-si-o-masina-pe-autostrada-a1-un-om-a-murit\/\">A fost solicitat elicopterul SMURD, dup\u0103 un impact violent \u00eentre un tir \u0219i o ma\u0219in\u0103, pe autostrada A1! Un om a murit<\/a><\/h3>\n<div class=\"el-content uk-panel uk-margin-small-top\">\n<p>Un accident cumplit s-a petrecut \u00een urm\u0103 cu pu\u021bin timp, pe autostrada A1, la km 504, pe sensul de mers spre Arad. Sursa de Vest See Full Bio<\/p>\n<\/div>\n<div class=\"uk-margin-top\"><a href=\"https:\/\/www.sursadevest.ro\/a-fost-solicitat-elicopterul-smurd-dupa-un-impact-violent-intre-un-tir-si-o-masina-pe-autostrada-a1-un-om-a-murit\/\" class=\"el-link uk-button uk-button-text\">Vezi detalii<\/a><\/div>\n<\/div>\n<\/div>\n<div>\n<div class=\"el-item uk-panel uk-margin-remove-first-child\"><a href=\"https:\/\/www.sursadevest.ro\/program-incarcat-pentru-scm-politehnica-timisoara-la-baschet-si-handbal\/\"><source type=\"image\/webp\" srcset=\"\/wp-content\/uploads\/yootheme\/cache\/e3\/baschet-e330ca77.webp 610w, \/wp-content\/uploads\/yootheme\/cache\/2d\/baschet-2dd59cb9.webp 768w, \/wp-content\/uploads\/yootheme\/cache\/05\/baschet-05429508.webp 958w\" sizes=\"(min-width: 610px) 610px\" \/><\/a><\/p>\n<div class=\"el-meta uk-h6 uk-text-primary uk-margin-top uk-margin-remove-bottom\"><time datetime=\"2026-04-06T14:18:29+02:00\">6 aprilie, 2026<\/time> | <a href=\"https:\/\/www.sursadevest.ro\/author\/petronela\/\">Sursa de Vest<\/a> | <a href=\"https:\/\/www.sursadevest.ro\/categorie\/stiri\/sport\/\" rel=\"tag\">Sport<\/a>, <a href=\"https:\/\/www.sursadevest.ro\/categorie\/stiri\/\" rel=\"tag\">\u0218tiri<\/a> | <a href=\"https:\/\/www.sursadevest.ro\/program-incarcat-pentru-scm-politehnica-timisoara-la-baschet-si-handbal\/#respond\">Niciun comentariu<span class=\"screen-reader-text\"> la Program \u00eenc\u0103rcat pentru SCM Politehnica Timi\u0219oara la baschet \u0219i handbal!<\/span><\/a><\/div>\n<h3 class=\"el-title uk-h4 uk-link-reset uk-margin-small-top uk-margin-remove-bottom\"><a href=\"https:\/\/www.sursadevest.ro\/program-incarcat-pentru-scm-politehnica-timisoara-la-baschet-si-handbal\/\">Program \u00eenc\u0103rcat pentru SCM Politehnica Timi\u0219oara la baschet \u0219i handbal!<\/a><\/h3>\n<div class=\"el-content uk-panel uk-margin-small-top\">\n<p>Echipele SCM Politehnica Timi\u0219oara au \u00een fa\u021b\u0103 o s\u0103pt\u0103m\u00e2n\u0103 plin\u0103, cu meciuri importante at\u00e2t la nivel de seniori, c\u00e2t \u0219i la juniori. Sursa de Vest See Full Bio<\/p>\n<\/div>\n<div class=\"uk-margin-top\"><a href=\"https:\/\/www.sursadevest.ro\/program-incarcat-pentru-scm-politehnica-timisoara-la-baschet-si-handbal\/\" class=\"el-link uk-button uk-button-text\">Vezi detalii<\/a><\/div>\n<\/div>\n<\/div>\n<div>\n<div class=\"el-item uk-panel uk-margin-remove-first-child\"><a href=\"https:\/\/www.sursadevest.ro\/program-prelungit-pentru-mijloacele-de-transport-public-in-noaptea-de-inviere-cum-vor-circula-autobuzele-tramvaiele-si-troleibuzele-stpt\/\"><source type=\"image\/webp\" srcset=\"\/wp-content\/uploads\/yootheme\/cache\/ce\/tramvai-1-noaptea-ce84887a.webp 670w\" sizes=\"(min-width: 610px) 610px\" \/><\/a><\/p>\n<div class=\"el-meta uk-h6 uk-text-primary uk-margin-top uk-margin-remove-bottom\"><time datetime=\"2026-04-06T13:01:20+02:00\">6 aprilie, 2026<\/time> | <a href=\"https:\/\/www.sursadevest.ro\/author\/petronela\/\">Sursa de Vest<\/a> | <a href=\"https:\/\/www.sursadevest.ro\/categorie\/stiri\/eveniment\/\" rel=\"tag\">Eveniment<\/a>, <a href=\"https:\/\/www.sursadevest.ro\/categorie\/stiri\/\" rel=\"tag\">\u0218tiri<\/a> | <a href=\"https:\/\/www.sursadevest.ro\/program-prelungit-pentru-mijloacele-de-transport-public-in-noaptea-de-inviere-cum-vor-circula-autobuzele-tramvaiele-si-troleibuzele-stpt\/#respond\">Niciun comentariu<span class=\"screen-reader-text\"> la Program prelungit pentru mijloacele de transport public, \u00een noaptea de \u00cenviere! Cum vor circula autobuzele, tramvaiele \u0219i troleibuzele STPT?<\/span><\/a><\/div>\n<h3 class=\"el-title uk-h4 uk-link-reset uk-margin-small-top uk-margin-remove-bottom\"><a href=\"https:\/\/www.sursadevest.ro\/program-prelungit-pentru-mijloacele-de-transport-public-in-noaptea-de-inviere-cum-vor-circula-autobuzele-tramvaiele-si-troleibuzele-stpt\/\">Program prelungit pentru mijloacele de transport public, \u00een noaptea de \u00cenviere! Cum vor circula autobuzele, tramvaiele \u0219i troleibuzele STPT?<\/a><\/h3>\n<div class=\"el-content uk-panel uk-margin-small-top\">\n<p>Societatea de Transport Public Timi\u0219oara asigur\u0103 transportul \u00een comun, cu program extins, \u00een noaptea zilei de 11 aprilie, cu ocazia oficierii slujbelor religioase de Pa\u0219ti. Sursa de Vest See Full Bio<\/p>\n<\/div>\n<div class=\"uk-margin-top\"><a href=\"https:\/\/www.sursadevest.ro\/program-prelungit-pentru-mijloacele-de-transport-public-in-noaptea-de-inviere-cum-vor-circula-autobuzele-tramvaiele-si-troleibuzele-stpt\/\" class=\"el-link uk-button uk-button-text\">Vezi detalii<\/a><\/div>\n<\/div>\n<\/div>\n<div>\n<div class=\"el-item uk-panel uk-margin-remove-first-child\"><a href=\"https:\/\/www.sursadevest.ro\/destinatia-perfecta-de-paste-la-doi-pasi-de-timisoara-500-de-euro-un-sejur-de-patru-zile-la-hotelurile-de-patru-stele-cu-acces-la-spa\/\"><img decoding=\"async\" class=\"el-image uk-border-rounded\" src=\"https:\/\/www.sursadevest.ro\/wp-content\/uploads\/2026\/04\/spa-timisoara.gif\" alt loading=\"lazy\" width=\"610\" height=\"339\"><\/a><\/p>\n<div class=\"el-meta uk-h6 uk-text-primary uk-margin-top uk-margin-remove-bottom\"><time datetime=\"2026-04-06T13:01:02+02:00\">6 aprilie, 2026<\/time> | <a href=\"https:\/\/www.sursadevest.ro\/author\/petronela\/\">Sursa de Vest<\/a> | <a href=\"https:\/\/www.sursadevest.ro\/categorie\/stiri\/eveniment\/\" rel=\"tag\">Eveniment<\/a>, <a href=\"https:\/\/www.sursadevest.ro\/categorie\/stiri\/social\/\" rel=\"tag\">Social<\/a>, <a href=\"https:\/\/www.sursadevest.ro\/categorie\/stiri\/\" rel=\"tag\">\u0218tiri<\/a> | <a href=\"https:\/\/www.sursadevest.ro\/destinatia-perfecta-de-paste-la-doi-pasi-de-timisoara-500-de-euro-un-sejur-de-patru-zile-la-hotelurile-de-patru-stele-cu-acces-la-spa\/#respond\">Niciun comentariu<span class=\"screen-reader-text\"> la Destina\u021bia perfect\u0103 de Pa\u0219te, la doi pa\u0219i de Timi\u0219oara! 500 de euro, un sejur de patru zile, la   hotelurile de patru stele cu acces la spa<\/span><\/a><\/div>\n<h3 class=\"el-title uk-h4 uk-link-reset uk-margin-small-top uk-margin-remove-bottom\"><a href=\"https:\/\/www.sursadevest.ro\/destinatia-perfecta-de-paste-la-doi-pasi-de-timisoara-500-de-euro-un-sejur-de-patru-zile-la-hotelurile-de-patru-stele-cu-acces-la-spa\/\">Destina\u021bia perfect\u0103 de Pa\u0219te, la doi pa\u0219i de Timi\u0219oara! 500 de euro, un sejur de patru zile, la   hotelurile de patru stele cu acces la spa<\/a><\/h3>\n<div class=\"el-content uk-panel uk-margin-small-top\">\n<p>Pentru timi\u0219orenii care vor s\u0103 plece de Pa\u0219te f\u0103r\u0103 drumuri lungi \u0219i f\u0103r\u0103 costuri ridicate, Ungaria devine una dintre cele mai potrivite op\u021biuni. Sursa de Vest See Full Bio<\/p>\n<\/div>\n<div class=\"uk-margin-top\"><a href=\"https:\/\/www.sursadevest.ro\/destinatia-perfecta-de-paste-la-doi-pasi-de-timisoara-500-de-euro-un-sejur-de-patru-zile-la-hotelurile-de-patru-stele-cu-acces-la-spa\/\" class=\"el-link uk-button uk-button-text\">Vezi detalii<\/a><\/div>\n<\/div>\n<\/div>\n<\/div>\n<\/div>\n<\/div>\n<div class=\"uk-width-1-3@m\">\n<h2 class=\"uk-h4\">\n<p>                    Alte articole        <\/p>\n<\/h2>\n<div class=\"uk-margin\">\n<div class=\"uk-grid uk-child-width-1-1 uk-child-width-1-2@s uk-child-width-1-1@m uk-grid-small uk-grid-divider uk-grid-match\">\n<div>\n<div class=\"el-item uk-panel\">\n<div class=\"uk-grid-column-small\">\n<div class=\"uk-width-auto\"><a href=\"https:\/\/www.sursadevest.ro\/doliu-in-lumea-fotbalului-mircea-lucescu-cel-mai-titrat-antrenor-roman-s-a-stins-din-viata\/\"><img decoding=\"async\" class=\"el-image\" src=\"https:\/\/www.sursadevest.ro\/wp-content\/uploads\/2026\/02\/mircea-lucescu.gif\" alt loading=\"lazy\" width=\"75\" height=\"75\"><\/a><\/div>\n<div class=\"uk-width-expand uk-margin-remove-first-child\">\n<div class=\"el-meta uk-h6 uk-text-primary uk-margin-top uk-margin-remove-bottom\">7 aprilie, 2026<\/div>\n<h3 class=\"el-title uk-h5 uk-link-reset uk-margin-remove-top uk-margin-remove-bottom\"><a href=\"https:\/\/www.sursadevest.ro\/doliu-in-lumea-fotbalului-mircea-lucescu-cel-mai-titrat-antrenor-roman-s-a-stins-din-viata\/\">Doliu \u00een lumea fotbalului! Mircea Lucescu, cel mai titrat antrenor rom\u00e2n, s-a stins din via\u021b\u0103!<\/a><\/h3>\n<div class=\"uk-margin-small-top\"><a href=\"https:\/\/www.sursadevest.ro\/doliu-in-lumea-fotbalului-mircea-lucescu-cel-mai-titrat-antrenor-roman-s-a-stins-din-viata\/\" class=\"el-link uk-button uk-button-text\">Vezi detalii<\/a><\/div>\n<\/div>\n<\/div>\n<\/div>\n<\/div>\n<div>\n<div class=\"el-item uk-panel\">\n<div class=\"uk-grid-column-small\">\n<div class=\"uk-width-auto\"><a href=\"https:\/\/www.sursadevest.ro\/garana-jazz-festival-aniverseaza-30-de-ani-cu-artisti-din-16-tari-si-patru-zile-de-concerte-in-mijlocul-naturii\/\"><source type=\"image\/webp\" srcset=\"\/wp-content\/uploads\/yootheme\/cache\/aa\/garana-jazz-aa026261.webp 150w\" sizes=\"(min-width: 75px) 75px\" \/><\/a><\/div>\n<div class=\"uk-width-expand uk-margin-remove-first-child\">\n<div class=\"el-meta uk-h6 uk-text-primary uk-margin-top uk-margin-remove-bottom\">7 aprilie, 2026<\/div>\n<h3 class=\"el-title uk-h5 uk-link-reset uk-margin-remove-top uk-margin-remove-bottom\"><a href=\"https:\/\/www.sursadevest.ro\/garana-jazz-festival-aniverseaza-30-de-ani-cu-artisti-din-16-tari-si-patru-zile-de-concerte-in-mijlocul-naturii\/\">G\u0103r\u00e2na Jazz Festival aniverseaz\u0103 30 de ani cu arti\u0219ti din 16 \u021b\u0103ri \u0219i patru zile de concerte \u00een mijlocul naturii!<\/a><\/h3>\n<div class=\"uk-margin-small-top\"><a href=\"https:\/\/www.sursadevest.ro\/garana-jazz-festival-aniverseaza-30-de-ani-cu-artisti-din-16-tari-si-patru-zile-de-concerte-in-mijlocul-naturii\/\" class=\"el-link uk-button uk-button-text\">Vezi detalii<\/a><\/div>\n<\/div>\n<\/div>\n<\/div>\n<\/div>\n<div>\n<div class=\"el-item uk-panel uk-margin-remove-first-child\">\n<div class=\"el-meta uk-h6 uk-text-primary uk-margin-top uk-margin-remove-bottom\">7 aprilie, 2026<\/div>\n<h3 class=\"el-title uk-h5 uk-link-reset uk-margin-remove-top uk-margin-remove-bottom\"><a href=\"https:\/\/www.sursadevest.ro\/ips-ioan-selejan-mitropolitul-banatului-la-stirea-din-spatele-stirii\/\">\u00cePS Ioan Selejan, Mitropolitul Banatului, la \u201e\u0218tirea din Spatele \u0218tirii\u201d<\/a><\/h3>\n<div class=\"uk-margin-small-top\"><a href=\"https:\/\/www.sursadevest.ro\/ips-ioan-selejan-mitropolitul-banatului-la-stirea-din-spatele-stirii\/\" class=\"el-link uk-button uk-button-text\">Vezi detalii<\/a><\/div>\n<\/div>\n<\/div>\n<div>\n<div class=\"el-item uk-panel\">\n<div class=\"uk-grid-column-small\">\n<div class=\"uk-width-auto\"><a href=\"https:\/\/www.sursadevest.ro\/video-presedintele-nicusor-dan-despre-controversele-din-jurul-lui-alfred-simonis-eu-nu-am-o-protectie-in-care-sa-bag-pe-cineva-traim-intr-un-stat-de-drept-cu-constitutie-cu-legi\/\"><img decoding=\"async\" class=\"el-image\" src=\"https:\/\/www.sursadevest.ro\/wp-content\/uploads\/2026\/04\/nicusor-dan.gif\" alt loading=\"lazy\" width=\"75\" height=\"75\"><\/a><\/div>\n<div class=\"uk-width-expand uk-margin-remove-first-child\">\n<div class=\"el-meta uk-h6 uk-text-primary uk-margin-top uk-margin-remove-bottom\">7 aprilie, 2026<\/div>\n<h3 class=\"el-title uk-h5 uk-link-reset uk-margin-remove-top uk-margin-remove-bottom\"><a href=\"https:\/\/www.sursadevest.ro\/video-presedintele-nicusor-dan-despre-controversele-din-jurul-lui-alfred-simonis-eu-nu-am-o-protectie-in-care-sa-bag-pe-cineva-traim-intr-un-stat-de-drept-cu-constitutie-cu-legi\/\">Video: Pre\u0219edintele Nicu\u0219or Dan, despre controversele din jurul lui Alfred Simonis: Eu nu am o protec\u021bie \u00een care s\u0103 bag pe cineva. Tr\u0103im \u00eentr-un stat de drept, cu Constitu\u021bie, cu legi<\/a><\/h3>\n<div class=\"uk-margin-small-top\"><a href=\"https:\/\/www.sursadevest.ro\/video-presedintele-nicusor-dan-despre-controversele-din-jurul-lui-alfred-simonis-eu-nu-am-o-protectie-in-care-sa-bag-pe-cineva-traim-intr-un-stat-de-drept-cu-constitutie-cu-legi\/\" class=\"el-link uk-button uk-button-text\">Vezi detalii<\/a><\/div>\n<\/div>\n<\/div>\n<\/div>\n<\/div>\n<\/div>\n<\/div>\n<div class=\"uk-margin-remove-vertical\">\n<div class=\"uk-grid uk-child-width-1-1 uk-grid-small uk-grid-divider uk-grid-match\">\n<div>\n<div class=\"el-item uk-panel\"><a href=\"https:\/\/xpilatesspa.ro\" target=\"_blank\"><\/p>\n<div class=\"uk-inline-clip uk-transition-toggle\"><source type=\"image\/webp\" srcset=\"\/wp-content\/uploads\/yootheme\/cache\/4f\/WhatsApp-Image-2025-07-16-at-153218_b2c81b10-4f95fb31.webp 768w, https:\/\/www.sursadevest.ro\/index.php?yootheme=cache\/c3\/WhatsApp-Image-2025-07-16-at-153218_b2c81b10-c35bc934.webp&amp;src=wp-content\/uploads\/2025\/07\/WhatsApp-Image-2025-07-16-at-153218_b2c81b10.jpg&amp;thumbnail=1024,1019,&amp;type=webp,85&amp;hash=ee2873d9 1024w, \/wp-content\/uploads\/yootheme\/cache\/c8\/WhatsApp-Image-2025-07-16-at-153218_b2c81b10-c8fb1140.webp 1366w, \/wp-content\/uploads\/yootheme\/cache\/8a\/WhatsApp-Image-2025-07-16-at-153218_b2c81b10-8aa1972b.webp 1600w\" sizes=\"(min-width: 1600px) 1600px\" \/><\/div>\n<p><\/a><\/p>\n<div class=\"uk-padding-small uk-margin-remove-first-child\">\n<div class=\"el-meta uk-text-meta uk-margin-small-top\">XPilates &amp; Spa<\/div>\n<div class=\"uk-margin-small-top\"><a href=\"https:\/\/xpilatesspa.ro\" target=\"_blank\" class=\"el-link uk-button uk-button-text\">Vezi detalii<\/a><\/div>\n<\/div>\n<\/div>\n<\/div>\n<div>\n<div class=\"el-item uk-panel\"><a href=\"https:\/\/retim.ro\/utile-timis\/abonamentul-verde\/\" target=\"_blank\"><\/p>\n<div class=\"uk-inline-clip uk-transition-toggle\"><img loading=\"lazy\" decoding=\"async\" class=\"el-image uk-transition-scale-down uk-transition-opaque\" src=\"https:\/\/www.sursadevest.ro\/wp-content\/uploads\/2024\/10\/ReTIM-Abonamentul-Verde-Google-Ads-300x250px.gif\" alt width=\"300\" height=\"250\"><\/div>\n<p><\/a><\/p>\n<div class=\"uk-padding-small uk-margin-remove-first-child\">\n<div class=\"el-meta uk-text-meta uk-margin-small-top\">Retim Ecologic Service<\/div>\n<div class=\"uk-margin-small-top\"><a href=\"https:\/\/retim.ro\/utile-timis\/abonamentul-verde\/\" target=\"_blank\" class=\"el-link uk-button uk-button-text\">Vezi detalii<\/a><\/div>\n<\/div>\n<\/div>\n<\/div>\n<div>\n<div class=\"el-item uk-panel\"><a href=\"https:\/\/rmnimagisticas.ro\/\" target=\"_blank\"><\/p>\n<div class=\"uk-inline-clip uk-transition-toggle\"><source type=\"image\/webp\" srcset=\"\/wp-content\/uploads\/yootheme\/cache\/86\/RMN-Imagistica-86a88a5a.webp 450w\" sizes=\"(min-width: 450px) 450px\" \/><\/div>\n<p><\/a><\/p>\n<div class=\"uk-padding-small uk-margin-remove-first-child\">\n<div class=\"el-meta uk-text-meta uk-margin-small-top\">RMN ImagisticAS<\/div>\n<div class=\"uk-margin-small-top\"><a href=\"https:\/\/rmnimagisticas.ro\/\" target=\"_blank\" class=\"el-link uk-button uk-button-text\">Vezi detalii<\/a><\/div>\n<\/div>\n<\/div>\n<\/div>\n<div>\n<div class=\"el-item uk-panel\"><a href=\"https:\/\/ro.san-marco.com\/\" target=\"_blank\"><\/p>\n<div class=\"uk-inline-clip uk-transition-toggle\"><source type=\"image\/webp\" srcset=\"\/wp-content\/uploads\/yootheme\/cache\/df\/sanmarco-df655601.webp 450w\" sizes=\"(min-width: 450px) 450px\" \/><\/div>\n<p><\/a><\/p>\n<div class=\"uk-padding-small uk-margin-remove-first-child\">\n<div class=\"el-meta uk-text-meta uk-margin-small-top\">San Marco<\/div>\n<div class=\"uk-margin-small-top\"><a href=\"https:\/\/ro.san-marco.com\/\" target=\"_blank\" class=\"el-link uk-button uk-button-text\">Vezi detalii<\/a><\/div>\n<\/div>\n<\/div>\n<\/div>\n<div>\n<div class=\"el-item uk-panel\"><a href=\"https:\/\/afiom.ro\/doneaza\" target=\"_blank\"><\/p>\n<div class=\"uk-inline-clip uk-transition-toggle\"><img loading=\"lazy\" decoding=\"async\" class=\"el-image uk-transition-scale-down uk-transition-opaque\" src=\"https:\/\/www.sursadevest.ro\/wp-content\/uploads\/2024\/12\/AfiOM_Sites_350x350_Mamici.gif\" alt width=\"350\" height=\"350\"><\/div>\n<p><\/a><\/p>\n<div class=\"uk-padding-small uk-margin-remove-first-child\">\n<div class=\"el-meta uk-text-meta uk-margin-small-top\">A fi om!<\/div>\n<div class=\"uk-margin-small-top\"><a href=\"https:\/\/afiom.ro\/doneaza\" target=\"_blank\" class=\"el-link uk-button uk-button-text\">Vezi detalii<\/a><\/div>\n<\/div>\n<\/div>\n<\/div>\n<div>\n<div class=\"el-item uk-panel\"><a href=\"https:\/\/afiom.ro\/doneaza\" target=\"_blank\"><\/p>\n<div class=\"uk-inline-clip uk-transition-toggle\"><img loading=\"lazy\" decoding=\"async\" class=\"el-image uk-transition-scale-down uk-transition-opaque\" src=\"https:\/\/www.sursadevest.ro\/wp-content\/uploads\/2024\/12\/AfiOM_Sites_350x350_Sport.gif\" alt width=\"350\" height=\"350\"><\/div>\n<p><\/a><\/p>\n<div class=\"uk-padding-small uk-margin-remove-first-child\">\n<div class=\"el-meta uk-text-meta uk-margin-small-top\">A fi om!<\/div>\n<div class=\"uk-margin-small-top\"><a href=\"https:\/\/afiom.ro\/doneaza\" target=\"_blank\" class=\"el-link uk-button uk-button-text\">Vezi detalii<\/a><\/div>\n<\/div>\n<\/div>\n<\/div>\n<div>\n<div class=\"el-item uk-panel uk-margin-remove-first-child\">\n<div class=\"el-meta uk-text-meta uk-margin-small-top\">For\u021ba Dreptei<\/div>\n<\/div>\n<\/div>\n<div>\n<div class=\"el-item uk-panel\"><a href=\"https:\/\/www.igard.ro\" target=\"_blank\"><\/p>\n<div class=\"uk-inline-clip uk-transition-toggle\"><source type=\"image\/webp\" srcset=\"\/wp-content\/uploads\/yootheme\/cache\/8c\/iGard-0124-02-8cb83681.webp 768w, \/wp-content\/uploads\/yootheme\/cache\/89\/iGard-0124-02-894b8f7b.webp 1080w\" sizes=\"(min-width: 1080px) 1080px\" \/><\/div>\n<p><\/a><\/p>\n<div class=\"uk-padding-small uk-margin-remove-first-child\">\n<div class=\"el-meta uk-text-meta uk-margin-small-top\">iGard panouri de gard \u2013 www.igard.ro<\/div>\n<div class=\"uk-margin-small-top\"><a href=\"https:\/\/www.igard.ro\" target=\"_blank\" class=\"el-link uk-button uk-button-text\">Vezi detalii<\/a><\/div>\n<\/div>\n<\/div>\n<\/div>\n<div>\n<div class=\"el-item uk-panel\">\n<div class=\"uk-inline-clip uk-transition-toggle\"><source type=\"image\/webp\" srcset=\"\/wp-content\/uploads\/yootheme\/cache\/f2\/atc-small-f2c6a401.webp 600w\" sizes=\"(min-width: 600px) 600px\" \/><\/div>\n<div class=\"uk-padding-small uk-margin-remove-first-child\">\n<div class=\"el-meta uk-text-meta uk-margin-small-top\">ATC BAUDESIGN<\/div>\n<\/div>\n<\/div>\n<\/div>\n<\/div>\n<\/div>\n<\/div>\n<\/div>\n<\/div>\n<\/div>\n<div class=\"aioseo-author-bio-compact\">\n<div class=\"aioseo-author-bio-compact-left\"><img decoding=\"async\" class=\"aioseo-author-bio-compact-image\" src=\"https:\/\/secure.gravatar.com\/avatar\/501cbb41fb946fd7475cb910bea8645fcd5f3c573a38078115f3b3b589fd7a2a?s=300&amp;d=mm&amp;r=g\" alt=\"author avatar\"><\/div>\n<div class=\"aioseo-author-bio-compact-right\">\n<div class=\"aioseo-author-bio-compact-header\"><span class=\"author-name\">Sursa de Vest<\/span><\/div>\n<div class=\"aioseo-author-bio-compact-main\">\n<div class=\"author-bio-link\"><a href=\"https:\/\/www.sursadevest.ro\/author\/petronela\/\">See Full Bio<\/a><\/div>\n<\/div>\n<\/div>\n<\/div>\n<p><\/main><\/p>\n<p>[analyse_source url=&#8221;https:\/\/www.sursadevest.ro\/presiune-tot-mai-mare-asupra-sistemului-medical-din-timisoara-peste-82-000-de-consultatii-in-ambulatoriul-spitalului-municipal-in-2025\/&#8221;]<\/p>\n","protected":false},"excerpt":{"rendered":"<p>[analyse_image type=&#8221;featured&#8221; src=&#8221;https:\/\/www.sursadevest.ro\/wp-content\/uploads\/2023\/04\/consultatie-doctor.JPG&#8221;] Presiune tot mai mare asupra sistemului medical din Timi\u0219oara! Peste 82.000 de consulta\u021bii \u00een ambulatoriul Spitalului Municipal, \u00een 2025 7 aprilie, 2026 | Sursa de Vest | Eveniment, S\u0103n\u0103tate, \u0218tiri | Niciun comentariu la Presiune tot mai mare asupra sistemului medical din Timi\u0219oara! Peste 82.000 de consulta\u021bii \u00een ambulatoriul Spitalului Municipal, \u00een [&hellip;]<\/p>\n","protected":false},"author":1,"featured_media":0,"comment_status":"open","ping_status":"","sticky":false,"template":"","format":"standard","meta":{"footnotes":""},"categories":[89],"tags":[226,200],"class_list":["post-1871035","post","type-post","status-publish","format-standard","hentry","category-romania","tag-crawlmanager","tag-sursadevest-ro"],"_links":{"self":[{"href":"https:\/\/analyse.optim.biz\/index.php?rest_route=\/wp\/v2\/posts\/1871035","targetHints":{"allow":["GET"]}}],"collection":[{"href":"https:\/\/analyse.optim.biz\/index.php?rest_route=\/wp\/v2\/posts"}],"about":[{"href":"https:\/\/analyse.optim.biz\/index.php?rest_route=\/wp\/v2\/types\/post"}],"author":[{"embeddable":true,"href":"https:\/\/analyse.optim.biz\/index.php?rest_route=\/wp\/v2\/users\/1"}],"replies":[{"embeddable":true,"href":"https:\/\/analyse.optim.biz\/index.php?rest_route=%2Fwp%2Fv2%2Fcomments&post=1871035"}],"version-history":[{"count":0,"href":"https:\/\/analyse.optim.biz\/index.php?rest_route=\/wp\/v2\/posts\/1871035\/revisions"}],"wp:attachment":[{"href":"https:\/\/analyse.optim.biz\/index.php?rest_route=%2Fwp%2Fv2%2Fmedia&parent=1871035"}],"wp:term":[{"taxonomy":"category","embeddable":true,"href":"https:\/\/analyse.optim.biz\/index.php?rest_route=%2Fwp%2Fv2%2Fcategories&post=1871035"},{"taxonomy":"post_tag","embeddable":true,"href":"https:\/\/analyse.optim.biz\/index.php?rest_route=%2Fwp%2Fv2%2Ftags&post=1871035"}],"curies":[{"name":"wp","href":"https:\/\/api.w.org\/{rel}","templated":true}]}}