{"id":187078,"date":"2015-02-02T17:22:18","date_gmt":"2015-02-02T14:22:18","guid":{"rendered":"https:\/\/analyse.optim.biz\/?p=187078"},"modified":"2015-02-02T17:22:18","modified_gmt":"2015-02-02T14:22:18","slug":"mesajul-presedintelui-klaus-iohannis-pentru-tinerii-magistrati","status":"publish","type":"post","link":"https:\/\/analyse.optim.biz\/?p=187078","title":{"rendered":"Mesajul pre\u0219edintelui Klaus Iohannis pentru tinerii magistra\u021bi"},"content":{"rendered":"<div class=\"entry data-app-meta data-app-meta-article\" data-embed-base-url-canonical=\"https:\/\/www.digi24.ro\/embed\/stiri\/actualitate\/politica\/mesajul-presedintelui-klaus-iohannis-pentru-tinerii-magistrati-354686\">\n<p data-index=\"1\">\u015eeful statului le-a dat \u015fi un sfat: s\u0103 fie \u00een slujba cet\u0103\u0163eanului, independen\u0163i, echidistan\u0163i \u015fi responsabili.<\/p>\n<p data-index=\"2\">\u201e\u00cemi doresc s\u0103 nu uita\u021bi c\u0103 Justi\u021bia este, ca \u0219i noi to\u021bi, \u00een slujba cet\u0103\u021beanului. \u00cen paralel cu principiile independen\u021bei, echidistan\u021bei \u0219i responsabilit\u0103\u021bii, s\u0103 nu uita\u021bi c\u0103 \u00een fa\u021ba dumneavoastr\u0103 se afl\u0103 oameni \u0219i \u00eentotdeauna c\u00e2nd lucra\u021bi cu oameni e nevoie de respect \u0219i deferen\u021b\u0103\u201d, a spus Klaus Iohannis. \u00a0<\/p>\n<p data-index=\"3\">Pre\u0219edintele a postat pe Facebook mai multe fotografii de la eveniment.<\/p>\n<div class=\"fb-post\">\n<div class=\"fb-xfbml-parse-ignore\"><a href=\"https:\/\/www.facebook.com\/media\/set\/?set=a.776178209136099.1073741919.632184113535510&amp;type=1\" data-skip-linkfix=\"1\">Post<\/a> by <a href=\"https:\/\/www.facebook.com\/klausiohannis\" data-skip-linkfix=\"1\">Klaus Iohannis<\/a>.<\/div>\n<\/div>\n<\/div>\n<p> Source URL: https:\/\/www.digi24.ro\/stiri\/actualitate\/politica\/mesajul-presedintelui-klaus-iohannis-pentru-tinerii-magistrati-354686<\/p>\n","protected":false},"excerpt":{"rendered":"<p>\u015eeful statului le-a dat \u015fi un sfat: s\u0103 fie \u00een slujba cet\u0103\u0163eanului, independen\u0163i, echidistan\u0163i \u015fi responsabili. \u201e\u00cemi doresc s\u0103 nu uita\u021bi c\u0103 Justi\u021bia este, ca \u0219i noi to\u021bi, \u00een slujba cet\u0103\u021beanului. \u00cen paralel cu principiile independen\u021bei, echidistan\u021bei \u0219i responsabilit\u0103\u021bii, s\u0103 nu uita\u021bi c\u0103 \u00een fa\u021ba dumneavoastr\u0103 se afl\u0103 oameni \u0219i \u00eentotdeauna c\u00e2nd lucra\u021bi cu oameni [&hellip;]<\/p>\n","protected":false},"author":1,"featured_media":187079,"comment_status":"open","ping_status":"","sticky":false,"template":"","format":"standard","meta":{"footnotes":""},"categories":[2],"tags":[11],"class_list":["post-187078","post","type-post","status-publish","format-standard","has-post-thumbnail","hentry","category-politics","tag-digi24"],"_links":{"self":[{"href":"https:\/\/analyse.optim.biz\/index.php?rest_route=\/wp\/v2\/posts\/187078","targetHints":{"allow":["GET"]}}],"collection":[{"href":"https:\/\/analyse.optim.biz\/index.php?rest_route=\/wp\/v2\/posts"}],"about":[{"href":"https:\/\/analyse.optim.biz\/index.php?rest_route=\/wp\/v2\/types\/post"}],"author":[{"embeddable":true,"href":"https:\/\/analyse.optim.biz\/index.php?rest_route=\/wp\/v2\/users\/1"}],"replies":[{"embeddable":true,"href":"https:\/\/analyse.optim.biz\/index.php?rest_route=%2Fwp%2Fv2%2Fcomments&post=187078"}],"version-history":[{"count":0,"href":"https:\/\/analyse.optim.biz\/index.php?rest_route=\/wp\/v2\/posts\/187078\/revisions"}],"wp:featuredmedia":[{"embeddable":true,"href":"https:\/\/analyse.optim.biz\/index.php?rest_route=\/wp\/v2\/media\/187079"}],"wp:attachment":[{"href":"https:\/\/analyse.optim.biz\/index.php?rest_route=%2Fwp%2Fv2%2Fmedia&parent=187078"}],"wp:term":[{"taxonomy":"category","embeddable":true,"href":"https:\/\/analyse.optim.biz\/index.php?rest_route=%2Fwp%2Fv2%2Fcategories&post=187078"},{"taxonomy":"post_tag","embeddable":true,"href":"https:\/\/analyse.optim.biz\/index.php?rest_route=%2Fwp%2Fv2%2Ftags&post=187078"}],"curies":[{"name":"wp","href":"https:\/\/api.w.org\/{rel}","templated":true}]}}