{"id":187067,"date":"2015-02-02T21:23:34","date_gmt":"2015-02-02T18:23:34","guid":{"rendered":"https:\/\/analyse.optim.biz\/?p=187067"},"modified":"2015-02-02T21:23:34","modified_gmt":"2015-02-02T18:23:34","slug":"elena-udrea-i-am-spus-lui-t-basescu-faptul-ca-lui-d-cocos-i-s-au-cerut-bani-de-catre-f-coldea","status":"publish","type":"post","link":"https:\/\/analyse.optim.biz\/?p=187067","title":{"rendered":"Elena Udrea: I-am spus lui T. B\u0103sescu faptul c\u0103 lui D. Coco\u0219 i s-au cerut bani de c\u0103tre F. Coldea"},"content":{"rendered":"<div class=\"entry data-app-meta data-app-meta-article\" data-embed-base-url-canonical=\"https:\/\/www.digi24.ro\/embed\/stiri\/actualitate\/politica\/elena-udrea-i-am-spus-lui-t-basescu-faptul-ca-lui-d-cocos-i-s-au-cerut-bani-de-catre-f-coldea-354799\">\n<p data-index=\"1\">\u201eI-am spus \u015fi pre\u015fedintelui. Ce a f\u0103cut el va trebui s\u0103 \u00eel \u00eentreba\u0163i pe d\u00e2nsul. Nu vreau s\u0103 discut despre ce a spus pre\u015fedintele Traian B\u0103sescu. M\u0103 surprinde \u00een schimb c\u0103 toat\u0103 lumea a\u015fteapt\u0103 \u015fi \u00eencearc\u0103 s\u0103 provoace o reac\u0163ie a pre\u015fedintelui. Nu ar fi mai simplu s\u0103 \u00eel \u00eentreb\u0103m \u00eenainte pe Dorin Coco\u015f, pe Alin Coco\u015f?\u201d, a declarat Elena Udrea.<\/p>\n<p data-index=\"2\">\u201eScandalul care s-a iscat nu s-a iscat zilele acestea. Este nefiresc c\u0103, dintre at\u00e2t de multe nume vehiculate \u00een dosare penale, oameni implica\u0163i, \u00eempotriva c\u0103rora s-au f\u0103cut denun\u0163uri \u015fi nu sunt subiect de pres\u0103, eu am fost, de luni de zile, \u00een mijlocul unor dezbateri acuzatoare \u00een condi\u021biile \u00een care, p\u00e2n\u0103 joi, nu era nicio acuza\u0163ie la adresa mea. Am reclamat asta \u015fi am spus c\u0103 mi se pare nejustificat \u015fi \u00een spatele acestei aten\u0163ii nejustificate trebuie s\u0103 fie ceva\u201d, a spus Elena Udrea.<\/p>\n<p data-index=\"3\">\u201e\u0218tiu exact ce se afl\u0103 \u00een spate. Tactica a fost ca numele meu s\u0103 fie implicat \u00een c\u00e2t mai multe discu\u0163ii cu iz penal, \u00een a\u0219a fel \u00eenc\u00e2t c\u00e2nd se va formula o acuza\u0163ie oficial\u0103, nimeni s\u0103 nu se mai mire. Am avut o discu\u0163ie cu cei din Parchet \u015fi DNA, care mi-au spus c\u0103 \u00een dezbaterea public\u0103 e o mare a\u015fteptare ca \u015fi eu s\u0103 fiu chemat\u0103 la DNA. E o tactic\u0103 de comunicare care face parte din aceast\u0103 strategie \u00eempotriva mea\u201d, a ad\u0103ugat Elena Udrea.<\/p>\n<p data-index=\"4\">\u201eNu spun c\u0103 nu trebuie chemat\u0103 Elena Udrea \u00een aceste dosare, nu contest m\u0103sura de \u00eencepere a urm\u0103ririi penale \u015fi controlul judiciar, mi-am retras contesta\u0163ia. \u00cen\u0163eleg demersul procurorilor, problema e c\u0103 toate lucrurile astea vin pe fondul unei agita\u0163ii extraordinare \u00een pres\u0103, care dureaz\u0103 de luni de zile\u201d, a mai spus Elena Udrea, sus\u021bin\u00e2nd c\u0103 exist\u0103 o strategie pentru decredibilizarea \u0219i reducerea ei la t\u0103cere.\u00a0<\/p>\n<\/div>\n<p> Source URL: https:\/\/www.digi24.ro\/stiri\/actualitate\/politica\/elena-udrea-i-am-spus-lui-t-basescu-faptul-ca-lui-d-cocos-i-s-au-cerut-bani-de-catre-f-coldea-354799<\/p>\n","protected":false},"excerpt":{"rendered":"<p>\u201eI-am spus \u015fi pre\u015fedintelui. Ce a f\u0103cut el va trebui s\u0103 \u00eel \u00eentreba\u0163i pe d\u00e2nsul. Nu vreau s\u0103 discut despre ce a spus pre\u015fedintele Traian B\u0103sescu. M\u0103 surprinde \u00een schimb c\u0103 toat\u0103 lumea a\u015fteapt\u0103 \u015fi \u00eencearc\u0103 s\u0103 provoace o reac\u0163ie a pre\u015fedintelui. Nu ar fi mai simplu s\u0103 \u00eel \u00eentreb\u0103m \u00eenainte pe Dorin Coco\u015f, pe [&hellip;]<\/p>\n","protected":false},"author":1,"featured_media":187068,"comment_status":"open","ping_status":"","sticky":false,"template":"","format":"standard","meta":{"footnotes":""},"categories":[2],"tags":[11],"class_list":["post-187067","post","type-post","status-publish","format-standard","has-post-thumbnail","hentry","category-politics","tag-digi24"],"_links":{"self":[{"href":"https:\/\/analyse.optim.biz\/index.php?rest_route=\/wp\/v2\/posts\/187067","targetHints":{"allow":["GET"]}}],"collection":[{"href":"https:\/\/analyse.optim.biz\/index.php?rest_route=\/wp\/v2\/posts"}],"about":[{"href":"https:\/\/analyse.optim.biz\/index.php?rest_route=\/wp\/v2\/types\/post"}],"author":[{"embeddable":true,"href":"https:\/\/analyse.optim.biz\/index.php?rest_route=\/wp\/v2\/users\/1"}],"replies":[{"embeddable":true,"href":"https:\/\/analyse.optim.biz\/index.php?rest_route=%2Fwp%2Fv2%2Fcomments&post=187067"}],"version-history":[{"count":0,"href":"https:\/\/analyse.optim.biz\/index.php?rest_route=\/wp\/v2\/posts\/187067\/revisions"}],"wp:featuredmedia":[{"embeddable":true,"href":"https:\/\/analyse.optim.biz\/index.php?rest_route=\/wp\/v2\/media\/187068"}],"wp:attachment":[{"href":"https:\/\/analyse.optim.biz\/index.php?rest_route=%2Fwp%2Fv2%2Fmedia&parent=187067"}],"wp:term":[{"taxonomy":"category","embeddable":true,"href":"https:\/\/analyse.optim.biz\/index.php?rest_route=%2Fwp%2Fv2%2Fcategories&post=187067"},{"taxonomy":"post_tag","embeddable":true,"href":"https:\/\/analyse.optim.biz\/index.php?rest_route=%2Fwp%2Fv2%2Ftags&post=187067"}],"curies":[{"name":"wp","href":"https:\/\/api.w.org\/{rel}","templated":true}]}}