{"id":187053,"date":"2015-02-03T09:54:36","date_gmt":"2015-02-03T06:54:36","guid":{"rendered":"https:\/\/analyse.optim.biz\/?p=187053"},"modified":"2015-02-03T09:54:36","modified_gmt":"2015-02-03T06:54:36","slug":"victor-ponta-intrebat-cum-va-vota-psd-in-cazul-udrea-votam-toate-solicitarile-care-tin-de-fapte-penale","status":"publish","type":"post","link":"https:\/\/analyse.optim.biz\/?p=187053","title":{"rendered":"Victor Ponta, \u00eentrebat cum va vota PSD \u00een cazul Udrea: Vot\u0103m toate solicit\u0103rile care \u0163in de fapte penale"},"content":{"rendered":"<div class=\"entry data-app-meta data-app-meta-article\" data-embed-base-url-canonical=\"https:\/\/www.digi24.ro\/embed\/stiri\/actualitate\/politica\/victor-ponta-intrebat-cum-va-vota-psd-in-cazul-udrea-votam-toate-solicitarile-care-tin-de-fapte-penale-354868\">\n<p data-index=\"1\">\u00a0<img decoding=\"async\" src=\"https:\/\/analyse.optim.biz\/wp-content\/uploads\/2024\/09\/ztllyjbjzwexndninzexm2fin2fhzmrlnzk3zja-thumb_.jpg\" data-skip-htmlfix=\"1\" title=\"ztllyjbjzwexndninzexm2fin2fhzmrlnzk3zja-thumb_\"><\/p>\n<p data-index=\"2\">\u201e<span>Noi am adoptat o hot\u0103r\u00e2re a grupurilor parlamentare, week-end-ul trecut la Sinaia, \u015fi vom vota de fiecare dat\u0103 pentru toate solicit\u0103rile care \u0163in fie de fapte penale, fie de incompatibilit\u0103\u0163i, pentru c\u0103 sunt diverse cauze \u00een care s-a pronun\u0163at instan\u0163a definitiv \u015fi irevocabil pentru incompatibilit\u0103\u0163i \u015fi atunci sigur vom vota pentru\u201d, a declarat Victor Ponta.<\/span><\/p>\n<p data-index=\"3\"><a href=\"https:\/\/www.digi24.ro\/Stiri\/Digi24\/Actualitate\/Justitie\/Perchezitii+Gala+Bute+Rudel+Obreja\" target=\"_blank\" data-skip-linkfix=\"1\" rel=\"noopener\">Direc\u0163ia Na\u0163ional\u0103 Anticorup\u0163ie a cerut, ieri, aviz de la Parlament pentru urm\u0103rirea penal\u0103 a deputatului Elena Udrea<\/a>\u00a0\u015fi senatorului Ion Ariton, fost ministru al Economiei, \u00een dosarul \u201eGala Bute\u201d, \u00een care sunt suspecta\u0163i de fapte de corup\u0163ie.<\/p>\n<p data-index=\"4\">\u201e<strong>Faptele au leg\u0103tur\u0103 cu atribuirea \u015fi folosirea, presupus ilegale, a fondurilor din patrimoniul Ministerului Dezvolt\u0103rii Regionale \u015fi Turismului \u00een perioada 2010 &#8211; 2012<\/strong>\u201d, potrivit DNA.<\/p>\n<p data-index=\"5\">Potrivit procurorilor, Elena Udrea a luat decizia organiz\u0103rii Galei Bute, \u00een urma unor discu\u0163ii cu Rudel Obreja \u015fi le-a cerut subordona\u0163ilor s\u0103i de la Ministerul Dezvolt\u0103rii Regionale \u015fi Turismului s\u0103 g\u0103seasc\u0103 solu\u0163ii de \u00eencheiere a contractului privind finan\u0163area evenimentului, urm\u0103rind ob\u0163inerea unor beneficii electorale, prin asocierea imaginii sale cu cea a lui Lucian Bute.<\/p>\n<p data-index=\"6\"><a href=\"https:\/\/www.digi24.ro\/Stiri\/Digi24\/Actualitate\/Justitie\/DNA+Zece+companii+de+stat+au+sponsorizat+Gala+Bute+in+urma+inter\" data-skip-linkfix=\"1\">Fostul ministru al Economiei Ion Ariton este suspectat c\u0103 a determinat reprezentan\u0163ii a zece companii de stat<\/a>, printre care Hidroelectrica, Nuclearelectrica \u015fi Romgaz, s\u0103 sponsorizeze ilegal, cu suma total\u0103 de peste 1,7 milioane de lei, organizarea Galei Bute de c\u0103tre firma lui Rudel Oreja.<\/p>\n<h5><span>Citi\u021bi \u0219i:<\/span><\/h5>\n<h5><a href=\"https:\/\/www.digi24.ro\/Stiri\/Digi24\/Actualitate\/Justitie\/Dosarul+Gala+Bute+Fostul+consilier+al+Elenei+Udrea+Stefan+Lungu+\" data-skip-linkfix=\"1\"><span>Surse: Fo\u0219tii subalterni ai Elenei Udrea au colaborat cu procurorii DNA \u00een dosarul \u201eGala Bute\u201d<\/span><\/a><\/h5>\n<\/div>\n<p> Source URL: https:\/\/www.digi24.ro\/stiri\/actualitate\/politica\/victor-ponta-intrebat-cum-va-vota-psd-in-cazul-udrea-votam-toate-solicitarile-care-tin-de-fapte-penale-354868<\/p>\n","protected":false},"excerpt":{"rendered":"<p>\u00a0 \u201eNoi am adoptat o hot\u0103r\u00e2re a grupurilor parlamentare, week-end-ul trecut la Sinaia, \u015fi vom vota de fiecare dat\u0103 pentru toate solicit\u0103rile care \u0163in fie de fapte penale, fie de incompatibilit\u0103\u0163i, pentru c\u0103 sunt diverse cauze \u00een care s-a pronun\u0163at instan\u0163a definitiv \u015fi irevocabil pentru incompatibilit\u0103\u0163i \u015fi atunci sigur vom vota pentru\u201d, a declarat Victor [&hellip;]<\/p>\n","protected":false},"author":1,"featured_media":187054,"comment_status":"open","ping_status":"","sticky":false,"template":"","format":"standard","meta":{"footnotes":""},"categories":[2],"tags":[11],"class_list":["post-187053","post","type-post","status-publish","format-standard","has-post-thumbnail","hentry","category-politics","tag-digi24"],"_links":{"self":[{"href":"https:\/\/analyse.optim.biz\/index.php?rest_route=\/wp\/v2\/posts\/187053","targetHints":{"allow":["GET"]}}],"collection":[{"href":"https:\/\/analyse.optim.biz\/index.php?rest_route=\/wp\/v2\/posts"}],"about":[{"href":"https:\/\/analyse.optim.biz\/index.php?rest_route=\/wp\/v2\/types\/post"}],"author":[{"embeddable":true,"href":"https:\/\/analyse.optim.biz\/index.php?rest_route=\/wp\/v2\/users\/1"}],"replies":[{"embeddable":true,"href":"https:\/\/analyse.optim.biz\/index.php?rest_route=%2Fwp%2Fv2%2Fcomments&post=187053"}],"version-history":[{"count":0,"href":"https:\/\/analyse.optim.biz\/index.php?rest_route=\/wp\/v2\/posts\/187053\/revisions"}],"wp:featuredmedia":[{"embeddable":true,"href":"https:\/\/analyse.optim.biz\/index.php?rest_route=\/wp\/v2\/media\/187054"}],"wp:attachment":[{"href":"https:\/\/analyse.optim.biz\/index.php?rest_route=%2Fwp%2Fv2%2Fmedia&parent=187053"}],"wp:term":[{"taxonomy":"category","embeddable":true,"href":"https:\/\/analyse.optim.biz\/index.php?rest_route=%2Fwp%2Fv2%2Fcategories&post=187053"},{"taxonomy":"post_tag","embeddable":true,"href":"https:\/\/analyse.optim.biz\/index.php?rest_route=%2Fwp%2Fv2%2Ftags&post=187053"}],"curies":[{"name":"wp","href":"https:\/\/api.w.org\/{rel}","templated":true}]}}