{"id":187042,"date":"2015-02-03T10:50:12","date_gmt":"2015-02-03T07:50:12","guid":{"rendered":"https:\/\/analyse.optim.biz\/?p=187042"},"modified":"2015-02-03T10:50:12","modified_gmt":"2015-02-03T07:50:12","slug":"elena-udrea-din-nou-la-politie-si-daca-demisionez-trebuie-sa-mi-dea-aviz-domnul-iohannis","status":"publish","type":"post","link":"https:\/\/analyse.optim.biz\/?p=187042","title":{"rendered":"Elena Udrea, din nou la Poli\u021bie: \u201e\u0218i dac\u0103 demisionez,\u00a0trebuie s\u0103-mi dea aviz domnul Iohannis\u201d"},"content":{"rendered":"<div class=\"entry data-app-meta data-app-meta-article\" data-embed-base-url-canonical=\"https:\/\/www.digi24.ro\/embed\/stiri\/actualitate\/politica\/elena-udrea-din-nou-la-politie-si-daca-demisionez-trebuie-sa-mi-dea-aviz-domnul-iohannis-354887\">\n<p data-index=\"1\">\u201eLegat de dosarul Rudel Obreja, beneficiul ar fi fost electoral. Eu am vrut s\u0103 particip cu fonduri europene la promovarea Rom\u00e2niei pentru a avea beneficii de imagine. Deci, asta este miza: imaginea! Cine are o imagine mai bun\u0103: doamna Kovesi sau eu. Eu nu m\u0103 a\u0219tept s\u0103 fiu arestat\u0103, ci c\u0103 abuzurile nu m-ar mira s\u0103 se continue chiar \u0219i cu o asemenea \u00eencercare\u201d, a precizat Elena Udrea. Aceasta a precizat c\u0103 indiferent cine este dezv\u0103luirile f\u0103cute despre directorul interimar al SRI, Florian Coldea, ar trebui verificate.<\/p>\n<p data-index=\"2\"><strong>C\u00e2t despre demisie, Elena Udrea a spus c\u0103 ar demisiona \u0219i c\u0103 are nevoie de avizul pre\u0219edintelui Klaus Iohannis<\/strong>. \u201e\u0218i dac\u0103 demisionez, trebuie s\u0103-mi dea aviz domnul Iohannis\u201d, a spus Elena Udrea, preciz\u00e2nd c\u0103 nu se a\u0219teapt\u0103 la loialitate din partea nim\u0103nui. \u201e\u0218tiu c\u0103 \u00een acest demers am pornit singur\u0103. Dar \u0219i dac\u0103 a\u0219 fi cel mai r\u0103u om din Rom\u00e2nia lucrurile despre domnul Coldea trebuie verificate\u201d, a spus deputatul.\u00a0<\/p>\n<p data-index=\"3\"><strong>De altfel, Elena Udrea a anun\u021bat pe pagina sa de Facebook c\u0103 a renun\u021bat la contesta\u021bia\u00a0privind \u00eenceperea urm\u0103ririi penale \u015fi la m\u0103sura oblig\u0103rii de a nu p\u0103r\u0103si localitatea<\/strong>.<\/p>\n<p data-index=\"4\">\u201eA\u015fa cum am anun\u0163at ieri, tocmai mi-am retras contesta\u0163ia la \u00eenceperea urm\u0103ririi penale \u015fi la m\u0103sura oblig\u0103rii de a nu p\u0103r\u0103si localitatea, <strong>luate joi \u00eempotriva mea, contesta\u0163ie care urma s\u0103 se judece \u00een aceast\u0103 diminea\u0163\u0103 la ICCJ.<\/strong><\/p>\n<p data-index=\"5\"><strong>Din dou\u0103 motive: cred c\u0103 doamna procuror a fost de bun\u0103 credin\u0163\u0103 \u015fi probabil,<\/strong> dac\u0103 a\u015f fi dat pe loc declara\u0163ie nu ar fi dispus punerea mea sub control judiciar. Cu at\u00e2t mai mult cu c\u00e2t este sub o mare presiune, inclusiv mediatic\u0103; m\u0103 simt mai \u00een siguran\u0163\u0103 s\u0103 fiu supravegheat\u0103 de poli\u0163ie \u00een condi\u0163iile r\u0103zboiului pe care l-am pornit cu \u015feful interimar al SRI \u015fi s\u0103 merg de dou\u0103 ori pe s\u0103pt\u0103m\u00e2na la Sec\u0163ia 2\u201d, a scris Elena Udrea pe pagina sa de Facebook.<\/p>\n<\/div>\n<p> Source URL: https:\/\/www.digi24.ro\/stiri\/actualitate\/politica\/elena-udrea-din-nou-la-politie-si-daca-demisionez-trebuie-sa-mi-dea-aviz-domnul-iohannis-354887<\/p>\n","protected":false},"excerpt":{"rendered":"<p>\u201eLegat de dosarul Rudel Obreja, beneficiul ar fi fost electoral. Eu am vrut s\u0103 particip cu fonduri europene la promovarea Rom\u00e2niei pentru a avea beneficii de imagine. Deci, asta este miza: imaginea! Cine are o imagine mai bun\u0103: doamna Kovesi sau eu. Eu nu m\u0103 a\u0219tept s\u0103 fiu arestat\u0103, ci c\u0103 abuzurile nu m-ar mira [&hellip;]<\/p>\n","protected":false},"author":1,"featured_media":187043,"comment_status":"open","ping_status":"","sticky":false,"template":"","format":"standard","meta":{"footnotes":""},"categories":[2],"tags":[11],"class_list":["post-187042","post","type-post","status-publish","format-standard","has-post-thumbnail","hentry","category-politics","tag-digi24"],"_links":{"self":[{"href":"https:\/\/analyse.optim.biz\/index.php?rest_route=\/wp\/v2\/posts\/187042","targetHints":{"allow":["GET"]}}],"collection":[{"href":"https:\/\/analyse.optim.biz\/index.php?rest_route=\/wp\/v2\/posts"}],"about":[{"href":"https:\/\/analyse.optim.biz\/index.php?rest_route=\/wp\/v2\/types\/post"}],"author":[{"embeddable":true,"href":"https:\/\/analyse.optim.biz\/index.php?rest_route=\/wp\/v2\/users\/1"}],"replies":[{"embeddable":true,"href":"https:\/\/analyse.optim.biz\/index.php?rest_route=%2Fwp%2Fv2%2Fcomments&post=187042"}],"version-history":[{"count":0,"href":"https:\/\/analyse.optim.biz\/index.php?rest_route=\/wp\/v2\/posts\/187042\/revisions"}],"wp:featuredmedia":[{"embeddable":true,"href":"https:\/\/analyse.optim.biz\/index.php?rest_route=\/wp\/v2\/media\/187043"}],"wp:attachment":[{"href":"https:\/\/analyse.optim.biz\/index.php?rest_route=%2Fwp%2Fv2%2Fmedia&parent=187042"}],"wp:term":[{"taxonomy":"category","embeddable":true,"href":"https:\/\/analyse.optim.biz\/index.php?rest_route=%2Fwp%2Fv2%2Fcategories&post=187042"},{"taxonomy":"post_tag","embeddable":true,"href":"https:\/\/analyse.optim.biz\/index.php?rest_route=%2Fwp%2Fv2%2Ftags&post=187042"}],"curies":[{"name":"wp","href":"https:\/\/api.w.org\/{rel}","templated":true}]}}