{"id":187036,"date":"2015-02-03T12:11:31","date_gmt":"2015-02-03T09:11:31","guid":{"rendered":"https:\/\/analyse.optim.biz\/?p=187036"},"modified":"2015-02-03T12:11:31","modified_gmt":"2015-02-03T09:11:31","slug":"alina-gorghiu-ii-cere-lui-victor-ponta-sa-stabileasca-alegeri-partiale-ascundeti-rusinos-urnele-de-vot","status":"publish","type":"post","link":"https:\/\/analyse.optim.biz\/?p=187036","title":{"rendered":"Alina Gorghiu \u00eei cere lui Victor Ponta s\u0103 stabileasc\u0103 alegeri par\u021biale: \u201eAscunde\u021bi, ru\u0219inos, urnele de vot\u201d"},"content":{"rendered":"<div class=\"entry data-app-meta data-app-meta-article\" data-embed-base-url-canonical=\"https:\/\/www.digi24.ro\/embed\/stiri\/actualitate\/politica\/alina-gorghiu-ii-cere-lui-victor-ponta-sa-stabileasca-alegeri-partiale-ascundeti-rusinos-urnele-de-vot-354941\">\n<p data-index=\"1\">\u00a0<img decoding=\"async\" src=\"https:\/\/analyse.optim.biz\/wp-content\/uploads\/2024\/09\/yxnopwi3ywi4odq4njvizdaxyzflmdljntg0mme0mzq3nzi0-thumb_.jpg\" data-skip-htmlfix=\"1\" title=\"yxnopwi3ywi4odq4njvizdaxyzflmdljntg0mme0mzq3nzi0-thumb_\"><\/p>\n<p data-index=\"2\">Scrisoarea deschis\u0103 reprezint\u0103, potrivit Alinei Gorghiu, o <strong>\u201eultim\u0103 \u00eencercare de a-l convinge pe premier s\u0103 respecte legile \u015fi Constitu\u0163ia\u201d<\/strong>.<\/p>\n<p data-index=\"3\">Copre\u015fedintele PNL precizeaz\u0103 c\u0103, \u00eenaintea alegerilor preziden\u0163iale din 2014, premierul Ponta a dat o Ordonan\u0163\u0103 de urgen\u0163\u0103 prin care legaliza temporar traseismul politic.<\/p>\n<p data-index=\"4\">\u201e<strong>V-a\u0163i asigurat, cu for\u0163a, un supliment de peste 400 de primari \u015fi tot a\u0163i pierdut alegerile.<\/strong> Curtea Constitu\u0163ional\u0103 a caracterizat aceast\u0103 ac\u0163iune politic\u0103 ca fiind una direc\u0163ionat\u0103 \u00eempotriva statului de drept \u015fi o deturnare a voin\u0163ei electoratului. <strong>\u00cen cele dou\u0103 tururi de scrutin din noiembrie 2014, a\u0163i umilit sute de mii de rom\u00e2ni, din afara Rom\u00e2niei, cu acela\u015fi rezultat: a\u0163i pierdut alegerile. Acum, \u00eenc\u0103lca\u0163i legea \u00een cazul alegerilor par\u0163iale \u015fi bloca\u0163i dreptul la vot al celor din \u0163ar\u0103<\/strong>, iar peste dou\u0103 milioane de rom\u00e2ni nu au reprezentan\u0163i ale\u015fi \u00een fruntea comunit\u0103\u0163ilor \u00een care tr\u0103iesc\u201d, precizeaz\u0103 Alina Gorghiu \u00een scrisoarea deschis\u0103.<\/p>\n<p data-index=\"5\">Ea men\u0163ioneaz\u0103 c\u0103 lui\u00a0Victor Ponta\u00a0\u00eei este \u201eteam\u0103, ca \u015fi anul trecut, c\u0103 va pierde alegerile\u201d.<\/p>\n<p data-index=\"6\">\u201eAdev\u0103rul este c\u0103 tocmai aceast\u0103 team\u0103 a dumneavoastr\u0103 i-a f\u0103cut pe rom\u00e2ni s\u0103 \u00een\u0163eleag\u0103 p\u00e2n\u0103 unde pute\u0163i merge pentru a r\u0103m\u00e2ne la putere. Sunte\u0163i \u00een stare s\u0103 \u00eenc\u0103lca\u0163i Constitu\u0163ia, legile Rom\u00e2niei \u015fi drepturile cet\u0103\u0163ene\u015fti pentru a v\u0103 atinge obiectivele politice personale. De aceea, ve\u0163i pierde \u00een continuare\u201d, mai spune Gorghiu.<\/p>\n<p data-index=\"7\">Copre\u015fedintele PNL afirm\u0103 c\u0103 a epuizat toate etapele politice pentru a-l determina pe premier s\u0103 intre \u00een legalitate \u015fi s\u0103 organizeze alegerile par\u0163iale.<\/p>\n<p data-index=\"8\">\u201eAm \u00eencercat s\u0103 v\u0103 convingem c\u0103 nu totul se \u00eenv\u00e2rte \u00een jurul dumneavoastr\u0103, c\u0103 dou\u0103 milioane de rom\u00e2ni au de suferit \u00een plan local, acolo unde nu mai exist\u0103 autoritate, organizare \u015fi voin\u0163\u0103 politic\u0103 de rezolvare a problemelor specifice. Sunt convins\u0103 c\u0103 \u00een situa\u0163ia \u00een care, spre exemplu, Bucure\u015ftiul ar fi r\u0103mas f\u0103r\u0103 primar, nu v-a\u0163i fi permis s\u0103 l\u0103sa\u0163i Capitala Rom\u00e2niei un an sau aproape doi ani f\u0103r\u0103 conducere. Noii dumneavoastr\u0103 consilieri de imagine, cei care acum \u00eel construiesc pe noul Victor Ponta, v-ar fi convins c\u0103 <strong>\u201eNU D\u0102 BINE\u201d<\/strong>.<\/p>\n<p data-index=\"9\">Potrivit Alinei Gorghiu, \u201efiecare rom\u00e2n este la fel de important, iar fiecare comunitate trebuie tratat\u0103 cu un egal respect\u201d, ea transmi\u0163\u00e2ndu-i premierului c\u0103 ar prefera \u201es\u0103 nu ajung\u0103 \u00een situa\u0163ia de a ac\u0163iona \u00een justi\u0163ie, pentru a pune legea pe masa Guvernului\u201d.<\/p>\n<p data-index=\"10\">\u201e<strong>A\u015f prefera s\u0103 reveni\u0163i \u00een legalitate, a\u015fa cum v\u0103 solicit\u0103m de la \u00eenceputul anului, s\u0103 nu mai pierdem timpul cet\u0103\u0163enilor<\/strong>. \u00cenainte de a apela la justi\u0163ie, fac o ultim\u0103 \u00eencercare de a v\u0103 convinge s\u0103 respecta\u0163i legile \u015fi Constitu\u0163ia. Ave\u0163i ocazia, m\u00e2ine, \u00een cadrul \u015fedin\u0163ei de Guvern, s\u0103 face\u0163i ce trebuie ca prim-ministru. \u00cen caz contrar, imediat ce vom avea toate r\u0103spunsurile necesare de la autorit\u0103\u0163ile publice, vom ataca \u00een contencios administrativ refuzul Guvernului de a organiza alegerile par\u0163iale, acolo unde func\u0163iile publice au devenit vacante\u201d, anun\u0163\u0103 Gorghiu \u00een scrisoarea deschis\u0103 adresat\u0103 premierului, potrivit Mediafax.<\/p>\n<p data-index=\"11\">\u201eDeznod\u0103m\u00e2ntul nu poate fi dec\u00e2t unul, ca \u015fi \u00een cazul Ordonan\u0163ei traseismului. Legea e doar una, la fel \u015fi Constitu\u0163ia. Nu a\u015ftepta\u0163i iar s\u0103 fi\u0163i obligat pentru a v\u0103 \u00eendeplini atribu\u0163iile. <strong>V\u0103 teme\u0163i de rezultatul alegerilor, dar mai bine pierde\u0163i curajos (a\u015fa cum se poate \u00eent\u00e2mpla \u015fi \u00een cazul nostru) dec\u00e2t s\u0103 ascunde\u0163i, ru\u015finos, urnele de vot<\/strong>. Pute\u0163i \u00eencerca s\u0103 face\u0163i \u015fi ceea ce e bine, nu doar ceea ce d\u0103 bine. M\u0103car acum, c\u00e2nd chiar nu mai ave\u0163i ce s\u0103 pierde\u0163i. Organiza\u0163i alegerile par\u0163iale, l\u0103sa\u0163i oameni s\u0103 voteze!\u201d, se mai arat\u0103 \u00een scrisoarea copre\u015fedintelui PNL.<\/p>\n<p data-index=\"12\">Subiectul organiz\u0103rii alegerilor par\u0163iale s-a aflat \u015fi pe agenda discu\u0163iilor pre\u015fedintelui\u00a0Klaus Iohannis\u00a0cu partidele parlamentare, s\u0103pt\u0103m\u00e2na trecut\u0103, la Palatul Cotroceni.<\/p>\n<p data-index=\"13\">Alina Gorghiu\u00a0a declarat, atunci, dup\u0103 consult\u0103ri, c\u0103 un subiect discutat cu \u015feful statului a privit refuzul Guvernului de a organiza alegeri par\u0163iale pentru o serie de mandate vacante din administra\u0163ia public\u0103 local\u0103.\u00a0<\/p>\n<\/div>\n<p> Source URL: https:\/\/www.digi24.ro\/stiri\/actualitate\/politica\/alina-gorghiu-ii-cere-lui-victor-ponta-sa-stabileasca-alegeri-partiale-ascundeti-rusinos-urnele-de-vot-354941<\/p>\n","protected":false},"excerpt":{"rendered":"<p>\u00a0 Scrisoarea deschis\u0103 reprezint\u0103, potrivit Alinei Gorghiu, o \u201eultim\u0103 \u00eencercare de a-l convinge pe premier s\u0103 respecte legile \u015fi Constitu\u0163ia\u201d. Copre\u015fedintele PNL precizeaz\u0103 c\u0103, \u00eenaintea alegerilor preziden\u0163iale din 2014, premierul Ponta a dat o Ordonan\u0163\u0103 de urgen\u0163\u0103 prin care legaliza temporar traseismul politic. \u201eV-a\u0163i asigurat, cu for\u0163a, un supliment de peste 400 de primari \u015fi [&hellip;]<\/p>\n","protected":false},"author":1,"featured_media":187037,"comment_status":"open","ping_status":"","sticky":false,"template":"","format":"standard","meta":{"footnotes":""},"categories":[2],"tags":[11],"class_list":["post-187036","post","type-post","status-publish","format-standard","has-post-thumbnail","hentry","category-politics","tag-digi24"],"_links":{"self":[{"href":"https:\/\/analyse.optim.biz\/index.php?rest_route=\/wp\/v2\/posts\/187036","targetHints":{"allow":["GET"]}}],"collection":[{"href":"https:\/\/analyse.optim.biz\/index.php?rest_route=\/wp\/v2\/posts"}],"about":[{"href":"https:\/\/analyse.optim.biz\/index.php?rest_route=\/wp\/v2\/types\/post"}],"author":[{"embeddable":true,"href":"https:\/\/analyse.optim.biz\/index.php?rest_route=\/wp\/v2\/users\/1"}],"replies":[{"embeddable":true,"href":"https:\/\/analyse.optim.biz\/index.php?rest_route=%2Fwp%2Fv2%2Fcomments&post=187036"}],"version-history":[{"count":0,"href":"https:\/\/analyse.optim.biz\/index.php?rest_route=\/wp\/v2\/posts\/187036\/revisions"}],"wp:featuredmedia":[{"embeddable":true,"href":"https:\/\/analyse.optim.biz\/index.php?rest_route=\/wp\/v2\/media\/187037"}],"wp:attachment":[{"href":"https:\/\/analyse.optim.biz\/index.php?rest_route=%2Fwp%2Fv2%2Fmedia&parent=187036"}],"wp:term":[{"taxonomy":"category","embeddable":true,"href":"https:\/\/analyse.optim.biz\/index.php?rest_route=%2Fwp%2Fv2%2Fcategories&post=187036"},{"taxonomy":"post_tag","embeddable":true,"href":"https:\/\/analyse.optim.biz\/index.php?rest_route=%2Fwp%2Fv2%2Ftags&post=187036"}],"curies":[{"name":"wp","href":"https:\/\/api.w.org\/{rel}","templated":true}]}}