{"id":187025,"date":"2015-02-03T15:42:15","date_gmt":"2015-02-03T12:42:15","guid":{"rendered":"https:\/\/analyse.optim.biz\/?p=187025"},"modified":"2015-02-03T15:42:15","modified_gmt":"2015-02-03T12:42:15","slug":"reactia-lui-toni-grebla-la-afirmatiile-elenei-udrea-cum-ca-el-ar-fi-o-victima-a-sri","status":"publish","type":"post","link":"https:\/\/analyse.optim.biz\/?p=187025","title":{"rendered":"Reac\u021bia lui Toni Grebl\u0103 la afirma\u021biile Elenei Udrea cum c\u0103 el ar fi o victim\u0103 a SRI"},"content":{"rendered":"<div class=\"entry data-app-meta data-app-meta-article\" data-embed-base-url-canonical=\"https:\/\/www.digi24.ro\/embed\/stiri\/actualitate\/politica\/reactia-lui-toni-grebla-la-afirmatiile-elenei-udrea-cum-ca-el-ar-fi-o-victima-a-sri-355126\">\n<p data-index=\"1\">\u201e<span>Eu nu am discutat de patru ani de zile, probabil, cu doamna Elena Udrea \u0219i nu fac niciun fel de comentariu cu privire la afirma\u021biile f\u0103cute de d\u00e2nsa. Dac\u0103 le-a f\u0103cut, probabil c\u0103 le sus\u021bine\u201d, a declarat Toni Grebl\u0103, la <strong>Digi24<\/strong>.<\/span><\/p>\n<p data-index=\"2\">\u00centrebat dac\u0103 se reg\u0103se\u0219te \u00een ipostaza de victim\u0103, judec\u0103torul CCR a r\u0103spuns: \u201eDac\u0103 a\u0219 \u00eencerca s\u0103 par victim\u0103, ar \u00eensemna s\u0103 m\u0103 decredibilizez. Eu \u0219i toat\u0103 activitatea pe care am desf\u0103\u0219urat-o p\u00e2n\u0103 \u00een prezent. N-am fost adeptul campaniilor, ci al ac\u021biunii temeinice, de prevenire, combaterea fiind o parte subsecvent\u0103, foarte important\u0103, dar nu singura. Dac\u0103 nu exist\u0103 ac\u021biunea de prevenire a corup\u021biei, aceste activit\u0103\u021bi vor continua \u0219i \u00een viitor. \u00cemi men\u021bin pozi\u021bia pe care am avut-o, c\u0103 \u00een campaniile din toate domeniile trebuie s\u0103 existe \u0219i pagube colaterale\u201d.<\/p>\n<h5>Citi\u021bi \u0219i: <a href=\"https:\/\/www.digi24.ro\/Stiri\/Digi24\/Actualitate\/Justitie\/DNA+cere+aviz+pentru+arestarea+lui+Toni+Grebla\" data-skip-linkfix=\"1\">DNA extinde cercet\u0103rile \u00een cazul lui Toni Grebl\u0103. Reac\u021bia judec\u0103torului CCR la Digi24\u00a0<\/a><\/h5>\n<p data-index=\"3\">\u00centr-un <a href=\"https:\/\/www.digi24.ro\/Stiri\/Digi24\/Actualitate\/Justitie\/Sefii+DNA+si+SRI+reclamati+de+Elena+Udrea+Florian+Coldea\" data-skip-linkfix=\"1\">interviu acordat vineri pentru HotNews<\/a>, Elena Udrea a l\u0103sat s\u0103 se \u00een\u021beleag\u0103 c\u0103 Toni Grebl\u0103 ar fi o victim\u0103 a SRI. Red\u0103m pasajele \u00een care Elena Udrea men\u021bioneaz\u0103 numele judec\u0103torului CCR:<\/p>\n<p data-index=\"4\">\u201eCristian Pantazi: Inainte sa trecem la realitatea relatiei din cuplul dvs, care e teoria dvs. legata de modul in care ati fost implicata? Care e adevarul dvs?<\/p>\n<p data-index=\"5\">Elena Udrea:\u00a0Incepusem prin a va spune ca intr-o tara in care pe oricine aproape ai putea sa acuzi in orice moment, cel care are catusele este si cel care conduce Romania. Ganditi-va cine ar avea curaj sa se opuna sau care dintre oamenii politici ii vedeti ca au curaj sa abordeze frontal acest subiect al finantarii partidelor politice sau al finantarii campaniilor electorale? Nimeni, toata lumea se ascunde, desi stim cu totii ca in mare parte exact asa procedeaza oricine candideaza si asa procedeaza orice partid. Care politician il vedeti in comisia de supraveghere a serviciilor secrete capabil sa initieze cu adevarat un control asupra activitatii acestor servicii, cand aproape toti de acolo oameni politici pot fi, ca dl. Grebla, chemati a doua zi la parchet.\u00a0<\/p>\n<p data-index=\"6\">(&#8230;)<\/p>\n<p data-index=\"7\">Elena Udrea:\u00a0\u2026 la nivel institutional, de foarte multe ori l-am vazut materializandu-se in acele referiri: Caz rezolvat cu sprijinul SRI. Care nu mai apar de cand Traian Basescu a remarcat ca nu este normal sa apara permanent.<\/p>\n<p data-index=\"8\">Dan Tapalaga: Chiar in cazul dvs. a aparut aceasta mentiune.<\/p>\n<p data-index=\"9\">Elena Udrea:\u00a0Nu mai stiu.\u00a0<\/p>\n<p data-index=\"10\">Cristian Pantazi: Si la comunicatele de astazi.\u00a0<\/p>\n<p data-index=\"11\">Dan Tapalaga: Aceasta mentiune a aparut inclusiv in punerea sub acuzare in ce va priveste.\u00a0<\/p>\n<p data-index=\"12\">Elena Udrea:\u00a0Aha. Bun. Deci, dupa ce a aparut presedintele la momentul acela si a spus ca nu este normal, pentru ca foarte multi oameni de afaceri au inteles mesajul ca cei care detin toate informatiile sunt cei de la SRI, avand in vedere ca DNA-ul lucreaza cu informatii de la SRI, si ca urmare au incercat &#8211; si asta va spun eu &#8211; au incercat sa isi gaseasca intrare la SRI, deci dupa ce a fost aceasta remarca a domnului presedinte, imi amintesc ca o vreme nu a mai aparut. Daca acum spuneti ca a aparut din nou, nu am remarcat. Daca aceasta colaborare este institutionala, este corecta. Numai ca daca si procurorii, si magistratii sunt oameni, si inca o data, va dau un exemplu celebru: dl judecator Grebla. Si va spun ca este evident ca atunci cand cei de la SRI detin informatii despre toti, inclusiv despre judecatori si procurori, daca relatia dintre SRI si procurori este una prin care, la o adica, SRI-ul poate face presiuni intr-un fel sau in altul asupra magistratilor, atunci iarasi avem de-a face cu un abuz.\u201d<\/p>\n<\/div>\n<p> Source URL: https:\/\/www.digi24.ro\/stiri\/actualitate\/politica\/reactia-lui-toni-grebla-la-afirmatiile-elenei-udrea-cum-ca-el-ar-fi-o-victima-a-sri-355126<\/p>\n","protected":false},"excerpt":{"rendered":"<p>\u201eEu nu am discutat de patru ani de zile, probabil, cu doamna Elena Udrea \u0219i nu fac niciun fel de comentariu cu privire la afirma\u021biile f\u0103cute de d\u00e2nsa. Dac\u0103 le-a f\u0103cut, probabil c\u0103 le sus\u021bine\u201d, a declarat Toni Grebl\u0103, la Digi24. \u00centrebat dac\u0103 se reg\u0103se\u0219te \u00een ipostaza de victim\u0103, judec\u0103torul CCR a r\u0103spuns: \u201eDac\u0103 a\u0219 [&hellip;]<\/p>\n","protected":false},"author":1,"featured_media":187026,"comment_status":"open","ping_status":"","sticky":false,"template":"","format":"standard","meta":{"footnotes":""},"categories":[2],"tags":[11],"class_list":["post-187025","post","type-post","status-publish","format-standard","has-post-thumbnail","hentry","category-politics","tag-digi24"],"_links":{"self":[{"href":"https:\/\/analyse.optim.biz\/index.php?rest_route=\/wp\/v2\/posts\/187025","targetHints":{"allow":["GET"]}}],"collection":[{"href":"https:\/\/analyse.optim.biz\/index.php?rest_route=\/wp\/v2\/posts"}],"about":[{"href":"https:\/\/analyse.optim.biz\/index.php?rest_route=\/wp\/v2\/types\/post"}],"author":[{"embeddable":true,"href":"https:\/\/analyse.optim.biz\/index.php?rest_route=\/wp\/v2\/users\/1"}],"replies":[{"embeddable":true,"href":"https:\/\/analyse.optim.biz\/index.php?rest_route=%2Fwp%2Fv2%2Fcomments&post=187025"}],"version-history":[{"count":0,"href":"https:\/\/analyse.optim.biz\/index.php?rest_route=\/wp\/v2\/posts\/187025\/revisions"}],"wp:featuredmedia":[{"embeddable":true,"href":"https:\/\/analyse.optim.biz\/index.php?rest_route=\/wp\/v2\/media\/187026"}],"wp:attachment":[{"href":"https:\/\/analyse.optim.biz\/index.php?rest_route=%2Fwp%2Fv2%2Fmedia&parent=187025"}],"wp:term":[{"taxonomy":"category","embeddable":true,"href":"https:\/\/analyse.optim.biz\/index.php?rest_route=%2Fwp%2Fv2%2Fcategories&post=187025"},{"taxonomy":"post_tag","embeddable":true,"href":"https:\/\/analyse.optim.biz\/index.php?rest_route=%2Fwp%2Fv2%2Ftags&post=187025"}],"curies":[{"name":"wp","href":"https:\/\/api.w.org\/{rel}","templated":true}]}}